{"id":25125,"date":"2023-02-27T09:23:47","date_gmt":"2023-02-27T09:23:47","guid":{"rendered":"https:\/\/www.automakersnews.cz\/?p=25125"},"modified":"2023-02-27T10:37:23","modified_gmt":"2023-02-27T10:37:23","slug":"alcar-poradal-zabijackove-hody-v-nupakach","status":"publish","type":"post","link":"https:\/\/www.automakersnews.cz\/index.php\/2023\/02\/27\/alcar-poradal-zabijackove-hody-v-nupakach\/","title":{"rendered":"Alcar m\u011bl zabija\u010dkov\u00e9 hody v Nupak\u00e1ch"},"content":{"rendered":"<p><strong>\u0160\u00e9f Alcaru Bohemia Libor Rajdl sezval na p\u00e1tek 24. \u00fanora partnery na tradi\u010dn\u00ed vep\u0159ov\u00e9 hody. Po roce se tak op\u011bt potkali lid\u00e9 z autobyznysu, p\u0159edev\u0161\u00edm klienti spole\u010dnosti, ale tak\u00e9 novin\u00e1\u0159i a zam\u011bstnanci firmy.<\/strong><!--more--><\/p>\n<p>Na tiskov\u00e9 konferenci krom\u011b toho p\u0159edvedl novin\u00e1\u0159\u016fm dev\u011bt nov\u00fdch dez\u00e9n\u016f lit\u00fdch kol p\u0159ipraven\u00fdch Alcarem pro jarn\u00ed sezonu.<\/p>\n<p><img loading=\"lazy\" decoding=\"async\" class=\"alignnone size-large wp-image-25128\" src=\"http:\/\/www.automakersnews.cz\/wp-content\/uploads\/2023\/02\/Alcar-Rajdl-TK-smaller-1024x768.jpg\" alt=\"\" width=\"1024\" height=\"768\" \/><\/p>\n<p>Pr\u00e9miov\u00e9 zna\u010dky AEZ a DOTZ si p\u0159ichystaly pro rok 2023 celkem dev\u011bt nov\u00fdch design\u016f lit\u00fdch kol. Novinky jsou pro mnoho voz\u016f k m\u00e1n\u00ed se schv\u00e1len\u00edm ECE v origin\u00e1ln\u00edm rozm\u011bru, kter\u00fd nen\u00ed t\u0159eba zapisovat do TP vozidla.<\/p>\n<p>V\u00edcepaprskov\u00e9 kolo AEZ Alaska je na m\u00edru vytvo\u0159eno pro elektrick\u00e9 sportovn\u00ed vozy Porsche Taycan a Audi e-tron GT. Ve dvou barevn\u00fdch variant\u00e1ch s leskle \u010dern\u00fdm lakov\u00e1n\u00edm a v kombinaci \u010dern\u00e9ho laku a le\u0161t\u011bn\u00e9 \u010deln\u00ed plochy nab\u00edz\u00ed mo\u017enost individu\u00e1ln\u00edho zkr\u00e1\u0161len\u00ed t\u011bchto futuristick\u00fdch pr\u00e9miov\u00fdch voz\u016f. V rozm\u011brech od 9&#215;20 do 11,5&#215;21 palc\u016f je design AEZ Alaska schv\u00e1len pro tyto elektromobily v origin\u00e1ln\u00edch rozm\u011brech. Sportovn\u00ed elektromobily dopln\u00ed sv\u00fdm mohutn\u00fdm vzhledem a d\u00edky optimalizovan\u00e9 hmotnosti podpo\u0159\u00ed i jejich agilitu.<\/p>\n<p>AEZ Montreal je design s dvojit\u00fdmi paprsky, kter\u00fd je k dispozici ve dvou barevn\u00fdch proveden\u00edch s leskle \u010dern\u00fdm lakov\u00e1n\u00edm a v kombinaci \u010dern\u00e9ho laku a le\u0161t\u011bn\u00e9 \u010deln\u00ed plochy. Druh\u00e1 novinka od AEZ m\u00e1 \u0161irok\u00e9 spektrum aplikac\u00ed v\u010detn\u011b asijsk\u00fdch a francouzsk\u00fdch zna\u010dek automobil\u016f. AEZ Montreal je k dispozici v rozm\u011brech od 7&#215;18 do 8,5&#215;20 palc\u016f a i d\u00edky polo\u017ek\u00e1m v origin\u00e1ln\u00edch rozm\u011brech m\u016f\u017ee kompaktn\u00ed st\u0159edov\u00e1 \u010d\u00e1st tvo\u0159\u00ed s \u00fazk\u00fdmi paprsky vylep\u0161it design mnoha automobil\u016f.<\/p>\n<p>Extravagantn\u00ed design p\u0159ek\u0159\u00ed\u017een\u00fdch paprsk\u016f DOTZ Fuji se py\u0161n\u00ed konstrukc\u00ed se sn\u00ed\u017eenou hmotnost\u00ed. Sportovn\u00ed lit\u00e9 kolo je k dispozici v rozm\u011brech od 7,5&#215;18 do 9&#215;20 palc\u016f. Sv\u00fdm atraktivn\u00edm vzhledem dopln\u00ed mnoho model\u016f kompaktn\u00ed a st\u0159edn\u00ed t\u0159\u00eddy jako je BMW \u0159ady 5, Cupra Born, Mercedes t\u0159\u00eddy C, Seat Ateca, \u0160koda Octavia, VW Golf a mnoho dal\u0161\u00edch. Varianta s leskl\u00fdm zlat\u00fdm lakem dod\u00e1 automobilu jedine\u010dn\u00fd v\u00fdraz. Krom\u011b toho je DOTZ Fuji k dispozici tak\u00e9 v povrchov\u00e9 \u00faprav\u011b s \u0161ed\u00fdm metalick\u00fdm lakem a s \u010dern\u00fdm lakem dopln\u011bn\u00fdm le\u0161t\u011bnou \u010deln\u00ed plochou. D\u00edky variant\u011b se 4d\u011brov\u00fdm proveden\u00edm se kolo v rozm\u011bru 18 palc\u016f perfektn\u011b hod\u00ed tak\u00e9 pro vozy Stellantis Group (Fiat, Citroen, Peugeot). Um\u011bn\u00ed designu se tu zhmot\u0148uje v odlit\u00e9m v\u00fdrobku.<\/p>\n<p>LongBeach je prvn\u00ed design od zna\u010dky DOTZ vyvinut\u00fd na m\u00edru pro vozy SUV. Motorist\u00e9 si mohou vybrat ze dvou barevn\u00fdch variant tohoto designu s paprsky ve tvaru Y. LongBeach je dokonal\u00fdm spole\u010dn\u00edkem pro st\u0159edn\u00ed i velk\u00e9 z\u00e1stupce t\u0159\u00eddy SUV od Audi a\u017e po Volvo. V rozm\u011brech 9&#215;20 a\u017e 10,5&#215;22 palc\u016f a s nosnost\u00ed a\u017e 1 054 kg je DOTZ LongBeach pro tyto vozy perfektn\u00edm \u0159e\u0161en\u00edm i d\u00edky mnoha aplikac\u00edm v origin\u00e1ln\u00edch rozm\u011brech. Vysok\u00e1 nosnost a rozm\u011bry od 18 do 20 palc\u016f umo\u017e\u0148uj\u00ed vy\u0161perkovat design mnoha automobil\u016f v\u010detn\u011b asijsk\u00fdch a francouzsk\u00fdch model\u016f, jak\u00fdmi jsou Toyota RAV4, Kia Sorento nebo Renault Megane E-Tech.<\/p>\n<p>Motorist\u00e9 si mohou v\u0161echny novinky, kter\u00e9 se py\u0161n\u00ed t\u0159\u00edletou z\u00e1rukou, prohl\u00e9dnout p\u0159\u00edmo na sv\u00e9m modelu automobilu ji\u017e te\u010f v unik\u00e1tn\u00edm ALCAR 3D konfigur\u00e1tor kol na <a href=\"http:\/\/www.alcar.cz\">www.alcar.cz<\/a>. K\u00a0sad\u011b lit\u00fdch kol AEZ nebo DOTZ mohou motorist\u00e9 z\u00edskat praktick\u00fd bonus nav\u00edc. V\u00a0p\u0159\u00edpad\u011b, \u017ee si k\u00a0jak\u00e9mukoliv designu od zna\u010dky AEZ nebo DOTZ objednaj\u00ed ke kol\u016fm bezpe\u010dnostn\u00ed \u0161rouby \u010di matice Sicuplus, dostanou je od ALCARu zdarma. Akce plat\u00ed od 1. 3. do 30. 6. 2023.<\/p>\n<p><strong>TMPS pro n\u00e1kla\u010f\u00e1ky a motorky<\/strong><\/p>\n<p>Mana\u017ee\u0159i Alcaru tak\u00e9 p\u0159edstavili komplexn\u00ed \u0159e\u0161en\u00ed TMPS pro n\u00e1kladn\u00ed auta a motocykly.<\/p>\n<figure id=\"attachment_25127\" aria-describedby=\"caption-attachment-25127\" style=\"width: 1024px\" class=\"wp-caption alignnone\"><img loading=\"lazy\" decoding=\"async\" class=\"size-large wp-image-25127\" src=\"http:\/\/www.automakersnews.cz\/wp-content\/uploads\/2023\/02\/Alcar-zabijacka-1024x575.jpg\" alt=\"\" width=\"1024\" height=\"575\" srcset=\"https:\/\/www.automakersnews.cz\/wp-content\/uploads\/2023\/02\/Alcar-zabijacka-1024x575.jpg 1024w, https:\/\/www.automakersnews.cz\/wp-content\/uploads\/2023\/02\/Alcar-zabijacka-300x168.jpg 300w, https:\/\/www.automakersnews.cz\/wp-content\/uploads\/2023\/02\/Alcar-zabijacka-768x431.jpg 768w, https:\/\/www.automakersnews.cz\/wp-content\/uploads\/2023\/02\/Alcar-zabijacka-678x381.jpg 678w, https:\/\/www.automakersnews.cz\/wp-content\/uploads\/2023\/02\/Alcar-zabijacka.jpg 1179w\" sizes=\"auto, (max-width: 1024px) 100vw, 1024px\" \/><figcaption id=\"caption-attachment-25127\" class=\"wp-caption-text\">Na zabija\u010dkov\u00e9m menu nechyb\u011bly ovar, \u010dern\u00e1 pol\u00e9vka, klob\u00e1sy, jitrnice a jelita, krkovi\u010dka, prase\u010d\u00ed srdce a tla\u010denka!<\/figcaption><\/figure>\n<p><img loading=\"lazy\" decoding=\"async\" class=\"alignnone size-large wp-image-25129\" src=\"http:\/\/www.automakersnews.cz\/wp-content\/uploads\/2023\/02\/Alcar-zabijacka-fronta-novinari-1024x575.jpg\" alt=\"\" width=\"1024\" height=\"575\" srcset=\"https:\/\/www.automakersnews.cz\/wp-content\/uploads\/2023\/02\/Alcar-zabijacka-fronta-novinari-1024x575.jpg 1024w, https:\/\/www.automakersnews.cz\/wp-content\/uploads\/2023\/02\/Alcar-zabijacka-fronta-novinari-300x168.jpg 300w, https:\/\/www.automakersnews.cz\/wp-content\/uploads\/2023\/02\/Alcar-zabijacka-fronta-novinari-768x431.jpg 768w, https:\/\/www.automakersnews.cz\/wp-content\/uploads\/2023\/02\/Alcar-zabijacka-fronta-novinari-678x381.jpg 678w, https:\/\/www.automakersnews.cz\/wp-content\/uploads\/2023\/02\/Alcar-zabijacka-fronta-novinari.jpg 1179w\" sizes=\"auto, (max-width: 1024px) 100vw, 1024px\" \/><\/p>\n<p><img loading=\"lazy\" decoding=\"async\" class=\"alignnone size-large wp-image-25132\" src=\"http:\/\/www.automakersnews.cz\/wp-content\/uploads\/2023\/02\/Alcar-zabijacka-2023-1024x576.jpg\" alt=\"\" width=\"1024\" height=\"576\" \/><\/p>\n","protected":false},"excerpt":{"rendered":"<div class=\"mh-excerpt\"><p>\u0160\u00e9f Alcaru Bohemia Libor Rajdl sezval na p\u00e1tek 24. \u00fanora partnery na tradi\u010dn\u00ed vep\u0159ov\u00e9 hody. Po roce se tak op\u011bt potkali lid\u00e9 z autobyznysu, p\u0159edev\u0161\u00edm <a class=\"mh-excerpt-more\" href=\"https:\/\/www.automakersnews.cz\/index.php\/2023\/02\/27\/alcar-poradal-zabijackove-hody-v-nupakach\/\" title=\"Alcar m\u011bl zabija\u010dkov\u00e9 hody v Nupak\u00e1ch\">[&#8230;]<\/a><\/p>\n<\/div>","protected":false},"author":1,"featured_media":25126,"comment_status":"open","ping_status":"open","sticky":false,"template":"","format":"standard","meta":{"footnotes":""},"categories":[10,29],"tags":[],"class_list":["post-25125","post","type-post","status-publish","format-standard","has-post-thumbnail","hentry","category-eventy","category-tiskovky"],"_links":{"self":[{"href":"https:\/\/www.automakersnews.cz\/index.php\/wp-json\/wp\/v2\/posts\/25125","targetHints":{"allow":["GET"]}}],"collection":[{"href":"https:\/\/www.automakersnews.cz\/index.php\/wp-json\/wp\/v2\/posts"}],"about":[{"href":"https:\/\/www.automakersnews.cz\/index.php\/wp-json\/wp\/v2\/types\/post"}],"author":[{"embeddable":true,"href":"https:\/\/www.automakersnews.cz\/index.php\/wp-json\/wp\/v2\/users\/1"}],"replies":[{"embeddable":true,"href":"https:\/\/www.automakersnews.cz\/index.php\/wp-json\/wp\/v2\/comments?post=25125"}],"version-history":[{"count":0,"href":"https:\/\/www.automakersnews.cz\/index.php\/wp-json\/wp\/v2\/posts\/25125\/revisions"}],"wp:featuredmedia":[{"embeddable":true,"href":"https:\/\/www.automakersnews.cz\/index.php\/wp-json\/wp\/v2\/media\/25126"}],"wp:attachment":[{"href":"https:\/\/www.automakersnews.cz\/index.php\/wp-json\/wp\/v2\/media?parent=25125"}],"wp:term":[{"taxonomy":"category","embeddable":true,"href":"https:\/\/www.automakersnews.cz\/index.php\/wp-json\/wp\/v2\/categories?post=25125"},{"taxonomy":"post_tag","embeddable":true,"href":"https:\/\/www.automakersnews.cz\/index.php\/wp-json\/wp\/v2\/tags?post=25125"}],"curies":[{"name":"wp","href":"https:\/\/api.w.org\/{rel}","templated":true}]}}