{"id":25135,"date":"2023-02-27T09:51:08","date_gmt":"2023-02-27T09:51:08","guid":{"rendered":"https:\/\/www.automakersnews.cz\/?p=25135"},"modified":"2023-02-27T11:23:30","modified_gmt":"2023-02-27T11:23:30","slug":"casopis-automakers-prinasi-prehled-zimnich-tiskovych-konferenci-sda","status":"publish","type":"post","link":"https:\/\/www.automakersnews.cz\/index.php\/2023\/02\/27\/casopis-automakers-prinasi-prehled-zimnich-tiskovych-konferenci-sda\/","title":{"rendered":"\u010casopis Automakers p\u0159in\u00e1\u0161\u00ed p\u0159ehled zimn\u00edch tiskov\u00fdch konferenc\u00ed SDA"},"content":{"rendered":"<p><strong>Leden a \u00fanor 2023 p\u0159inesly zhruba des\u00edtku import\u00e9rsk\u00fdch tiskov\u00fdch konferenc\u00ed, na nich\u017e dovozci hodnotili rok 2022. B\u0159eznov\u00e9 vyd\u00e1n\u00ed magaz\u00ednu Automakers p\u0159in\u00e1\u0161\u00ed jejich p\u0159ehled a dal\u0161\u00ed oborov\u00e1 t\u00e9mata.<\/strong><!--more--><\/p>\n<p><strong>Motonovin\u00e1\u0159k\u00fd rok:<\/strong><\/p>\n<p>Letos za\u010dal tiskovkou SDA 5. ledna, v\u00fdro\u010dn\u00ed konference po\u0159\u00e1daly import \u0160kody Auto, Porsche \u010cR, Audi, Renault s Daci\u00ed, Opel nebo M Motors.<\/p>\n<p><strong>T\u00e9ma:<\/strong> Euronormy ohro\u017euj\u00ed \u010desk\u00fd autopr\u016fmysl,<\/p>\n<p><strong>Dal\u0161\u00ed t\u00e9mata:<\/strong> Generali \u010cesk\u00e1 startuje TOP Autoservis, Auto Palace letos c\u00edl\u00ed na 10 000 aut, \u0160koda po\u0159\u00e1dala softwarov\u00fd hackathon<\/p>\n<p><strong>Anal\u00fdza Volkswagen FS:<\/strong> Jak d\u011bti m\u011bn\u00ed preference rodi\u010d\u016f p\u0159i koupi vozu<\/p>\n<p><strong>Person\u00e1lie:<\/strong> Porsche \u010cR p\u0159esouv\u00e1 od b\u0159ezna \u0161\u00e9fy diviz\u00ed, Scania m\u011bn\u00ed PR mana\u017eera<\/p>\n<p><strong>Medailon PR mana\u017eera<\/strong>: Jitka Skali\u010dkov\u00e1<\/p>\n<p><strong>Technologie:<\/strong> MIR &#8211; nov\u00e1 v\u00fdzva pr\u016fmyslov\u00e9 robotizace<\/p>\n<p>Prvn\u00ed leto\u0161n\u00ed vyd\u00e1n\u00ed Automakers jde ke \u010dten\u00e1\u0159\u016fm 1. b\u0159ezna, na duben chyst\u00e1me tradi\u010dn\u00ed<strong> Import\u00e9rsk\u00fd speci\u00e1l<\/strong> s pl\u00e1ny nejv\u011bt\u0161\u00edch \u010desk\u00fdch dovozc\u016f pro rok 2023!<\/p>\n<p><img loading=\"lazy\" decoding=\"async\" class=\"alignnone size-large wp-image-25165\" src=\"http:\/\/www.automakersnews.cz\/wp-content\/uploads\/2023\/02\/Automakers-strana-3-obsah-724x1024.png\" alt=\"\" width=\"724\" height=\"1024\" \/><\/p>\n","protected":false},"excerpt":{"rendered":"<div class=\"mh-excerpt\"><p>Leden a \u00fanor 2023 p\u0159inesly zhruba des\u00edtku import\u00e9rsk\u00fdch tiskov\u00fdch konferenc\u00ed, na nich\u017e dovozci hodnotili rok 2022. B\u0159eznov\u00e9 vyd\u00e1n\u00ed magaz\u00ednu Automakers p\u0159in\u00e1\u0161\u00ed jejich p\u0159ehled a dal\u0161\u00ed <a class=\"mh-excerpt-more\" href=\"https:\/\/www.automakersnews.cz\/index.php\/2023\/02\/27\/casopis-automakers-prinasi-prehled-zimnich-tiskovych-konferenci-sda\/\" title=\"\u010casopis Automakers p\u0159in\u00e1\u0161\u00ed p\u0159ehled zimn\u00edch tiskov\u00fdch konferenc\u00ed SDA\">[&#8230;]<\/a><\/p>\n<\/div>","protected":false},"author":1,"featured_media":25164,"comment_status":"open","ping_status":"open","sticky":false,"template":"","format":"standard","meta":{"footnotes":""},"categories":[27,29],"tags":[],"class_list":["post-25135","post","type-post","status-publish","format-standard","has-post-thumbnail","hentry","category-media","category-tiskovky"],"_links":{"self":[{"href":"https:\/\/www.automakersnews.cz\/index.php\/wp-json\/wp\/v2\/posts\/25135","targetHints":{"allow":["GET"]}}],"collection":[{"href":"https:\/\/www.automakersnews.cz\/index.php\/wp-json\/wp\/v2\/posts"}],"about":[{"href":"https:\/\/www.automakersnews.cz\/index.php\/wp-json\/wp\/v2\/types\/post"}],"author":[{"embeddable":true,"href":"https:\/\/www.automakersnews.cz\/index.php\/wp-json\/wp\/v2\/users\/1"}],"replies":[{"embeddable":true,"href":"https:\/\/www.automakersnews.cz\/index.php\/wp-json\/wp\/v2\/comments?post=25135"}],"version-history":[{"count":0,"href":"https:\/\/www.automakersnews.cz\/index.php\/wp-json\/wp\/v2\/posts\/25135\/revisions"}],"wp:featuredmedia":[{"embeddable":true,"href":"https:\/\/www.automakersnews.cz\/index.php\/wp-json\/wp\/v2\/media\/25164"}],"wp:attachment":[{"href":"https:\/\/www.automakersnews.cz\/index.php\/wp-json\/wp\/v2\/media?parent=25135"}],"wp:term":[{"taxonomy":"category","embeddable":true,"href":"https:\/\/www.automakersnews.cz\/index.php\/wp-json\/wp\/v2\/categories?post=25135"},{"taxonomy":"post_tag","embeddable":true,"href":"https:\/\/www.automakersnews.cz\/index.php\/wp-json\/wp\/v2\/tags?post=25135"}],"curies":[{"name":"wp","href":"https:\/\/api.w.org\/{rel}","templated":true}]}}