{"id":25202,"date":"2023-02-27T08:19:22","date_gmt":"2023-02-27T08:19:22","guid":{"rendered":"https:\/\/www.automakersnews.cz\/?p=25202"},"modified":"2023-02-28T07:42:04","modified_gmt":"2023-02-28T07:42:04","slug":"embraer-phenom-300-se-stal-opet-nejprodavanejsim-proudovym-letounem-sveta","status":"publish","type":"post","link":"https:\/\/www.automakersnews.cz\/index.php\/2023\/02\/27\/embraer-phenom-300-se-stal-opet-nejprodavanejsim-proudovym-letounem-sveta\/","title":{"rendered":"Embraer Phenom 300 nejprod\u00e1van\u011bj\u0161\u00edm mal\u00fdm trysk\u00e1\u010dem"},"content":{"rendered":"<p><strong>Phenom \u0159ady 300 se stal op\u011bt nejprod\u00e1van\u011bj\u0161\u00edm lehk\u00fdm proudov\u00fdm letadlem sv\u011bta. Embraer tak ji\u017e pojeden\u00e1ct\u00e9 za sebou obsadil prvn\u00ed p\u0159\u00ed\u010dku \u017eeb\u0159\u00ed\u010dku asociace GAMA (General Aviation Manufacturers Association), kdy\u017e v roce 2022 p\u0159edal z\u00e1kazn\u00edk\u016fm celkem 59 t\u011bchto letadel. K dne\u0161n\u00edmu dni bylo v t\u00e9to \u0159ad\u011b dod\u00e1no a uvedeno do provozu 700 stroj\u016f.<\/strong><\/p>\n<p><!--more--><\/p>\n<p>Letadla Phenom 300 jsou v provozu v 36 zem\u00edch a doposud nal\u00e9tala t\u00e9m\u011b\u0159 1 800 000 letov\u00fdch hodin. Tyto \u00fasp\u011bchy podtrhuj\u00ed pov\u011bst v\u00fdrobce v oblasti bezpe\u010dnosti, kvality, trval\u00e9ho zlep\u0161ov\u00e1n\u00ed a inovac\u00ed letoun\u016f s\u00a0nejlep\u0161\u00edmi parametry ve sv\u00e9 t\u0159\u00edd\u011b (dolet, rychlost, p\u0159etlakov\u00e1n\u00ed kabiny a prvot\u0159\u00eddn\u00ed technologie).<\/p>\n<p><em>\u201eNen\u00ed n\u00e1hoda, \u017ee Phenom 300 je op\u011bt nejl\u00e9pe prod\u00e1van\u00fdm lehk\u00fdm proudov\u00fdm letadlem v cel\u00e9m odv\u011btv\u00ed. Jeden\u00e1ct let po sob\u011b dokazuje silnou tr\u017en\u00ed pozici a doslova p\u0159ekon\u00e1v\u00e1 o\u010dek\u00e1v\u00e1n\u00ed na\u0161ich loaj\u00e1ln\u00edch z\u00e1kazn\u00edk\u016f a\u0165 u\u017e jde o dolet \u010di rychlost v\u00a0t\u00e9to kategorii letadel nebo t\u00edm, \u017ee nab\u00edz\u00ed nejvy\u0161\u0161\u00ed zbytkovou hodnotu ze v\u0161ech letadel na trhu,\u201c<\/em> uvedl Michael Amalfitano, prezident a v\u00fdkonn\u00fd \u0159editel spole\u010dnosti Embraer Executive Jets a dodal, \u017ee toto ocen\u011bn\u00ed je skute\u010dn\u00fdm d\u016fkazem schopnosti spole\u010dnosti Embraer poskytovat sv\u00fdm z\u00e1kazn\u00edk\u016fm dokonal\u00fd z\u00e1\u017eitek prost\u0159ednictv\u00edm inovativn\u00edch letadel.<\/p>\n<p><img loading=\"lazy\" decoding=\"async\" class=\"alignnone size-medium wp-image-25204\" src=\"http:\/\/www.automakersnews.cz\/wp-content\/uploads\/2023\/02\/Phenom_300E_interior_04-e1677495115355-300x200.jpg\" alt=\"\" width=\"300\" height=\"200\" srcset=\"https:\/\/www.automakersnews.cz\/wp-content\/uploads\/2023\/02\/Phenom_300E_interior_04-e1677495115355-300x200.jpg 300w, https:\/\/www.automakersnews.cz\/wp-content\/uploads\/2023\/02\/Phenom_300E_interior_04-e1677495115355-768x511.jpg 768w, https:\/\/www.automakersnews.cz\/wp-content\/uploads\/2023\/02\/Phenom_300E_interior_04-e1677495115355.jpg 1000w\" sizes=\"auto, (max-width: 300px) 100vw, 300px\" \/><\/p>\n<p>Phenom 300E p\u0159edstavuje nejvy\u0161\u0161\u00ed standard kvality v kategorii lehk\u00fdch proudov\u00fdch letadel. Co se t\u00fd\u010de v\u00fdkonu, je nov\u00fd, vylep\u0161en\u00fd Phenom 300E je\u0161t\u011b rychlej\u0161\u00ed. Je schopen dos\u00e1hnout a\u017e 0,80 Mach, d\u00edky \u010demu\u017e se st\u00e1v\u00e1 nejrychlej\u0161\u00edm s\u00e9riov\u011b vyr\u00e1b\u011bn\u00fdm jednopilotn\u00edm proudov\u00fdm letadlem. S\u00a0p\u011bti pasa\u017e\u00e9ry je schopen dos\u00e1hnout vysok\u00e9 cestovn\u00ed rychlosti 464 uzl\u016f a doletu 2 010 n\u00e1mo\u0159n\u00edch mil (3 724 km) s rezervou dle NBAA IFR.<\/p>\n<p>Dal\u0161\u00ed technologick\u00e1 vylep\u0161en\u00ed zahrnuj\u00ed modernizovanou avioniku, s funkc\u00ed detekce a v\u00fdstrahy p\u0159ed p\u0159ejet\u00edm ranveje (ROAAS) \u2013 prvn\u00ed technologi\u00ed sv\u00e9ho druhu vyvinutou a certifikovanou pro byznys lety \u2013 a tak\u00e9 prediktivn\u00ed detekc\u00ed st\u0159ihu v\u011btru, re\u017eimem nouzov\u00e9ho kles\u00e1n\u00ed, technologiemi PERF, TOLD a FAA Datacom a dal\u0161\u00ed.<\/p>\n<p>&nbsp;<\/p>\n","protected":false},"excerpt":{"rendered":"<div class=\"mh-excerpt\"><p>Phenom \u0159ady 300 se stal op\u011bt nejprod\u00e1van\u011bj\u0161\u00edm lehk\u00fdm proudov\u00fdm letadlem sv\u011bta. Embraer tak ji\u017e pojeden\u00e1ct\u00e9 za sebou obsadil prvn\u00ed p\u0159\u00ed\u010dku \u017eeb\u0159\u00ed\u010dku asociace GAMA (General Aviation <a class=\"mh-excerpt-more\" href=\"https:\/\/www.automakersnews.cz\/index.php\/2023\/02\/27\/embraer-phenom-300-se-stal-opet-nejprodavanejsim-proudovym-letounem-sveta\/\" title=\"Embraer Phenom 300 nejprod\u00e1van\u011bj\u0161\u00edm mal\u00fdm trysk\u00e1\u010dem\">[&#8230;]<\/a><\/p>\n<\/div>","protected":false},"author":2,"featured_media":25203,"comment_status":"open","ping_status":"open","sticky":false,"template":"","format":"standard","meta":{"footnotes":""},"categories":[58,33],"tags":[],"class_list":["post-25202","post","type-post","status-publish","format-standard","has-post-thumbnail","hentry","category-letecky-prumysl","category-vyrobci"],"_links":{"self":[{"href":"https:\/\/www.automakersnews.cz\/index.php\/wp-json\/wp\/v2\/posts\/25202","targetHints":{"allow":["GET"]}}],"collection":[{"href":"https:\/\/www.automakersnews.cz\/index.php\/wp-json\/wp\/v2\/posts"}],"about":[{"href":"https:\/\/www.automakersnews.cz\/index.php\/wp-json\/wp\/v2\/types\/post"}],"author":[{"embeddable":true,"href":"https:\/\/www.automakersnews.cz\/index.php\/wp-json\/wp\/v2\/users\/2"}],"replies":[{"embeddable":true,"href":"https:\/\/www.automakersnews.cz\/index.php\/wp-json\/wp\/v2\/comments?post=25202"}],"version-history":[{"count":0,"href":"https:\/\/www.automakersnews.cz\/index.php\/wp-json\/wp\/v2\/posts\/25202\/revisions"}],"wp:featuredmedia":[{"embeddable":true,"href":"https:\/\/www.automakersnews.cz\/index.php\/wp-json\/wp\/v2\/media\/25203"}],"wp:attachment":[{"href":"https:\/\/www.automakersnews.cz\/index.php\/wp-json\/wp\/v2\/media?parent=25202"}],"wp:term":[{"taxonomy":"category","embeddable":true,"href":"https:\/\/www.automakersnews.cz\/index.php\/wp-json\/wp\/v2\/categories?post=25202"},{"taxonomy":"post_tag","embeddable":true,"href":"https:\/\/www.automakersnews.cz\/index.php\/wp-json\/wp\/v2\/tags?post=25202"}],"curies":[{"name":"wp","href":"https:\/\/api.w.org\/{rel}","templated":true}]}}