{"id":2548,"date":"2022-11-09T09:42:03","date_gmt":"2022-11-09T09:42:03","guid":{"rendered":"https:\/\/www.automakersnews.cz\/?p=2548"},"modified":"2022-11-09T09:42:03","modified_gmt":"2022-11-09T09:42:03","slug":"das-weltauto-ma-50-autorizovanych-prodejcu","status":"publish","type":"post","link":"https:\/\/www.automakersnews.cz\/index.php\/2022\/11\/09\/das-weltauto-ma-50-autorizovanych-prodejcu\/","title":{"rendered":"Das WeltAuto m\u00e1 50 autorizovan\u00fdch prodejc\u016f"},"content":{"rendered":"<p><strong>P\u0159etrv\u00e1vaj\u00edc\u00ed nedostatek nov\u00fdch voz\u016f sm\u011b\u0159uje z\u00e1kazn\u00edky do prodejen ojet\u00fdch voz\u016f. S\u00ed\u0165 Das WeltAuto se d\u00edky tomu letos roz\u0161\u00ed\u0159ila o dal\u0161\u00ed prodejn\u00ed centra, to posledn\u00ed otev\u0159el Louda v Teplic\u00edch.\u00a0 Zna\u010dka m\u00e1\u00a0 nyn\u00ed celkem 50 prodejc\u016f. Expanzi popsala \u0161\u00e9fka divize v Porsche \u010cR Mirka Cimrov\u00e1.<\/strong><!--more--><\/p>\n<p>\u201eTr\u017en\u00ed zm\u011bny s sebou nad\u00e1le nesou nedostatek nov\u00fdch voz\u016f. Jejich z\u00e1kazn\u00edci \u010dasto m\u00ed\u0159\u00ed k\u00a0n\u00e1m, jsou v\u0161ak zvykl\u00ed na vysokou \u00farove\u0148 nejen samotn\u00fdch aut, ale tak\u00e9 procesu jejich prodeje. Jsme si toho pln\u011b v\u011bdomi, a proto se jim sna\u017e\u00edme nab\u00eddnout \u0161pi\u010dkov\u00e9 slu\u017eby \u2013 prodej v showroomech, \u0161kolen\u00fd person\u00e1l, autorizovan\u00fd servis, zkr\u00e1tka komplexn\u00ed z\u00e1zem\u00ed,\u201c \u0159\u00edk\u00e1 Mirka Cimrov\u00e1, vedouc\u00ed divize Das WeltAuto spole\u010dnosti Porsche \u010cesk\u00e1 republika.<\/p>\n<p>\u201eLetos jsme zaokrouhlili po\u010det na\u0161ich partnersk\u00fdch m\u00edst na 50 a jsem velmi r\u00e1da, \u017ee se poda\u0159ilo otev\u0159\u00edt kr\u00e1sn\u00e1 nov\u00e1 prodejn\u00ed centra programu Das WeltAuto v\u00a0Olomouci (SAMOH\u00ddL MOTOR), Sokolov\u011b (AUTOSALON Manfred Sch\u00f6ner), Uhersk\u00e9m Hradi\u0161ti (ARAVER CZ) nebo to nejnov\u011bj\u0161\u00ed v\u00a0Teplic\u00edch u spole\u010dnosti Louda Auto,\u201c dod\u00e1v\u00e1 Mirka Cimrov\u00e1.<\/p>\n<p>Program prodeje ojet\u00fdch voz\u016f Das WeltAuto je kone\u010dnou adresou pro n\u00e1ro\u010dnou klientelu. N\u00e1kup vozu se nevyplat\u00ed nijak odkl\u00e1dat. \u201eSpousta lid\u00ed vzhledem ke v\u0161eobecn\u00e9mu zdra\u017eov\u00e1n\u00ed a tlaku na finance n\u00e1kup auta oddaluj\u00ed a \u010dekaj\u00ed na p\u00e1d cen. Podle na\u0161eho n\u00e1zoru se tak ale nestane a pokud z\u00e1kazn\u00edk v\u016fz pot\u0159ebuje, nem\u011bl by s\u00a0n\u00e1kupem v\u00e1hat. Dramaticky levn\u011bj\u0161\u00ed auta ur\u010dit\u011b neo\u010dek\u00e1v\u00e1me. Nav\u00edc aktu\u00e1ln\u011b nab\u00edz\u00edme \u010dtve\u0159ici servisn\u00edch v\u00fdhod s garanc\u00ed, \u010d\u00edm\u017e se na\u0161im z\u00e1kazn\u00edk\u016fm sna\u017e\u00edme trvale vych\u00e1zet vst\u0159\u00edc,\u201c vysv\u011btluje Mirka Cimrov\u00e1.<\/p>\n<p>&nbsp;<\/p>\n","protected":false},"excerpt":{"rendered":"<div class=\"mh-excerpt\"><p>P\u0159etrv\u00e1vaj\u00edc\u00ed nedostatek nov\u00fdch voz\u016f sm\u011b\u0159uje z\u00e1kazn\u00edky do prodejen ojet\u00fdch voz\u016f. S\u00ed\u0165 Das WeltAuto se d\u00edky tomu letos roz\u0161\u00ed\u0159ila o dal\u0161\u00ed prodejn\u00ed centra, to posledn\u00ed otev\u0159el <a class=\"mh-excerpt-more\" href=\"https:\/\/www.automakersnews.cz\/index.php\/2022\/11\/09\/das-weltauto-ma-50-autorizovanych-prodejcu\/\" title=\"Das WeltAuto m\u00e1 50 autorizovan\u00fdch prodejc\u016f\">[&#8230;]<\/a><\/p>\n<\/div>","protected":false},"author":1,"featured_media":2549,"comment_status":"open","ping_status":"open","sticky":false,"template":"","format":"standard","meta":{"footnotes":""},"categories":[9],"tags":[],"class_list":["post-2548","post","type-post","status-publish","format-standard","has-post-thumbnail","hentry","category-investice"],"_links":{"self":[{"href":"https:\/\/www.automakersnews.cz\/index.php\/wp-json\/wp\/v2\/posts\/2548","targetHints":{"allow":["GET"]}}],"collection":[{"href":"https:\/\/www.automakersnews.cz\/index.php\/wp-json\/wp\/v2\/posts"}],"about":[{"href":"https:\/\/www.automakersnews.cz\/index.php\/wp-json\/wp\/v2\/types\/post"}],"author":[{"embeddable":true,"href":"https:\/\/www.automakersnews.cz\/index.php\/wp-json\/wp\/v2\/users\/1"}],"replies":[{"embeddable":true,"href":"https:\/\/www.automakersnews.cz\/index.php\/wp-json\/wp\/v2\/comments?post=2548"}],"version-history":[{"count":0,"href":"https:\/\/www.automakersnews.cz\/index.php\/wp-json\/wp\/v2\/posts\/2548\/revisions"}],"wp:featuredmedia":[{"embeddable":true,"href":"https:\/\/www.automakersnews.cz\/index.php\/wp-json\/wp\/v2\/media\/2549"}],"wp:attachment":[{"href":"https:\/\/www.automakersnews.cz\/index.php\/wp-json\/wp\/v2\/media?parent=2548"}],"wp:term":[{"taxonomy":"category","embeddable":true,"href":"https:\/\/www.automakersnews.cz\/index.php\/wp-json\/wp\/v2\/categories?post=2548"},{"taxonomy":"post_tag","embeddable":true,"href":"https:\/\/www.automakersnews.cz\/index.php\/wp-json\/wp\/v2\/tags?post=2548"}],"curies":[{"name":"wp","href":"https:\/\/api.w.org\/{rel}","templated":true}]}}