{"id":25504,"date":"2023-02-28T17:15:12","date_gmt":"2023-02-28T17:15:12","guid":{"rendered":"https:\/\/www.automakersnews.cz\/?p=25504"},"modified":"2023-03-01T10:56:43","modified_gmt":"2023-03-01T10:56:43","slug":"citroen-e-c4-mel-premieru-ve-ctenicich","status":"publish","type":"post","link":"https:\/\/www.automakersnews.cz\/index.php\/2023\/02\/28\/citroen-e-c4-mel-premieru-ve-ctenicich\/","title":{"rendered":"Citro\u00ebn \u00cb-C4 m\u011bl premi\u00e9ru ve Ct\u011bnic\u00edch"},"content":{"rendered":"<p><strong>Z\u00e1mek Ct\u011bnice u Prahy hostil 28. \u00fanora n\u00e1rodn\u00ed premi\u00e9ru Citro\u00ebnu \u00cb-C4. V\u016fz uk\u00e1zal novin\u00e1\u0159\u016fm \u0161\u00e9f importu Franti\u0161ek Neuman. Co v\u016fz nab\u00edz\u00ed a kolik chce dovozce prodat kus\u016f?<\/strong><!--more--><\/p>\n<p>\u201eElegantn\u00ed kup\u00e9 se zadn\u00edm spojlerem integrovan\u00fdm do do v\u00edka kufru m\u00e1 rysy SUV a sedanu je n\u00e1vratem na\u0161\u00ed zna\u010dky k designov\u00fdm ko\u0159en\u016fm. C\u00edl\u00edme na prodej n\u011bkolika stovek kus\u016f, z\u00e1kazn\u00edky chceme l\u00e1kat krom\u011b designu na \u010dty\u0159i motorizace, dvacet asisten\u010dn\u00edch syst\u00e9m\u016f a cenu za\u010d\u00ednaj\u00edc\u00ed na 494 900 korun\u00e1ch,\u201c \u0159ekl Neuman.<\/p>\n<figure id=\"attachment_25510\" aria-describedby=\"caption-attachment-25510\" style=\"width: 1024px\" class=\"wp-caption alignnone\"><img loading=\"lazy\" decoding=\"async\" class=\"size-large wp-image-25510\" src=\"http:\/\/www.automakersnews.cz\/wp-content\/uploads\/2023\/02\/Citroen-E4C-Ctenice-tiskovka-Neuman-jizdarna-1024x768.jpg\" alt=\"\" width=\"1024\" height=\"768\" \/><figcaption id=\"caption-attachment-25510\" class=\"wp-caption-text\">Tiskovku hostila j\u00edzd\u00e1rna ct\u011bnick\u00e9ho z\u00e1mku<\/figcaption><\/figure>\n<p>Mezi dal\u0161\u00ed l\u00e1kadla m\u00e1 pat\u0159\u00edit odpru\u017een\u00ed vozu s pracovn\u00edm n\u00e1zvem \u201eL\u00e9taj\u00edc\u00ed koberec\u201c, t\u0159i j\u00edzdn\u00ed re\u017eimy, kufr o velikosti 510 litr\u016f a 8let\u00e1 z\u00e1ruka. Zm\u00edn\u011bna byla tak\u00e9 &#8222;dominantn\u00ed pozice \u0159idi\u010de&#8220;.<\/p>\n<figure id=\"attachment_25508\" aria-describedby=\"caption-attachment-25508\" style=\"width: 1024px\" class=\"wp-caption alignnone\"><img loading=\"lazy\" decoding=\"async\" class=\"size-large wp-image-25508\" src=\"http:\/\/www.automakersnews.cz\/wp-content\/uploads\/2023\/02\/Citroen-E4C-Ctenice-brana-volant-1024x768.jpg\" alt=\"\" width=\"1024\" height=\"768\" srcset=\"https:\/\/www.automakersnews.cz\/wp-content\/uploads\/2023\/02\/Citroen-E4C-Ctenice-brana-volant-1024x768.jpg 1024w, https:\/\/www.automakersnews.cz\/wp-content\/uploads\/2023\/02\/Citroen-E4C-Ctenice-brana-volant-300x225.jpg 300w, https:\/\/www.automakersnews.cz\/wp-content\/uploads\/2023\/02\/Citroen-E4C-Ctenice-brana-volant-768x576.jpg 768w, https:\/\/www.automakersnews.cz\/wp-content\/uploads\/2023\/02\/Citroen-E4C-Ctenice-brana-volant-1536x1152.jpg 1536w, https:\/\/www.automakersnews.cz\/wp-content\/uploads\/2023\/02\/Citroen-E4C-Ctenice-brana-volant-678x509.jpg 678w, https:\/\/www.automakersnews.cz\/wp-content\/uploads\/2023\/02\/Citroen-E4C-Ctenice-brana-volant-326x245.jpg 326w, https:\/\/www.automakersnews.cz\/wp-content\/uploads\/2023\/02\/Citroen-E4C-Ctenice-brana-volant-80x60.jpg 80w, https:\/\/www.automakersnews.cz\/wp-content\/uploads\/2023\/02\/Citroen-E4C-Ctenice-brana-volant.jpg 2048w\" sizes=\"auto, (max-width: 1024px) 100vw, 1024px\" \/><figcaption id=\"caption-attachment-25508\" class=\"wp-caption-text\">Novin\u00e1\u0159i vyj\u00ed\u017ed\u011bli po tiskovce br\u00e1nou borc\u016f na testovac\u00ed okruh do Kbel a \u010cakovic<\/figcaption><\/figure>\n<p>Z\u00e1jemci m\u016f\u017eou vyb\u00edrat mezi dv\u011bma benz\u00ednov\u00fdmi motorizacemi, jedn\u00edm dieselem a elektrickou verz\u00ed s 46 kwh bateri\u00ed, kter\u00e1 slibuje dojezd 360 kilometr\u016f. Za tuto ekoverzi se ale p\u0159ipl\u00e1c\u00ed, nejdra\u017e\u0161\u00ed varianta se vy\u0161plh\u00e1 a\u017e na 989 900 korun.<\/p>\n<p><img loading=\"lazy\" decoding=\"async\" class=\"alignnone size-large wp-image-25509\" src=\"http:\/\/www.automakersnews.cz\/wp-content\/uploads\/2023\/02\/Citroen-E4C-Ctenice-zadek-1024x768.jpg\" alt=\"\" width=\"1024\" height=\"768\" srcset=\"https:\/\/www.automakersnews.cz\/wp-content\/uploads\/2023\/02\/Citroen-E4C-Ctenice-zadek-1024x768.jpg 1024w, https:\/\/www.automakersnews.cz\/wp-content\/uploads\/2023\/02\/Citroen-E4C-Ctenice-zadek-300x225.jpg 300w, https:\/\/www.automakersnews.cz\/wp-content\/uploads\/2023\/02\/Citroen-E4C-Ctenice-zadek-768x576.jpg 768w, https:\/\/www.automakersnews.cz\/wp-content\/uploads\/2023\/02\/Citroen-E4C-Ctenice-zadek-1536x1152.jpg 1536w, https:\/\/www.automakersnews.cz\/wp-content\/uploads\/2023\/02\/Citroen-E4C-Ctenice-zadek-678x509.jpg 678w, https:\/\/www.automakersnews.cz\/wp-content\/uploads\/2023\/02\/Citroen-E4C-Ctenice-zadek-326x245.jpg 326w, https:\/\/www.automakersnews.cz\/wp-content\/uploads\/2023\/02\/Citroen-E4C-Ctenice-zadek-80x60.jpg 80w, https:\/\/www.automakersnews.cz\/wp-content\/uploads\/2023\/02\/Citroen-E4C-Ctenice-zadek.jpg 2048w\" sizes=\"auto, (max-width: 1024px) 100vw, 1024px\" \/><\/p>\n<p>&nbsp;<\/p>\n","protected":false},"excerpt":{"rendered":"<div class=\"mh-excerpt\"><p>Z\u00e1mek Ct\u011bnice u Prahy hostil 28. \u00fanora n\u00e1rodn\u00ed premi\u00e9ru Citro\u00ebnu \u00cb-C4. V\u016fz uk\u00e1zal novin\u00e1\u0159\u016fm \u0161\u00e9f importu Franti\u0161ek Neuman. Co v\u016fz nab\u00edz\u00ed a kolik chce dovozce <a class=\"mh-excerpt-more\" href=\"https:\/\/www.automakersnews.cz\/index.php\/2023\/02\/28\/citroen-e-c4-mel-premieru-ve-ctenicich\/\" title=\"Citro\u00ebn \u00cb-C4 m\u011bl premi\u00e9ru ve Ct\u011bnic\u00edch\">[&#8230;]<\/a><\/p>\n<\/div>","protected":false},"author":1,"featured_media":25505,"comment_status":"open","ping_status":"open","sticky":false,"template":"","format":"standard","meta":{"footnotes":""},"categories":[44,31,29],"tags":[],"class_list":["post-25504","post","type-post","status-publish","format-standard","has-post-thumbnail","hentry","category-ceny-novinek","category-premiery","category-tiskovky"],"_links":{"self":[{"href":"https:\/\/www.automakersnews.cz\/index.php\/wp-json\/wp\/v2\/posts\/25504","targetHints":{"allow":["GET"]}}],"collection":[{"href":"https:\/\/www.automakersnews.cz\/index.php\/wp-json\/wp\/v2\/posts"}],"about":[{"href":"https:\/\/www.automakersnews.cz\/index.php\/wp-json\/wp\/v2\/types\/post"}],"author":[{"embeddable":true,"href":"https:\/\/www.automakersnews.cz\/index.php\/wp-json\/wp\/v2\/users\/1"}],"replies":[{"embeddable":true,"href":"https:\/\/www.automakersnews.cz\/index.php\/wp-json\/wp\/v2\/comments?post=25504"}],"version-history":[{"count":0,"href":"https:\/\/www.automakersnews.cz\/index.php\/wp-json\/wp\/v2\/posts\/25504\/revisions"}],"wp:featuredmedia":[{"embeddable":true,"href":"https:\/\/www.automakersnews.cz\/index.php\/wp-json\/wp\/v2\/media\/25505"}],"wp:attachment":[{"href":"https:\/\/www.automakersnews.cz\/index.php\/wp-json\/wp\/v2\/media?parent=25504"}],"wp:term":[{"taxonomy":"category","embeddable":true,"href":"https:\/\/www.automakersnews.cz\/index.php\/wp-json\/wp\/v2\/categories?post=25504"},{"taxonomy":"post_tag","embeddable":true,"href":"https:\/\/www.automakersnews.cz\/index.php\/wp-json\/wp\/v2\/tags?post=25504"}],"curies":[{"name":"wp","href":"https:\/\/api.w.org\/{rel}","templated":true}]}}