{"id":2552,"date":"2022-11-09T10:00:44","date_gmt":"2022-11-09T10:00:44","guid":{"rendered":"https:\/\/www.automakersnews.cz\/?p=2552"},"modified":"2022-11-09T10:09:00","modified_gmt":"2022-11-09T10:09:00","slug":"letnany-startuji-veletrh-e-salon","status":"publish","type":"post","link":"https:\/\/www.automakersnews.cz\/index.php\/2022\/11\/09\/letnany-startuji-veletrh-e-salon\/","title":{"rendered":"Let\u0148ansk\u00fd e-SALON slibuje n\u011bkolik premi\u00e9r"},"content":{"rendered":"<p><strong>Odborn\u00fdm a novin\u00e1\u0159sk\u00fdm dnem za\u010d\u00edn\u00e1 v Let\u0148anech historicky nejbohat\u0161\u00ed \u00fa\u010dast ekologick\u00e9 mobility v podob\u011b elektromobil\u016f, hybridn\u00edch a dal\u0161\u00edch ekologick\u00fdch vozidel i dopravn\u00edch prost\u0159edk\u016f, v po\u0159ad\u00ed u\u017e 4. ro\u010dn\u00edk veletrhu e-SALON. \u010casopis Automakers je medi\u00e1ln\u00edm partnerem v\u00fdstavy!<\/strong><!--more--><\/p>\n<p>Uskute\u010dn\u00ed se ve dnech 10. \u2013 13. listopadu 2022 na v\u00fdstavi\u0161ti PVA EXPO Praha v Let\u0148anech a sv\u016fj st\u00e1nek s podtitulem 7 div\u016f elektromobility zde bude dom\u00e1c\u00ed \u0160koda, zna\u010dky koncernu Volkswagen, Hyundai, Kia i francouzsk\u00e9 zna\u010dky Renault a Citro\u00ebn. Nebude chyb\u011bt ani letos nov\u00e1 zna\u010dka MG.<\/p>\n<p><strong>VW ID.SPACE VIZZION<\/strong><\/p>\n<p>Na \u010desk\u00e9 p\u016fd\u011b se bude prezentovat ID. SPACE VIZZION od zna\u010dky\u00a0<span class=\"e1id0 e4id0 advancedHighlight\" data-id=\"8\" data-classic=\"false\">Volkswagen<\/span>\u00a0vyzdvihuj\u00edc\u00ed design, kter\u00fd je v harmonii s v\u00fdkonem. P\u0159edstav\u00ed se ale tak\u00e9 hork\u00e9 novinky sou\u010dasnosti, kter\u00e9 budou reprezentovat modely\u00a0<span class=\"e3id3 advancedHighlight\" data-id=\"9\" data-classic=\"false\">ID<\/span><span class=\"e3id3 advancedHighlight\" data-id=\"9\" data-classic=\"false\">.<\/span><span class=\"e3id3 advancedHighlight\" data-id=\"9\" data-classic=\"false\">3<\/span>, SUV\u00a0<span class=\"e3id4 advancedHighlight\" data-id=\"12\" data-classic=\"false\">ID<\/span><span class=\"e3id4 advancedHighlight\" data-id=\"12\" data-classic=\"false\">.<\/span><span class=\"e3id4 advancedHighlight\" data-id=\"12\" data-classic=\"false\">4<\/span>\u00a0a SUV kup\u00e9 ID.5. Z\u00e1jemci si je budou moci vyzkou\u0161et b\u011bhem testovac\u00edch j\u00edzd, ale tak\u00e9 se v diskusi dozv\u00ed, jak lze elektromobilitu za\u010dlenit do ka\u017edodenn\u00edho \u017eivota v\u00a0<span class=\"e0id0 advancedHighlight\" data-id=\"15\" data-classic=\"false\">\u010cesku<\/span>.<\/p>\n<p><strong>Hyundai Ioniq 6<\/strong><\/p>\n<p>Sv\u016fj nov\u00fd model IONIQ 6 p\u0159edstav\u00ed tak\u00e9 <span class=\"e1id1 e4id0 advancedHighlight\" data-id=\"16\" data-classic=\"false\">Hyundai<\/span>. Poprv\u00e9 se \u010desk\u00fdm n\u00e1v\u0161t\u011bvn\u00edk\u016fm p\u0159edvede\u00a0<span class=\"e1id2 e4id0 advancedHighlight\" data-id=\"17\" data-classic=\"false\">Kia<\/span>\u00a0se sv\u00fdm EV6 GT,\u00a0<span class=\"e1id2 e3id2 e4id0 advancedHighlight\" data-id=\"18\" data-classic=\"false\">Kia<\/span>\u00a0<span class=\"e1id2 e3id2 e4id0 advancedHighlight\" data-id=\"18\" data-classic=\"false\">Niro<\/span>\u00a0EV a d\u00e1le plug<span class=\"advancedHighlight SearchKeywordHighlight\" data-classic=\"true\">&#8211;<\/span>in hybridn\u00ed Sportage \u010di Sorento. Novinku p\u0159iveze do\u00a0<span class=\"e0id1 advancedHighlight\" data-id=\"7\" data-classic=\"false\">Let\u0148an<\/span>\u00a0tak\u00e9\u00a0<span class=\"e1id3 e4id0 advancedHighlight\" data-id=\"22\" data-classic=\"false\">\u0160koda<\/span>\u00a0<span class=\"e1id3 e4id0 advancedHighlight\" data-id=\"22\" data-classic=\"false\">Auto<\/span>, kter\u00e1 uvede sedmim\u00edstn\u00e9 SUV\u00a0<span class=\"e1id3 e4id0 advancedHighlight\" data-id=\"22\" data-classic=\"false\">\u0160koda<\/span>\u00a0Vision 7S.<\/p>\n<p><strong>Slavnostn\u00ed p\u0159edpremi\u00e9ra Citroenu<br \/>\n<\/strong><\/p>\n<p>Exkluzivn\u00ed p\u0159edpremi\u00e9ru bude m\u00edt novinka p\u0159\u00ed\u0161t\u00edho roku\u00a0<span class=\"e1id6 e4id0 advancedHighlight\" data-id=\"25\" data-classic=\"false\">Citro\u00ebn<\/span>\u00a0\u00eb<span class=\"advancedHighlight SearchKeywordHighlight\" data-classic=\"true\">&#8211;<\/span>C4 X, kter\u00fd avizuje propojen\u00ed elegance siluety fastbacku, modern\u00edho p\u0159\u00edstupu SUV a s d\u00e9lkou 460 cm tak\u00e9 nad\u010dasov\u00e9ho charakteru prostorn\u00e9ho \u010dty\u0159dve\u0159ov\u00e9ho vozu. Nov\u00fd \u00eb<span class=\"advancedHighlight SearchKeywordHighlight\" data-classic=\"true\">&#8211;<\/span>C4 X bude nab\u00edzen s elektromotorem o v\u00fdkonu 100 kW \/ 136 k, dojezdem podle\u00a0<span class=\"e3id0 advancedHighlight\" data-id=\"28\" data-classic=\"false\">WLTP<\/span>\u00a0a\u017e 360 km a rychl\u00fdm dob\u00edjen\u00edm 100 KM \/ 10 min. p\u0159i 100 kW DC.<\/p>\n<p><strong>Renault Austral<\/strong><\/p>\n<p>Velkou n\u00e1rodn\u00ed premi\u00e9rou bude p\u0159edstaven\u00ed <span class=\"e1id7 e4id0 advancedHighlight\" data-id=\"29\" data-classic=\"false\">Renaultu<\/span>\u00a0Austral s novou generac\u00ed hybridn\u00edho pohonu\u00a0<span class=\"advancedHighlight SearchKeywordHighlight\" data-classic=\"true\">E-<\/span>Tech a syst\u00e9mem openR. Model bude jedn\u00edm z pil\u00ed\u0159\u016f p\u0159i znovudob\u00fdv\u00e1n\u00ed segmentu C, kter\u00fd je srdcem sv\u011btov\u00e9ho automobilov\u00e9ho trhu. Nov\u00fd Austral pokra\u010duje v ofenz\u00edv\u011b, kterou zah\u00e1jily modely Arkana a\u00a0<span class=\"e1id7 e3id1 e4id0 advancedHighlight\" data-id=\"31\" data-classic=\"false\">M\u00e9gane<\/span>\u00a0<span class=\"advancedHighlight SearchKeywordHighlight\" data-classic=\"true\">E-<\/span>Tech elektrick\u00fd.<\/p>\n<p><strong>Cupra Born<\/strong><\/p>\n<p>Mezi dal\u0161\u00ed novinky se za\u0159ad\u00ed\u00a0<span class=\"e1id11 advancedHighlight\" data-id=\"33\" data-classic=\"false\">Cupra<\/span>, kter\u00e1 se poprv\u00e9 pochlub\u00ed mal\u00fdm elektromobilem\u00a0<span class=\"e3id5 advancedHighlight\" data-id=\"34\" data-classic=\"false\">Born<\/span>.\u00a0<span class=\"e1id9 e4id0 advancedHighlight\" data-id=\"35\" data-classic=\"false\">Opel<\/span>\u00a0p\u0159edstav\u00ed kompaktn\u00ed elektromobily Corsa<span class=\"advancedHighlight SearchKeywordHighlight\" data-classic=\"true\">-e<\/span>\u00a0a Mokka<span class=\"advancedHighlight SearchKeywordHighlight\" data-classic=\"true\">-e<\/span>\u00a0s dojezdem a\u017e 353 kilometr\u016f, luxusn\u00ed elektrick\u00fd minibus Zafira<span class=\"advancedHighlight SearchKeywordHighlight\" data-classic=\"true\">-e<\/span>\u00a0a plug<span class=\"advancedHighlight SearchKeywordHighlight\" data-classic=\"true\">&#8211;<\/span>in hybridn\u00ed Grandland PHEV, kter\u00e9 kombinuje pohon na benzin a elekt\u0159inu stejn\u011b jako nov\u00e1 Astra PHEV.<\/p>\n<p><strong>Program s\u00a0<span class=\"e5id0 advancedHighlight\" data-id=\"40\" data-classic=\"false\">odborn\u00edky<\/span>\u00a0i s hv\u011bzdami<\/strong><\/p>\n<p>Jedn\u00edm z hlavn\u00edch bod\u016f bohat\u00e9ho doprovodn\u00e9ho programu veletrhu bude konference \u010cist\u00e1 mobilita, kter\u00e1 se uskute\u010dn\u00ed prvn\u00ed a druh\u00fd den veletrhu.<\/p>\n<p>V\u00a0<span class=\"e0id3 advancedHighlight\" data-id=\"41\" data-classic=\"false\">Hale<\/span>\u00a04 prob\u011bhne ve \u010dtvrtek na st\u00e1nku\u00a0<span class=\"e1id10 e4id0 advancedHighlight\" data-id=\"42\" data-classic=\"false\">Porsche<\/span>\u00a0<span class=\"e0id0 advancedHighlight\" data-id=\"15\" data-classic=\"false\">\u010cR<\/span>\u00a0panelov\u00e1 diskuze, kde se sejdou\u00a0<span class=\"e5id2 advancedHighlight\" data-id=\"44\" data-classic=\"false\">ambasador<\/span>\u00a0zna\u010dky\u00a0<span class=\"e1id0 e4id0 advancedHighlight\" data-id=\"8\" data-classic=\"false\">VW<\/span>\u00a0<span class=\"e2id0 advancedHighlight\" data-id=\"46\" data-classic=\"false\">Luk\u00e1\u0161<\/span>\u00a0<span class=\"e2id0 advancedHighlight\" data-id=\"46\" data-classic=\"false\">Hejl\u00edk<\/span>, produktov\u00fd\u00a0<span class=\"e5id1 advancedHighlight\" data-id=\"48\" data-classic=\"false\">specialista<\/span>\u00a0<span class=\"advancedHighlight SearchKeywordHighlight\" data-classic=\"true\">e-<\/span>mobility z\u00a0<span class=\"e1id10 e4id0 advancedHighlight\" data-id=\"42\" data-classic=\"false\">Porsche<\/span>\u00a0<span class=\"e0id0 advancedHighlight\" data-id=\"15\" data-classic=\"false\">\u010cR<\/span>\u00a0Du\u0161an Klimek, Kirill J\u00e1no\u0161\u00edk ze spole\u010dnosti\u00a0<span class=\"e1id4 e4id1 advancedHighlight\" data-id=\"52\" data-classic=\"false\">PRE<\/span>, Marek Tom\u00ed\u0161ek,\u00a0<span class=\"e5id4 advancedHighlight\" data-id=\"53\" data-classic=\"false\">\u0161\u00e9fredaktor<\/span>\u00a0port\u00e1lu fDrive.cz, a vedouc\u00ed dopravy\u00a0<span class=\"e1id8 advancedHighlight\" data-id=\"54\" data-classic=\"false\">ZZS<\/span>\u00a0<span class=\"e1id8 advancedHighlight\" data-id=\"54\" data-classic=\"false\">Zl\u00ednsk\u00e9ho<\/span>\u00a0<span class=\"e1id8 advancedHighlight\" data-id=\"54\" data-classic=\"false\">kraje<\/span>\u00a0<span class=\"e2id1 advancedHighlight\" data-id=\"57\" data-classic=\"false\">Martin<\/span>\u00a0<span class=\"e2id1 advancedHighlight\" data-id=\"57\" data-classic=\"false\">Kone\u010dn\u00fd<\/span>.<\/p>\n<p>V p\u00e1tek 11. listopadu dopoledne se uskute\u010dn\u00ed na expozici\u00a0<span class=\"e1id7 e4id0 advancedHighlight\" data-id=\"29\" data-classic=\"false\">RENAULT<\/span>\u00a0<span class=\"e0id0 advancedHighlight\" data-id=\"15\" data-classic=\"false\">\u010cR<\/span>\u00a0autogrami\u00e1da\u00a0<span class=\"e2id2 advancedHighlight\" data-id=\"61\" data-classic=\"false\">P\u0159emka<\/span>\u00a0<span class=\"e2id2 advancedHighlight\" data-id=\"61\" data-classic=\"false\">Forejta<\/span>, a to mezi 10.00 a\u017e 12.00.<\/p>\n<p>V\u00a0<span class=\"e0id3 advancedHighlight\" data-id=\"41\" data-classic=\"false\">Hale<\/span>\u00a02D se bude\u00a0<span class=\"e1id5 e4id2 advancedHighlight\" data-id=\"64\" data-classic=\"false\">BESIP<\/span>\u00a0v\u011bnovat t\u00e9matu bezpe\u010dn\u00e9ho pohybu na kolob\u011b\u017ek\u00e1ch, Hala 5 bude pat\u0159it testovac\u00edm j\u00edzd\u00e1m elektromobil\u016f.<\/p>\n<p>V r\u00e1mci veletrhu mysleli organiz\u00e1to\u0159i tak\u00e9 na\u00a0<span class=\"e5id3 advancedHighlight\" data-id=\"65\" data-classic=\"false\">d\u011bti<\/span>, pro kter\u00e9 bude p\u0159ipraven program na st\u00e1nc\u00edch\u00a0<span class=\"e1id3 e4id0 advancedHighlight\" data-id=\"22\" data-classic=\"false\">\u0160koda<\/span>\u00a0<span class=\"e1id3 e4id0 advancedHighlight\" data-id=\"22\" data-classic=\"false\">Auto<\/span>\u00a0nebo\u00a0<span class=\"e1id0 e4id0 advancedHighlight\" data-id=\"8\" data-classic=\"false\">Volkswagen<\/span>\u00a0v\u00a0<span class=\"e0id3 advancedHighlight\" data-id=\"41\" data-classic=\"false\">Hale<\/span>\u00a08<\/p>\n","protected":false},"excerpt":{"rendered":"<div class=\"mh-excerpt\"><p>Odborn\u00fdm a novin\u00e1\u0159sk\u00fdm dnem za\u010d\u00edn\u00e1 v Let\u0148anech historicky nejbohat\u0161\u00ed \u00fa\u010dast ekologick\u00e9 mobility v podob\u011b elektromobil\u016f, hybridn\u00edch a dal\u0161\u00edch ekologick\u00fdch vozidel i dopravn\u00edch prost\u0159edk\u016f, v po\u0159ad\u00ed <a class=\"mh-excerpt-more\" href=\"https:\/\/www.automakersnews.cz\/index.php\/2022\/11\/09\/letnany-startuji-veletrh-e-salon\/\" title=\"Let\u0148ansk\u00fd e-SALON slibuje n\u011bkolik premi\u00e9r\">[&#8230;]<\/a><\/p>\n<\/div>","protected":false},"author":1,"featured_media":2581,"comment_status":"open","ping_status":"open","sticky":false,"template":"","format":"standard","meta":{"footnotes":""},"categories":[28],"tags":[],"class_list":["post-2552","post","type-post","status-publish","format-standard","has-post-thumbnail","hentry","category-vystavy"],"_links":{"self":[{"href":"https:\/\/www.automakersnews.cz\/index.php\/wp-json\/wp\/v2\/posts\/2552","targetHints":{"allow":["GET"]}}],"collection":[{"href":"https:\/\/www.automakersnews.cz\/index.php\/wp-json\/wp\/v2\/posts"}],"about":[{"href":"https:\/\/www.automakersnews.cz\/index.php\/wp-json\/wp\/v2\/types\/post"}],"author":[{"embeddable":true,"href":"https:\/\/www.automakersnews.cz\/index.php\/wp-json\/wp\/v2\/users\/1"}],"replies":[{"embeddable":true,"href":"https:\/\/www.automakersnews.cz\/index.php\/wp-json\/wp\/v2\/comments?post=2552"}],"version-history":[{"count":0,"href":"https:\/\/www.automakersnews.cz\/index.php\/wp-json\/wp\/v2\/posts\/2552\/revisions"}],"wp:featuredmedia":[{"embeddable":true,"href":"https:\/\/www.automakersnews.cz\/index.php\/wp-json\/wp\/v2\/media\/2581"}],"wp:attachment":[{"href":"https:\/\/www.automakersnews.cz\/index.php\/wp-json\/wp\/v2\/media?parent=2552"}],"wp:term":[{"taxonomy":"category","embeddable":true,"href":"https:\/\/www.automakersnews.cz\/index.php\/wp-json\/wp\/v2\/categories?post=2552"},{"taxonomy":"post_tag","embeddable":true,"href":"https:\/\/www.automakersnews.cz\/index.php\/wp-json\/wp\/v2\/tags?post=2552"}],"curies":[{"name":"wp","href":"https:\/\/api.w.org\/{rel}","templated":true}]}}