{"id":25680,"date":"2023-03-01T09:21:06","date_gmt":"2023-03-01T09:21:06","guid":{"rendered":"https:\/\/www.automakersnews.cz\/?p=25680"},"modified":"2023-03-01T09:21:06","modified_gmt":"2023-03-01T09:21:06","slug":"tesla-chce-postavit-zavod-v-mexiku","status":"publish","type":"post","link":"https:\/\/www.automakersnews.cz\/index.php\/2023\/03\/01\/tesla-chce-postavit-zavod-v-mexiku\/","title":{"rendered":"Tesla chce postavit z\u00e1vod v Mexiku"},"content":{"rendered":"<p><strong>Tesla postav\u00ed z\u00e1vod ve m\u011bst\u011b Monterrey v mexick\u00e9m st\u00e1t\u011b Nuevo Le\u00f3n. V \u00fater\u00fd to ozn\u00e1mil mexick\u00fd prezident Andr\u00e9s Manuel L\u00f3pez Obrador, kter\u00fd o podm\u00ednk\u00e1ch v\u00fdstavby o den d\u0159\u00edv telefonicky hovo\u0159il s \u0161\u00e9fem automobilky Elonem Muskem.<\/strong><!--more--><\/p>\n<p>Podle zdroje agentury Reuters obezn\u00e1men\u00e9ho se situac\u00ed bude investice do tov\u00e1rny na po\u010d\u00e1tku \u010dinit zhruba miliardu dolar\u016f (p\u0159es 22 miliard K\u010d) a v dal\u0161\u00edch f\u00e1z\u00edch by se jej\u00ed celkov\u00e1 v\u00fd\u0161e mohla vy\u0161plhat a\u017e na deset miliard dolar\u016f.<\/p>\n<div class=\"e_dj\" data-dot=\"mol-paragraph\">\n<p class=\"c_dj\"><span class=\"c_dB\">\u201eBude to p\u0159edstavovat velkou investici a\u00a0velmi mnoho pracovn\u00edch m\u00edst,\u201c uvedl mexick\u00fd prezident. Investici popsal jako \u201eautomobilovou tov\u00e1rnu\u201c, kter\u00e1 bude \u201evelmi velk\u00e1\u201c. Musk ji\u017e v\u00a0uplynul\u00fdch m\u011bs\u00edc\u00edch avizoval, \u017ee Tesla p\u0159edstav\u00ed pl\u00e1ny na novou tov\u00e1rnu.<\/span><\/p>\n<\/div>\n<div class=\"e_dj\" data-dot=\"mol-paragraph\">\n<p class=\"c_dj\"><span class=\"c_dB\">Monterrey je pr\u016fmyslov\u00fdm centrem na severov\u00fdchod\u011b Mexika. V\u00a0minulosti se prezident stav\u011bl proti v\u00fdstavb\u011b z\u00e1vodu ve st\u00e1t\u011b Nuevo Le\u00f3n odm\u00edtav\u011b. V\u00a0regionu je toti\u017e nedostatek vody a\u00a0prezident je\u0161t\u011b minul\u00fd t\u00fdden \u0159\u00edkal, \u017ee pokud bude v\u00a0oblasti m\u00e1lo vody, Tesla tam stav\u011bt nebude. Nyn\u00ed ale firma podle prezidenta nab\u00eddla s\u00e9rii z\u00e1vazn\u00fdch n\u00e1vrh\u016f, jak probl\u00e9m s\u00a0vodou \u0159e\u0161it.<\/span><\/p>\n<\/div>\n","protected":false},"excerpt":{"rendered":"<div class=\"mh-excerpt\"><p>Tesla postav\u00ed z\u00e1vod ve m\u011bst\u011b Monterrey v mexick\u00e9m st\u00e1t\u011b Nuevo Le\u00f3n. V \u00fater\u00fd to ozn\u00e1mil mexick\u00fd prezident Andr\u00e9s Manuel L\u00f3pez Obrador, kter\u00fd o podm\u00ednk\u00e1ch v\u00fdstavby <a class=\"mh-excerpt-more\" href=\"https:\/\/www.automakersnews.cz\/index.php\/2023\/03\/01\/tesla-chce-postavit-zavod-v-mexiku\/\" title=\"Tesla chce postavit z\u00e1vod v Mexiku\">[&#8230;]<\/a><\/p>\n<\/div>","protected":false},"author":1,"featured_media":526,"comment_status":"open","ping_status":"open","sticky":false,"template":"","format":"standard","meta":{"footnotes":""},"categories":[9],"tags":[],"class_list":["post-25680","post","type-post","status-publish","format-standard","has-post-thumbnail","hentry","category-investice"],"_links":{"self":[{"href":"https:\/\/www.automakersnews.cz\/index.php\/wp-json\/wp\/v2\/posts\/25680","targetHints":{"allow":["GET"]}}],"collection":[{"href":"https:\/\/www.automakersnews.cz\/index.php\/wp-json\/wp\/v2\/posts"}],"about":[{"href":"https:\/\/www.automakersnews.cz\/index.php\/wp-json\/wp\/v2\/types\/post"}],"author":[{"embeddable":true,"href":"https:\/\/www.automakersnews.cz\/index.php\/wp-json\/wp\/v2\/users\/1"}],"replies":[{"embeddable":true,"href":"https:\/\/www.automakersnews.cz\/index.php\/wp-json\/wp\/v2\/comments?post=25680"}],"version-history":[{"count":0,"href":"https:\/\/www.automakersnews.cz\/index.php\/wp-json\/wp\/v2\/posts\/25680\/revisions"}],"wp:featuredmedia":[{"embeddable":true,"href":"https:\/\/www.automakersnews.cz\/index.php\/wp-json\/wp\/v2\/media\/526"}],"wp:attachment":[{"href":"https:\/\/www.automakersnews.cz\/index.php\/wp-json\/wp\/v2\/media?parent=25680"}],"wp:term":[{"taxonomy":"category","embeddable":true,"href":"https:\/\/www.automakersnews.cz\/index.php\/wp-json\/wp\/v2\/categories?post=25680"},{"taxonomy":"post_tag","embeddable":true,"href":"https:\/\/www.automakersnews.cz\/index.php\/wp-json\/wp\/v2\/tags?post=25680"}],"curies":[{"name":"wp","href":"https:\/\/api.w.org\/{rel}","templated":true}]}}