{"id":25871,"date":"2023-03-02T14:11:07","date_gmt":"2023-03-02T14:11:07","guid":{"rendered":"https:\/\/www.automakersnews.cz\/?p=25871"},"modified":"2023-03-02T14:12:27","modified_gmt":"2023-03-02T14:12:27","slug":"mercedes-benz-trucks-mel-vyrocni-tiskovou-konferenci","status":"publish","type":"post","link":"https:\/\/www.automakersnews.cz\/index.php\/2023\/03\/02\/mercedes-benz-trucks-mel-vyrocni-tiskovou-konferenci\/","title":{"rendered":"Mercedes-Benz Trucks m\u011bl v\u00fdro\u010dn\u00ed tiskovku"},"content":{"rendered":"<p><strong>Mercedes-Benz Trucks loni obh\u00e1jil celkov\u00e9 prvenstv\u00ed v prodeji n\u00e1kladn\u00edch automobil\u016f nad 6 tun celkov\u00e9 hmotnosti v \u010cesk\u00e9 republice. Na v\u00fdro\u010dn\u00ed tiskov\u00e9 konferenci prezentoval CEO Josef Ma\u0159\u00edk a jeho kolegov\u00e9 v\u00fdsledky roku 2022, novinky z prodejn\u00ed a servisn\u00ed s\u00edt\u011b a produktov\u00e9 novinky pro rok 2023 zna\u010dek Mercedes-Benz a Fuso. <\/strong><strong>\u00a0<\/strong><\/p>\n<p><!--more--><\/p>\n<p>V roce 2022 bylo podle \u00fadaj\u016f z\u00a0registru vozidel z\u00a02.1.2023 v\u00a0\u010cR nov\u011b registrov\u00e1no celkem 8.563 n\u00e1kladn\u00edch automobil\u016f, tedy jen o necel\u00fdch 300 vozidel v\u00edce, ne\u017e v\u00a0roce 2021. Z\u00a0toho bylo 1.795 n\u00e1kladn\u00edch vozidel Mercedes-Benz s celkovou hmotnost\u00ed nad 6t. Mercedes-Benz Trucks t\u00edm dos\u00e1hl op\u011bt prvn\u00edho m\u00edsta mezi dovozci a v\u00fdrobci n\u00e1kladn\u00edch voz\u016f, p\u0159i\u010dem\u017e si oproti lo\u0148sku v\u00fdrazn\u011b vylep\u0161il pod\u00edl na trhu z 18,4% na 21%.<\/p>\n<p>V\u00a0oblasti poprodejn\u00edch slu\u017eeb pracujeme s\u00a0vozov\u00fdm parkem, kter\u00fd v\u00a0\u010cesk\u00e9 republice \u010d\u00edt\u00e1 p\u0159ibli\u017en\u011b 22.500 n\u00e1kladn\u00edch vozidel zna\u010dky Mercedes-Benz. Autorizovanou s\u00ed\u0165 nav\u0161t\u011bvuje v\u00edce ne\u017e polovina tohoto po\u010dtu, asi 14.000 vozidel, kter\u00e9 v\u00a0roce 2022 p\u0159inesly do na\u0161\u00ed zna\u010dkov\u00e9 s\u00edt\u011b okolo 40.000 servisn\u00edch zak\u00e1zek, 270.000 hodin pr\u00e1ce servis\u016f a 800 milion\u016f K\u010d v\u00a0obratu n\u00e1hradn\u00edch d\u00edl\u016f. V\u00a0\u010cesk\u00e9 republice se o vozov\u00fd park star\u00e1 20 autorizovan\u00fdch servis\u016f, kter\u00e9 zam\u011bstn\u00e1vaj\u00ed 240 mechanik\u016f. St\u00e1le se sna\u017e\u00edme na\u0161e slu\u017eby zkvalit\u0148ovat a proto pr\u016fb\u011b\u017en\u011b hled\u00e1me dal\u0161\u00ed zam\u011bstnance. Jsme p\u0159ipraveni si nov\u00e9 zam\u011bstnance vzd\u011bl\u00e1vat sami a proto jsme nav\u00e1zali kontakty s\u00a0\u0159adou odborn\u00fdch \u0161kol a u\u010dili\u0161\u0165 v\u00a0cel\u00e9 \u010cesk\u00e9 republice, ve kter\u00fdch hled\u00e1me budouc\u00ed mechaniky a dal\u0161\u00ed odborn\u00edky do na\u0161ich servis\u016f.<\/p>\n<p>Jedna z\u00a0cest zefektiv\u0148ov\u00e1n\u00ed servisn\u00ed pr\u00e1ce a podpory pro z\u00e1kazn\u00edky je vy\u0161\u0161\u00ed m\u00edra digitalizace. P\u0159edpokl\u00e1d\u00e1me, \u017ee v\u00a0bl\u00edzk\u00e9 budoucnosti bude v\u011bt\u0161ina vozidel sledov\u00e1na online. Na\u0161e telematick\u00e1 platforma FleetBoard neslou\u017e\u00ed jen ke sledov\u00e1n\u00ed pozice a provozu vozidel a k\u00a0p\u0159enosu zak\u00e1zek, ale je vyu\u017e\u00edv\u00e1na i ke sd\u00edlen\u00ed dat z\u00a0vozidel se servisn\u00ed s\u00edt\u00ed. M\u00e1me 3200 vozidel s\u00a0aktivn\u00ed servisn\u00ed smlouvou, o kter\u00e1 pe\u010duje n\u00e1\u0161 servis a z\u00e1kazn\u00edci maj\u00ed zaji\u0161t\u011bny transparentn\u00ed a p\u0159edv\u00eddateln\u00e9 servisn\u00ed n\u00e1klady. P\u0159es 2000 vozidel vyu\u017e\u00edv\u00e1 slu\u017ebu Uptime, kter\u00e1 zaji\u0161\u0165uje online spojen\u00ed mezi vozidlem, spr\u00e1vou vozov\u00e9ho parku a domovsk\u00fdm servisem a umo\u017e\u0148uje jednak pl\u00e1novat pot\u0159ebn\u00e9 servisn\u00ed pr\u00e1ce, jednak je sdru\u017eovat tak, aby vozidlo nav\u0161t\u011bvovalo servis co nejm\u00e9n\u011b, a z\u00e1rove\u0148 v\u00a0n\u011bkter\u00fdch p\u0159\u00edpadech dok\u00e1\u017ee p\u0159edch\u00e1zet poruch\u00e1m na cest\u011b.<\/p>\n<figure id=\"attachment_25901\" aria-describedby=\"caption-attachment-25901\" style=\"width: 300px\" class=\"wp-caption alignnone\"><img loading=\"lazy\" decoding=\"async\" class=\"size-medium wp-image-25901\" src=\"http:\/\/www.automakersnews.cz\/wp-content\/uploads\/2023\/03\/IMG_7986-300x225.jpg\" alt=\"\" width=\"300\" height=\"225\" srcset=\"https:\/\/www.automakersnews.cz\/wp-content\/uploads\/2023\/03\/IMG_7986-300x225.jpg 300w, https:\/\/www.automakersnews.cz\/wp-content\/uploads\/2023\/03\/IMG_7986-326x245.jpg 326w, https:\/\/www.automakersnews.cz\/wp-content\/uploads\/2023\/03\/IMG_7986-80x60.jpg 80w, https:\/\/www.automakersnews.cz\/wp-content\/uploads\/2023\/03\/IMG_7986.jpg 640w\" sizes=\"auto, (max-width: 300px) 100vw, 300px\" \/><figcaption id=\"caption-attachment-25901\" class=\"wp-caption-text\">Tiskovka se konala 28.2. 2023 v s\u00eddle spole\u010dnosti Mercedes-Benz Trucks \u010cesk\u00e1 republika s.r.o. v Praze Stod\u016flk\u00e1ch<\/figcaption><\/figure>\n<h4><strong><u>Novinky z\u00a0prodejn\u00ed a servisn\u00ed s\u00edt\u011b\u00a0 <\/u><\/strong><\/h4>\n<p><strong>1.P\u0159ejmenov\u00e1n\u00ed dovozce Mercedes-Benz Trucks \u010cesk\u00e1 republika s.r.o.<\/strong><\/p>\n<p>V\u00a0souladu s\u00a0koncernovou politikou a s\u00a0ohledem na dohodu koncernu Daimler Truck AG se spole\u010dnost\u00ed Mercedes-Benz Group, kter\u00e1 vlastn\u00ed pr\u00e1va ke zna\u010dce Mercedes-Benz, se k\u00a030.6.2023 p\u0159ejmenuje dovozce n\u00e1kladn\u00edch vozidel pro \u010cR na <strong>Daimler Truck \u010cesk\u00e1 republika s.r.o.<\/strong>. Na p\u0159edm\u011btu dovozu, produktech ani slu\u017eb\u00e1ch se nic nem\u011bn\u00ed. Komunikace, t\u00fdkaj\u00edc\u00ed se produkt\u016f, bude nad\u00e1le vedena v\u00a0r\u00e1mci zna\u010dek Mercedes-Benz a Fuso.<\/p>\n<p><strong>2.Lokace Velk\u00fd T\u00fdnec<\/strong><\/p>\n<p>Budov\u00e1n\u00ed a zvy\u0161ov\u00e1n\u00ed kapacity servisn\u00ed s\u00edt\u011b n\u00e1kladn\u00edch vozidel zna\u010dek Mercedes-Benz a Fuso pokra\u010duje na Morav\u011b. V\u00a0\u010dervnu 2022 byl polo\u017een z\u00e1kladn\u00ed k\u00e1men nov\u00e9ho prodejn\u00edho a servisn\u00edho centra u obce Velk\u00fd T\u00fdnec na kraji Olomouce.<\/p>\n<p><img loading=\"lazy\" decoding=\"async\" class=\"alignnone size-medium wp-image-25900\" src=\"http:\/\/www.automakersnews.cz\/wp-content\/uploads\/2023\/03\/Velky-Tynec--300x169.png\" alt=\"\" width=\"300\" height=\"169\" srcset=\"https:\/\/www.automakersnews.cz\/wp-content\/uploads\/2023\/03\/Velky-Tynec--300x169.png 300w, https:\/\/www.automakersnews.cz\/wp-content\/uploads\/2023\/03\/Velky-Tynec--678x384.png 678w, https:\/\/www.automakersnews.cz\/wp-content\/uploads\/2023\/03\/Velky-Tynec-.png 682w\" sizes=\"auto, (max-width: 300px) 100vw, 300px\" \/><\/p>\n<p>Celkov\u00e1 rozloha na\u0161eho are\u00e1lu je p\u0159es 52.000m2. Zastav\u011bn\u00e1 plocha je 36.000 m2 v\u010detn\u011b venkovn\u00edch zpevn\u011bn\u00fdch ploch a komunikac\u00ed. Ostatn\u00ed plochy are\u00e1lu budou zelen\u00e9. Vlastn\u00ed plocha staveb se v\u00a0t\u00e9to etap\u011b pohybuje okolo 2000 m2, podlahov\u00e9 plochy po zapo\u010dten\u00ed patra budovy \u010din\u00ed cca 2700 m2. Jak jsme ji\u017e avizovali v\u00a0dob\u011b pokl\u00e1d\u00e1n\u00ed z\u00e1kladn\u00edho kamene, postav\u00edme v\u00a0t\u00e9to etap\u011b zat\u00edm prvn\u00ed polovinu servisu z\u00a0cel\u00e9ho projektu, na kter\u00fd m\u00e1me stavebn\u00ed povolen\u00ed. V\u00a0servisu budeme m\u00edt 10 servisn\u00edch pracovi\u0161\u0165, \u010d\u00e1ste\u010dn\u011b se zved\u00e1ky nebo mont\u00e1\u017en\u00edmi j\u00e1mami, a 2 diagnostick\u00e1 pracovi\u0161t\u011b. Celkem po\u010d\u00edt\u00e1me s\u00a0p\u0159ibli\u017en\u011b 50 zam\u011bstnanci ve dvousm\u011bnn\u00e9m provozu servisu s\u00a0pracovn\u00ed dobou od 6 do 22 hodin po sedm dn\u016f v\u00a0t\u00fddnu.<\/p>\n<p>Zam\u011bstnance jsme za\u010dali aktivn\u011b hledat ji\u017e od lo\u0148sk\u00e9ho l\u00e9ta a d\u00edky tomu m\u00e1me ji\u017e prakticky v\u0161echna pot\u0159ebn\u00e1 pracovn\u00ed m\u00edsta obsazena. Nov\u00fd t\u00fdm u\u017e jsme za\u010dali p\u0159ipravovat na zah\u00e1jen\u00ed provozu. V\u00a0sou\u010dasn\u00e9 dob\u011b ji\u017e prob\u00edh\u00e1 \u0161kolen\u00ed nov\u00fdch zam\u011bstnanc\u016f, a to p\u0159edev\u0161\u00edm v\u00a0na\u0161em domovsk\u00e9m are\u00e1lu v\u00a0Praze 5 \u2013 Stod\u016flk\u00e1ch.<\/p>\n<p>Servis bude vybaven na ve\u0161ker\u00e9 b\u011b\u017en\u00e9 oprav\u00e1rensk\u00e9 a \u00fadr\u017ebov\u00e9 pr\u00e1ce. Bude zaji\u0161\u0165ovat i asisten\u010dn\u00ed 24-hodinovou slu\u017ebu. Pro opravy na cest\u011b nebo u z\u00e1kazn\u00edk\u016f budou slou\u017eit mobiln\u00ed servisn\u00ed vozidla. Na\u0161\u00ed specialitou je i mobiln\u00ed pneuservis, kter\u00fd m\u016f\u017ee pracovat jak v\u00a0na\u0161em vlastn\u00edm are\u00e1lu, tak je schopn\u00fd prov\u00e1d\u011bt p\u0159ezouv\u00e1n\u00ed kol nebo opravy p\u0159\u00edmo u z\u00e1kazn\u00edk\u016f nebo jinde.<\/p>\n<p><strong>3.Servisn\u00ed a prodejn\u00ed st\u0159edisko Croy Bravantice<\/strong><\/p>\n<p>Spole\u010dnost Croy je jedn\u00edm z\u00a0autorizovan\u00fdch z\u00e1stupc\u016f a opravc\u016f n\u00e1kladn\u00edch vozidel zna\u010dky Mercedes-Benz i Fuso, dovozcem speci\u00e1ln\u00edch vozidel Mercedes-Benz Unimog a tak\u00e9 z\u00e1stupcem a dovozcem speci\u00e1ln\u00edch n\u00e1staveb a za\u0159\u00edzen\u00ed \u0159ady zna\u010dek, jako je nap\u0159\u00edklad Faun, Schmidt, Mulag a dal\u0161\u00ed. Pobl\u00ed\u017e sjezdu z\u00a0d\u00e1lnice u Bravantic nedaleko Ostravy je ji\u017e postaveno a zahajuje zku\u0161ebn\u00ed provoz nov\u00e9 servisn\u00ed a prodejn\u00ed centrum t\u00e9to firmy, kter\u00e9 bude zaji\u0161\u0165ovat prodej a servis zm\u00edn\u011bn\u00fdch vozidel a n\u00e1staveb pro moravsk\u00fd region. Stavba byla zah\u00e1jena koncem roku 2021.<\/p>\n<p><strong>4.Zalo\u017een\u00ed Daimler Truck and Bus Slovakia<\/strong><\/p>\n<p>Tak jako se rozd\u011blil dovozce vozidel v\u00a0\u010cR na dovozce osobn\u00edch a dod\u00e1vkov\u00fdch voz\u016f a dovozce n\u00e1kladn\u00edch voz\u016f, i na Slovensku ze z\u00a0dosavadn\u00ed spole\u010dnosti Mercedes-Benz Slovakia vy\u010dlenila nov\u00e1 spole\u010dnost Daimler Truck and Bus Slovakia s.r.o., kter\u00e1 bude nov\u00fdm dovozcem portfolia produkt\u016f koncernu Daimler Truck AG na Slovensku.<\/p>\n<p>Organiza\u010dn\u011b jde o nov\u011b zalo\u017eenou samostatnou firmu, kter\u00e1 je ale prost\u0159ednictv\u00edm managementu propojena s\u00a0\u010desk\u00fdm dovozcem Mercedes-Benz Trucks \u010cR. Ji\u017e nyn\u00ed prob\u00edh\u00e1 spolupr\u00e1ce mezi \u010deskou a slovenskou spole\u010dnost\u00ed na \u00farovni spojov\u00e1n\u00ed n\u011bkter\u00fdch \u010dinnost\u00ed, jako nap\u0159\u00edklad \u0161kolen\u00ed person\u00e1lu, logistiky n\u00e1hradn\u00edch d\u00edl\u016f nebo n\u011bkter\u00fdch administrativn\u00edch a \u00fa\u010detn\u00edch prac\u00ed.<\/p>\n<p>V\u00a0roce 2023 za\u010dne v\u00a0pr\u016fmyslov\u00e9 z\u00f3n\u011b u Sence stavba nov\u00e9ho s\u00eddla tohoto slovensk\u00e9ho dovozce v\u010detn\u011b prodejn\u00edho a servisn\u00edho z\u00e1zem\u00ed.<\/p>\n","protected":false},"excerpt":{"rendered":"<div class=\"mh-excerpt\"><p>Mercedes-Benz Trucks loni obh\u00e1jil celkov\u00e9 prvenstv\u00ed v prodeji n\u00e1kladn\u00edch automobil\u016f nad 6 tun celkov\u00e9 hmotnosti v \u010cesk\u00e9 republice. Na v\u00fdro\u010dn\u00ed tiskov\u00e9 konferenci prezentoval CEO Josef <a class=\"mh-excerpt-more\" href=\"https:\/\/www.automakersnews.cz\/index.php\/2023\/03\/02\/mercedes-benz-trucks-mel-vyrocni-tiskovou-konferenci\/\" title=\"Mercedes-Benz Trucks m\u011bl v\u00fdro\u010dn\u00ed tiskovku\">[&#8230;]<\/a><\/p>\n<\/div>","protected":false},"author":2,"featured_media":25902,"comment_status":"open","ping_status":"open","sticky":false,"template":"","format":"standard","meta":{"footnotes":""},"categories":[37,29],"tags":[],"class_list":["post-25871","post","type-post","status-publish","format-standard","has-post-thumbnail","hentry","category-importeri","category-tiskovky"],"_links":{"self":[{"href":"https:\/\/www.automakersnews.cz\/index.php\/wp-json\/wp\/v2\/posts\/25871","targetHints":{"allow":["GET"]}}],"collection":[{"href":"https:\/\/www.automakersnews.cz\/index.php\/wp-json\/wp\/v2\/posts"}],"about":[{"href":"https:\/\/www.automakersnews.cz\/index.php\/wp-json\/wp\/v2\/types\/post"}],"author":[{"embeddable":true,"href":"https:\/\/www.automakersnews.cz\/index.php\/wp-json\/wp\/v2\/users\/2"}],"replies":[{"embeddable":true,"href":"https:\/\/www.automakersnews.cz\/index.php\/wp-json\/wp\/v2\/comments?post=25871"}],"version-history":[{"count":0,"href":"https:\/\/www.automakersnews.cz\/index.php\/wp-json\/wp\/v2\/posts\/25871\/revisions"}],"wp:featuredmedia":[{"embeddable":true,"href":"https:\/\/www.automakersnews.cz\/index.php\/wp-json\/wp\/v2\/media\/25902"}],"wp:attachment":[{"href":"https:\/\/www.automakersnews.cz\/index.php\/wp-json\/wp\/v2\/media?parent=25871"}],"wp:term":[{"taxonomy":"category","embeddable":true,"href":"https:\/\/www.automakersnews.cz\/index.php\/wp-json\/wp\/v2\/categories?post=25871"},{"taxonomy":"post_tag","embeddable":true,"href":"https:\/\/www.automakersnews.cz\/index.php\/wp-json\/wp\/v2\/tags?post=25871"}],"curies":[{"name":"wp","href":"https:\/\/api.w.org\/{rel}","templated":true}]}}