{"id":2595,"date":"2022-11-09T10:26:02","date_gmt":"2022-11-09T10:26:02","guid":{"rendered":"https:\/\/www.automakersnews.cz\/?p=2595"},"modified":"2022-11-09T14:24:30","modified_gmt":"2022-11-09T14:24:30","slug":"cipy-omezi-vyrobu-aut-az-do-roku-2024","status":"publish","type":"post","link":"https:\/\/www.automakersnews.cz\/index.php\/2022\/11\/09\/cipy-omezi-vyrobu-aut-az-do-roku-2024\/","title":{"rendered":"\u010cipy omez\u00ed v\u00fdrobu aut a\u017e do roku 2024"},"content":{"rendered":"<p class=\"c_a7 f_ee\" data-dot=\"ogm-article-perex\"><strong>Autopr\u016fmysl se bude s omezov\u00e1n\u00edm v\u00fdroby v d\u016fsledku nedostatku \u010dip\u016f pot\u00fdkat p\u0159inejmen\u0161\u00edm do roku 2024. P\u0159edpov\u00edd\u00e1 to podle agentury DPA studie poradensk\u00e9 spole\u010dnosti Alix Partners.<\/strong><!--more--><\/p>\n<div class=\"f_ef\">\n<div class=\"ogm-main-media__container\" data-dot=\"ogm-main-media\" data-e2e=\"ogm-main-media\">\n<figure class=\"e_a3\" aria-label=\"Galerie V\u00fdroba bateriov\u00fdch syst\u00e9m\u016f pro platformu MEB v\u00a0Mlad\u00e9 Boleslavi (ilustra\u010dn\u00ed foto)\" data-dot=\"mol-figure\" data-dot-data=\"{&quot;mediaItemType&quot;:&quot;foto&quot;}\">\n<div class=\"c_P e_bC\">\n<div class=\"c_Q\" tabindex=\"0\">\n<div class=\"c_ac c_d c_h\">\n<div class=\"atm-sizer\"><\/div>\n<p><img decoding=\"async\" class=\"c_j c_e\" src=\"https:\/\/d15-a.sdn.cz\/d_15\/c_img_QJ_o\/T1eJj.jpeg?fl=cro,0,24,1280,720%7Cres,1200,,1%7Cwebp,75\" sizes=\"(max-width: 850px) 100vw, 678px\" srcset=\"\/\/d15-a.sdn.cz\/d_15\/c_img_QJ_o\/T1eJj.jpeg?fl=cro,0,24,1280,720%7Cres,320,,1%7Cwebp,75 320w, \/\/d15-a.sdn.cz\/d_15\/c_img_QJ_o\/T1eJj.jpeg?fl=cro,0,24,1280,720%7Cres,480,,1%7Cwebp,75 480w, \/\/d15-a.sdn.cz\/d_15\/c_img_QJ_o\/T1eJj.jpeg?fl=cro,0,24,1280,720%7Cres,600,,1%7Cwebp,75 600w, \/\/d15-a.sdn.cz\/d_15\/c_img_QJ_o\/T1eJj.jpeg?fl=cro,0,24,1280,720%7Cres,722,,1%7Cwebp,75 722w, \/\/d15-a.sdn.cz\/d_15\/c_img_QJ_o\/T1eJj.jpeg?fl=cro,0,24,1280,720%7Cres,1024,,1%7Cwebp,75 1024w, \/\/d15-a.sdn.cz\/d_15\/c_img_QJ_o\/T1eJj.jpeg?fl=cro,0,24,1280,720%7Cres,1280,,1%7Cwebp,75 1280w\" \/><\/p>\n<\/div>\n<\/div>\n<p class=\"c_a7\"><span class=\"mol-figure__caption-text\">V\u00fdroba bateriov\u00fdch syst\u00e9m\u016f pro platformu MEB v Mlad\u00e9 Boleslavi (ilustra\u010dn\u00ed foto)<\/span><\/p>\n<\/div>\n<\/figure>\n<\/div>\n<\/div>\n<div class=\"ogm-container _6231b388c0086990921bf42b\">\n<div class=\"f_fr\" data-e2e=\"ogm-article-layout\">\n<article class=\"f_ft\" role=\"article\" aria-labelledby=\"accessibility-article\">\n<div class=\"f_fs\" data-dot=\"ogm-article-content\">\n<div class=\"e_aZ e_bf\">\n<div class=\"e_a7\" data-dot=\"mol-paragraph\">\n<p class=\"c_a7\"><span class=\"c_bU\">Studie upozor\u0148uje, \u017ee popt\u00e1vka po \u010dipech pro automobily s rozvojem digitalizace a elektrifikace roste, zat\u00edmco dodavatel\u00e9 \u010dip\u016f se kv\u016fli hrozb\u011b hospod\u00e1\u0159sk\u00e9 recese a stoupaj\u00edc\u00edm \u00farokov\u00fdm sazb\u00e1m zdr\u00e1haj\u00ed investovat do nov\u00fdch v\u00fdrobn\u00edch kapacit.<\/span><\/p>\n<\/div>\n<div class=\"e_a7\" data-dot=\"mol-paragraph\">\n<p class=\"c_a7\"><span class=\"c_bU\">Situaci podle studie komplikuje rovn\u011b\u017e skute\u010dnost, \u017ee ziskov\u00e9 mar\u017ee dodavatel\u016f jsou u\u00a0b\u011b\u017en\u00fdch \u010dip\u016f pro automobily a\u017e o\u00a011\u00a0procentn\u00edch bod\u016f ni\u017e\u0161\u00ed ne\u017e u\u00a0\u010dip\u016f pro z\u00e1bavn\u00ed elektroniku \u010di pro pr\u016fmyslov\u00e9 z\u00e1kazn\u00edky. <\/span><\/p>\n<\/div>\n<div class=\"e_a7\" data-dot=\"mol-paragraph\">\n<p class=\"c_a7\"><span class=\"c_bU\">Automobilov\u00fd pr\u016fmysl je nav\u00edc z\u00a0pohledu dodavatel\u016f \u201epouze mal\u00fdm odb\u011bratelem \u010dip\u016f\u201c s\u00a0pod\u00edlem mezi \u0161esti a\u00a0deseti procenty na glob\u00e1ln\u00ed v\u00fdrobn\u00ed kapacit\u011b, p\u00ed\u0161e se ve studii.<\/span><\/p>\n<\/div>\n<div class=\"e_dN\"><\/div>\n<div class=\"c_P e_dQ\">\n<div class=\"c_Q\">\n<div class=\"c_ac c_d c_h\">\n<p class=\"c_a7\"><span class=\"c_bU\">Popt\u00e1vka po \u010dipech pro automobily bude podle studie i v roce 2024 p\u0159evy\u0161ovat nab\u00eddku, co\u017e bude tla\u010dit vzh\u016fru ceny t\u011bchto \u010dip\u016f i automobil\u016f. V sou\u010dasn\u00e9 dob\u011b \u010din\u00ed doba od objedn\u00e1n\u00ed do dod\u00e1n\u00ed \u010dip\u016f \u0161est m\u011bs\u00edc\u016f, tak\u017ee je dvakr\u00e1t del\u0161\u00ed ne\u017e obvykle.<\/span><\/p>\n<\/div>\n<\/div>\n<\/div>\n<div class=\"e_eJ js-ad e_aY\">\n<div class=\"e_dN\"><\/div>\n<\/div>\n<\/div>\n<\/div>\n<\/article>\n<\/div>\n<\/div>\n<div class=\"e_a7\" data-dot=\"mol-paragraph\">\n<p class=\"c_a7\"><span class=\"c_bU\">Studie rovn\u011b\u017e upozor\u0148uje, \u017ee v\u00fdvoj nov\u00fdch automobilov\u00fdch model\u016f trv\u00e1 t\u0159i a\u017e p\u011bt let, tak\u017ee v\u00a0dob\u011b uveden\u00ed na trh jsou \u010dipy pou\u017e\u00edvan\u00e9 v\u00a0nov\u00fdch modelech ji\u017e relativn\u011b star\u00e9. Pro dodavatele pak v\u00fdroba t\u011bchto \u010dip\u016f nen\u00ed dostate\u010dn\u011b lukrativn\u00ed. \u201eInvestice polovodi\u010dov\u00e9ho pr\u016fmyslu se zam\u011b\u0159uj\u00ed p\u0159edev\u0161\u00edm na ziskov\u011bj\u0161\u00ed nov\u00e9 technologie,\u201c p\u00ed\u0161e se ve studii.<\/span><\/p>\n<\/div>\n","protected":false},"excerpt":{"rendered":"<div class=\"mh-excerpt\"><p>Autopr\u016fmysl se bude s omezov\u00e1n\u00edm v\u00fdroby v d\u016fsledku nedostatku \u010dip\u016f pot\u00fdkat p\u0159inejmen\u0161\u00edm do roku 2024. P\u0159edpov\u00edd\u00e1 to podle agentury DPA studie poradensk\u00e9 spole\u010dnosti Alix Partners.<\/p>\n<\/div>","protected":false},"author":1,"featured_media":1524,"comment_status":"open","ping_status":"open","sticky":false,"template":"","format":"standard","meta":{"footnotes":""},"categories":[6],"tags":[],"class_list":["post-2595","post","type-post","status-publish","format-standard","has-post-thumbnail","hentry","category-analyza"],"_links":{"self":[{"href":"https:\/\/www.automakersnews.cz\/index.php\/wp-json\/wp\/v2\/posts\/2595","targetHints":{"allow":["GET"]}}],"collection":[{"href":"https:\/\/www.automakersnews.cz\/index.php\/wp-json\/wp\/v2\/posts"}],"about":[{"href":"https:\/\/www.automakersnews.cz\/index.php\/wp-json\/wp\/v2\/types\/post"}],"author":[{"embeddable":true,"href":"https:\/\/www.automakersnews.cz\/index.php\/wp-json\/wp\/v2\/users\/1"}],"replies":[{"embeddable":true,"href":"https:\/\/www.automakersnews.cz\/index.php\/wp-json\/wp\/v2\/comments?post=2595"}],"version-history":[{"count":0,"href":"https:\/\/www.automakersnews.cz\/index.php\/wp-json\/wp\/v2\/posts\/2595\/revisions"}],"wp:featuredmedia":[{"embeddable":true,"href":"https:\/\/www.automakersnews.cz\/index.php\/wp-json\/wp\/v2\/media\/1524"}],"wp:attachment":[{"href":"https:\/\/www.automakersnews.cz\/index.php\/wp-json\/wp\/v2\/media?parent=2595"}],"wp:term":[{"taxonomy":"category","embeddable":true,"href":"https:\/\/www.automakersnews.cz\/index.php\/wp-json\/wp\/v2\/categories?post=2595"},{"taxonomy":"post_tag","embeddable":true,"href":"https:\/\/www.automakersnews.cz\/index.php\/wp-json\/wp\/v2\/tags?post=2595"}],"curies":[{"name":"wp","href":"https:\/\/api.w.org\/{rel}","templated":true}]}}