{"id":26048,"date":"2023-03-02T12:02:33","date_gmt":"2023-03-02T12:02:33","guid":{"rendered":"https:\/\/www.automakersnews.cz\/?p=26048"},"modified":"2023-03-02T14:43:27","modified_gmt":"2023-03-02T14:43:27","slug":"harley-davidson-mel-tiskovku-v-letnanech","status":"publish","type":"post","link":"https:\/\/www.automakersnews.cz\/index.php\/2023\/03\/02\/harley-davidson-mel-tiskovku-v-letnanech\/","title":{"rendered":"Nejv\u011bt\u0161\u00ed st\u00e1nek v Let\u0148anech m\u00e1 Harley"},"content":{"rendered":"<div><strong>Harley &#8211; Davidson m\u00e1 na leto\u0161n\u00edm veletrhu Motocykl historicky nejv\u011bt\u0161\u00ed expozici. Jako jedin\u00fd v Let\u0148anech dokonce st\u00e1nek nab\u00edz\u00ed m\u00f3dn\u00ed show. S novinkami i eventy sezn\u00e1mil novin\u00e1\u0159e \u0161\u00e9f st\u0159edoevropsk\u00e9ho importu Martin He\u0159mansk\u00fd.\u00a0<\/strong><\/div>\n<p><!--more--><\/p>\n<div>Leto\u0161n\u00ed rok se podle n\u011bj\u00a0 ponese p\u0159edev\u0161\u00edm <b>ve znamen\u00ed oslav 120. v\u00fdro\u010d\u00ed<\/b>\u00a0&#8211; ty prob\u011bhnou v \u010dervnu v Budape\u0161ti a o m\u011bs\u00edc pozd\u011bji p\u0159\u00edmo v rodi\u0161ti Harley-Davidson v americk\u00e9m Milwaukee a na obou m\u00edstech budou m\u00edt podobu 4denn\u00edch oslav pln\u00fdch motocyklov\u00e9 kultury, adrenalinu, koncert\u016f, z\u00e1bavy a dobr\u00e9ho j\u00eddla a pit\u00ed.<\/div>\n<div>\n<figure id=\"attachment_26127\" aria-describedby=\"caption-attachment-26127\" style=\"width: 1024px\" class=\"wp-caption alignnone\"><img loading=\"lazy\" decoding=\"async\" class=\"size-large wp-image-26127\" src=\"http:\/\/www.automakersnews.cz\/wp-content\/uploads\/2023\/03\/Harley_Hermansky-Motocykl-2023-1024x768.jpg\" alt=\"\" width=\"1024\" height=\"768\" \/><figcaption id=\"caption-attachment-26127\" class=\"wp-caption-text\">Novin\u00e1\u0159e provedl expozic\u00ed na veletrhu Motocykl Martin He\u0159mansk\u00fd<\/figcaption><\/figure>\n<\/div>\n<div><\/div>\n<div>Mimo to se letos do \u010cR vr\u00e1t\u00ed i akce\u00a0<b>Harley on Tour<\/b>, kdy kamion pln\u00fd motocykl\u016f Harley-Davidson zastavuje v m\u00edstech ofici\u00e1ln\u00edch dealerstv\u00ed zna\u010dky a umo\u017e\u0148uje z\u00e1jemc\u016fm si b\u011bhem 2 dn\u00ed vyzkou\u0161et jak\u00fdkoli model aktu\u00e1ln\u00ed \u0159ady a u\u017e\u00edt si j\u00edzdu i osobit\u00e9 j\u00edzdn\u00ed vlastnosti stoj\u016f Harley-Davidson.<\/div>\n<div><\/div>\n<div>Z\u00e1v\u011br motosez\u00f3ny pak u n\u00e1s bude op\u011bt pat\u0159it\u00a0<b>Prague Harley Days<\/b>, kter\u00e9 se letos uskute\u010dn\u00ed 1. &#8211; 3. z\u00e1\u0159\u00ed na hole\u0161ovick\u00e9m V\u00fdstavi\u0161ti a budou oslavou svobody, volnosti, americk\u00e9ho \u017eivotn\u00edho stylu a v\u0161eho, co k tomu pat\u0159\u00ed. Spoj\u00ed se op\u011bt s Burgerfestem a chyb\u011bt nebude ani spanil\u00e1 j\u00edzda, v\u00fdstava motocykl\u016f, testovac\u00ed j\u00edzdy zdarma, family z\u00f3na, adrenalin z\u00f3na s FMX exhibicemi i uk\u00e1zkami typick\u00fdch americk\u00fdch sport\u016f, stejn\u011b jako koncerty, z\u00e1bava, dobr\u00e9 j\u00eddlo a pit\u00ed a \u0159ada kulin\u00e1rn\u00edch workshop\u016f.<\/div>\n<div><\/div>\n<div>Prvn\u00ed akc\u00ed leto\u0161n\u00edho roku je ale pro Harley-Davidosn pr\u00e1v\u011b zm\u00edn\u011bn\u00e1\u00a0<b>v\u00fdstava Motocykl 2023<\/b>, kter\u00e1 prob\u00edh\u00e1 a\u017e do ned\u011ble 5. b\u0159ezna v PVA Expo Let\u0148any a Harley-Davidson se zde p\u0159edstavuje ve sv\u00e9 historicky n nejv\u011bt\u0161\u00ed expozici. K vid\u011bn\u00ed jsou jak motocykly z limitovan\u00e9 v\u00fdro\u010dn\u00ed edice, tak zbrusu nov\u00e9 modely, ale i \u00fasp\u011b\u0161n\u011b modely aktu\u00e1ln\u00ed modelov\u00e9 \u0159ady zna\u010dky.<\/div>\n<div><img loading=\"lazy\" decoding=\"async\" class=\"alignnone size-full wp-image-26053\" src=\"http:\/\/www.automakersnews.cz\/wp-content\/uploads\/2023\/03\/Harley-show-PVA-2023.jpeg\" alt=\"\" width=\"320\" height=\"240\" srcset=\"https:\/\/www.automakersnews.cz\/wp-content\/uploads\/2023\/03\/Harley-show-PVA-2023.jpeg 320w, https:\/\/www.automakersnews.cz\/wp-content\/uploads\/2023\/03\/Harley-show-PVA-2023-300x225.jpeg 300w, https:\/\/www.automakersnews.cz\/wp-content\/uploads\/2023\/03\/Harley-show-PVA-2023-80x60.jpeg 80w\" sizes=\"auto, (max-width: 320px) 100vw, 320px\" \/><\/div>\n<div><\/div>\n<div>Premi\u00e9rov\u011b dokonce Harley-Davidson u\u017e na tiskov\u00e9 konferenci uspo\u0159\u00e1dal m\u00f3dn\u00ed p\u0159ehl\u00eddku sv\u00fdch kolekc\u00ed &#8211; ta se bude opakovat i pro ve\u0159ejnost, a to a\u017e do soboty, v\u017edy v 11 a 13 hodin.<\/div>\n<div><\/div>\n","protected":false},"excerpt":{"rendered":"<div class=\"mh-excerpt\"><p>Harley &#8211; Davidson m\u00e1 na leto\u0161n\u00edm veletrhu Motocykl historicky nejv\u011bt\u0161\u00ed expozici. Jako jedin\u00fd v Let\u0148anech dokonce st\u00e1nek nab\u00edz\u00ed m\u00f3dn\u00ed show. S novinkami i eventy sezn\u00e1mil <a class=\"mh-excerpt-more\" href=\"https:\/\/www.automakersnews.cz\/index.php\/2023\/03\/02\/harley-davidson-mel-tiskovku-v-letnanech\/\" title=\"Nejv\u011bt\u0161\u00ed st\u00e1nek v Let\u0148anech m\u00e1 Harley\">[&#8230;]<\/a><\/p>\n<\/div>","protected":false},"author":1,"featured_media":26049,"comment_status":"open","ping_status":"open","sticky":false,"template":"","format":"standard","meta":{"footnotes":""},"categories":[28],"tags":[],"class_list":["post-26048","post","type-post","status-publish","format-standard","has-post-thumbnail","hentry","category-vystavy"],"_links":{"self":[{"href":"https:\/\/www.automakersnews.cz\/index.php\/wp-json\/wp\/v2\/posts\/26048","targetHints":{"allow":["GET"]}}],"collection":[{"href":"https:\/\/www.automakersnews.cz\/index.php\/wp-json\/wp\/v2\/posts"}],"about":[{"href":"https:\/\/www.automakersnews.cz\/index.php\/wp-json\/wp\/v2\/types\/post"}],"author":[{"embeddable":true,"href":"https:\/\/www.automakersnews.cz\/index.php\/wp-json\/wp\/v2\/users\/1"}],"replies":[{"embeddable":true,"href":"https:\/\/www.automakersnews.cz\/index.php\/wp-json\/wp\/v2\/comments?post=26048"}],"version-history":[{"count":0,"href":"https:\/\/www.automakersnews.cz\/index.php\/wp-json\/wp\/v2\/posts\/26048\/revisions"}],"wp:featuredmedia":[{"embeddable":true,"href":"https:\/\/www.automakersnews.cz\/index.php\/wp-json\/wp\/v2\/media\/26049"}],"wp:attachment":[{"href":"https:\/\/www.automakersnews.cz\/index.php\/wp-json\/wp\/v2\/media?parent=26048"}],"wp:term":[{"taxonomy":"category","embeddable":true,"href":"https:\/\/www.automakersnews.cz\/index.php\/wp-json\/wp\/v2\/categories?post=26048"},{"taxonomy":"post_tag","embeddable":true,"href":"https:\/\/www.automakersnews.cz\/index.php\/wp-json\/wp\/v2\/tags?post=26048"}],"curies":[{"name":"wp","href":"https:\/\/api.w.org\/{rel}","templated":true}]}}