{"id":26058,"date":"2023-03-02T12:20:39","date_gmt":"2023-03-02T12:20:39","guid":{"rendered":"https:\/\/www.automakersnews.cz\/?p=26058"},"modified":"2023-03-02T14:25:56","modified_gmt":"2023-03-02T14:25:56","slug":"prezident-pavel-odstartoval-veletrh-motocykl","status":"publish","type":"post","link":"https:\/\/www.automakersnews.cz\/index.php\/2023\/03\/02\/prezident-pavel-odstartoval-veletrh-motocykl\/","title":{"rendered":"Petr Pavel odstartoval veletrh Motocykl"},"content":{"rendered":"<p><strong>PVA Let\u0148any nab\u00eddla po p\u011btilet\u00e9 pauze op\u011bt Veletrh Motocykl. Jeho 23. ro\u010dn\u00edk je spojen\u00fd s v\u00fdstavou staveb a p\u0159ed\u011bl\u00e1vek motocykl\u016f Bohemian Custom Bikes. Celkem se v p\u011bti hal\u00e1ch p\u0159edv\u00e1d\u00ed n\u011bkolik set stroj\u016f u 110 vystavovatel\u016f. Akci odstartoval 2. b\u0159ezna zvolen\u00fd prezident Petr Pavel.<\/strong><!--more--><\/p>\n<p>Petr Pavel se i ve funkci hlavy st\u00e1tu chce sv\u00e9mu kon\u00ed\u010dku v\u011bnovat. P\u0159ipustil v\u0161ak, \u017ee p\u0159\u00edle\u017eitost\u00ed bude m\u00edt asi m\u00e9n\u011b. Pavel ve \u010dtvrtek na sv\u00e9 cestovn\u00ed enduro BMW GS1250 sedl po n\u011bkolika m\u011bs\u00edc\u00edch. Ze sv\u00e9ho bydli\u0161t\u011b v \u010cernou\u010dku na Litom\u011b\u0159icku to m\u011bl zhruba 35 kilometr\u016f. Vzhledem k venkovn\u00ed teplot\u011b bl\u00ed\u017e\u00edc\u00ed se nule musel po dojezdu chv\u00edli po\u010dkat, a\u017e mu rozmrznou ruce a pusa a bude moci komunikovat.<\/p>\n<iframe loading=\"lazy\"  style=\"display: block; margin: 0px auto;\"  id=\"_ytid_87726\"  width=\"800\" height=\"450\"  data-origwidth=\"800\" data-origheight=\"450\" src=\"https:\/\/www.youtube.com\/embed\/EKopZ2HpT2U?enablejsapi=1&autoplay=1&cc_load_policy=0&iv_load_policy=1&loop=1&playlist=EKopZ2HpT2U&modestbranding=0&fs=1&playsinline=0&controls=1&color=red&cc_lang_pref=&rel=1&autohide=2&theme=dark&\" class=\"__youtube_prefs__  no-lazyload\" title=\"YouTube player\"  allow=\"accelerometer; autoplay; clipboard-write; encrypted-media; gyroscope; picture-in-picture\" allowfullscreen data-no-lazy=\"1\" data-skipgform_ajax_framebjll=\"\"><\/iframe>\n<p data-debug-redistribute=\"008. \/ 180px \/ 161\">Doma v gar\u00e1\u017ei m\u00e1 je\u0161t\u011b \u010deskou klasiku v podob\u011b Jawy 350 a v posledn\u00ed dob\u011b jezdil tak\u00e9 pro zm\u011bnu na americk\u00e9 legend\u011b Harley-Davidson XL 1200.<\/p>\n<p data-debug-redistribute=\"011. \/ 641px \/ 127\">Budu se t\u011b\u0161it, \u017ee i v pr\u016fb\u011bhu roku, i kdy\u017e jak bylo \u0159e\u010deno, t\u011bch p\u0159\u00edle\u017eitost\u00ed asi nebude tolik, ale j\u00e1 v\u011b\u0159\u00edm, \u017ee si n\u011bjak\u00e9 najdu, \u017ee se budeme potk\u00e1vat na r\u016fzn\u00fdch motork\u00e1\u0159sk\u00fdch akc\u00edch,\u201c uvedl. Z\u00e1rove\u0148 vyzval milovn\u00edky jedn\u00e9 stopy, aby jezdili bezpe\u010dn\u011b.<\/p>\n<p data-debug-redistribute=\"011. \/ 641px \/ 127\"><strong>SDA: Prodeje motorek trhaj\u00ed rekordy<\/strong><\/p>\n<p data-debug-redistribute=\"011. \/ 641px \/ 127\">Po\u010detn\u00e9 publikum p\u0159iv\u00edtali i ministr dopravy Martin Kupka a tajemn\u00edk SDA Josef Pokorn\u00fd. Svaz import\u00e9r\u016f je jako obvykle hlavn\u00edm partnerem v\u00fdstavy.<\/p>\n<p data-debug-redistribute=\"011. \/ 641px \/ 127\"><img loading=\"lazy\" decoding=\"async\" class=\"alignnone size-large wp-image-26096\" src=\"http:\/\/www.automakersnews.cz\/wp-content\/uploads\/2023\/03\/Motocykl-Pokorny-2023-1024x768.jpg\" alt=\"\" width=\"1024\" height=\"768\" srcset=\"https:\/\/www.automakersnews.cz\/wp-content\/uploads\/2023\/03\/Motocykl-Pokorny-2023-1024x768.jpg 1024w, https:\/\/www.automakersnews.cz\/wp-content\/uploads\/2023\/03\/Motocykl-Pokorny-2023-300x225.jpg 300w, https:\/\/www.automakersnews.cz\/wp-content\/uploads\/2023\/03\/Motocykl-Pokorny-2023-768x576.jpg 768w, https:\/\/www.automakersnews.cz\/wp-content\/uploads\/2023\/03\/Motocykl-Pokorny-2023-1536x1152.jpg 1536w, https:\/\/www.automakersnews.cz\/wp-content\/uploads\/2023\/03\/Motocykl-Pokorny-2023-678x509.jpg 678w, https:\/\/www.automakersnews.cz\/wp-content\/uploads\/2023\/03\/Motocykl-Pokorny-2023-326x245.jpg 326w, https:\/\/www.automakersnews.cz\/wp-content\/uploads\/2023\/03\/Motocykl-Pokorny-2023-80x60.jpg 80w, https:\/\/www.automakersnews.cz\/wp-content\/uploads\/2023\/03\/Motocykl-Pokorny-2023.jpg 2040w\" sizes=\"auto, (max-width: 1024px) 100vw, 1024px\" \/><\/p>\n<p data-debug-redistribute=\"011. \/ 641px \/ 127\">&#8222;Navzdory v\u0161em obt\u00ed\u017e\u00edm ve v\u00fdrob\u011b a logistice trhaj\u00ed prodeje motorek rekordy. Letos se jich prodalo v \u010cesku p\u0159es 25 tis\u00edc,&#8220; p\u0159ipomn\u011bl Pokorn\u00fd.<\/p>\n","protected":false},"excerpt":{"rendered":"<div class=\"mh-excerpt\"><p>PVA Let\u0148any nab\u00eddla po p\u011btilet\u00e9 pauze op\u011bt Veletrh Motocykl. Jeho 23. ro\u010dn\u00edk je spojen\u00fd s v\u00fdstavou staveb a p\u0159ed\u011bl\u00e1vek motocykl\u016f Bohemian Custom Bikes. Celkem se <a class=\"mh-excerpt-more\" href=\"https:\/\/www.automakersnews.cz\/index.php\/2023\/03\/02\/prezident-pavel-odstartoval-veletrh-motocykl\/\" title=\"Petr Pavel odstartoval veletrh Motocykl\">[&#8230;]<\/a><\/p>\n<\/div>","protected":false},"author":1,"featured_media":26060,"comment_status":"open","ping_status":"open","sticky":false,"template":"","format":"standard","meta":{"footnotes":""},"categories":[2,28],"tags":[],"class_list":["post-26058","post","type-post","status-publish","format-standard","has-post-thumbnail","hentry","category-news","category-vystavy"],"_links":{"self":[{"href":"https:\/\/www.automakersnews.cz\/index.php\/wp-json\/wp\/v2\/posts\/26058","targetHints":{"allow":["GET"]}}],"collection":[{"href":"https:\/\/www.automakersnews.cz\/index.php\/wp-json\/wp\/v2\/posts"}],"about":[{"href":"https:\/\/www.automakersnews.cz\/index.php\/wp-json\/wp\/v2\/types\/post"}],"author":[{"embeddable":true,"href":"https:\/\/www.automakersnews.cz\/index.php\/wp-json\/wp\/v2\/users\/1"}],"replies":[{"embeddable":true,"href":"https:\/\/www.automakersnews.cz\/index.php\/wp-json\/wp\/v2\/comments?post=26058"}],"version-history":[{"count":0,"href":"https:\/\/www.automakersnews.cz\/index.php\/wp-json\/wp\/v2\/posts\/26058\/revisions"}],"wp:featuredmedia":[{"embeddable":true,"href":"https:\/\/www.automakersnews.cz\/index.php\/wp-json\/wp\/v2\/media\/26060"}],"wp:attachment":[{"href":"https:\/\/www.automakersnews.cz\/index.php\/wp-json\/wp\/v2\/media?parent=26058"}],"wp:term":[{"taxonomy":"category","embeddable":true,"href":"https:\/\/www.automakersnews.cz\/index.php\/wp-json\/wp\/v2\/categories?post=26058"},{"taxonomy":"post_tag","embeddable":true,"href":"https:\/\/www.automakersnews.cz\/index.php\/wp-json\/wp\/v2\/tags?post=26058"}],"curies":[{"name":"wp","href":"https:\/\/api.w.org\/{rel}","templated":true}]}}