{"id":2692,"date":"2022-11-10T09:03:50","date_gmt":"2022-11-10T09:03:50","guid":{"rendered":"https:\/\/www.automakersnews.cz\/?p=2692"},"modified":"2022-11-10T09:04:58","modified_gmt":"2022-11-10T09:04:58","slug":"kupka-odstartoval-mobility-innovation-hub","status":"publish","type":"post","link":"https:\/\/www.automakersnews.cz\/index.php\/2022\/11\/10\/kupka-odstartoval-mobility-innovation-hub\/","title":{"rendered":"Kupka pok\u0159til Mobility Innovation Hub"},"content":{"rendered":"<p><b>Osobnosti \u010desk\u00e9ho automobilov\u00e9ho, \u017eelezni\u010dn\u00edho a leteck\u00e9ho pr\u016fmyslu spolu se z\u00e1stupci kl\u00ed\u010dov\u00fdch st\u00e1tn\u00edch organizac\u00ed, akademick\u00e9 sf\u00e9ry a inova\u010dn\u00ed infrastruktury <\/b><b>zah\u00e1jili 9. listopadu Mobility Innovation Hub. Ten m\u00e1 za c\u00edl d\u00edky propojov\u00e1n\u00ed akt\u00e9r\u016f p\u0159en\u00e1\u0161et efektivn\u011b inovace do praxe.<\/b><!--more--><\/p>\n<p><i>\u201eD\u00edky nov\u00fdm \u0159e\u0161en\u00edm m\u016f\u017eeme reagovat na sou\u010dasn\u00e9 v\u00fdzvy v doprav\u011b a zlep\u0161ovat kvalitu slu\u017eeb i infrastruktury. Modernizace dopravn\u00edho sektoru je s inovacemi a technologick\u00fdm pokrokem \u00fazce spjat\u00e1, a proto podporujeme vznikaj\u00edc\u00ed hub a budeme spolupracovat na rozvoji jeho potenci\u00e1lu pom\u00e1hat inovativn\u00edm\u00a0n\u00e1pad\u016fm i jejich uplatn\u011bn\u00ed v praxi,&#8220;\u00a0<\/i>\u0159\u00edk\u00e1 ministr dopravy Martin Kupka.<\/p>\n<p>Mobility Innovation Hub se zam\u011b\u0159uje na propojov\u00e1n\u00ed kl\u00ed\u010dov\u00fdch sektor\u016f, jeho \u00fa\u010dastn\u00edk\u016f a celkov\u00e9 budov\u00e1n\u00ed ekosyst\u00e9mu v mobilit\u011b. Krom\u011b startup\u016f to jsou zejm\u00e9na zaveden\u00e9 firmy, v\u011bdeck\u00e1 a v\u00fdzkumn\u00e1 pracovi\u0161t\u011b, inova\u010dn\u00ed centra, st\u0159edn\u00ed a vysok\u00e9 \u0161koly, oborov\u00e9 svazy, asociace a klastry, investo\u0159i, \u010desk\u00e9 st\u00e1tn\u00ed a samospr\u00e1vn\u00ed organizace a tak\u00e9 mezin\u00e1rodn\u00ed organizace.<\/p>\n<p>Mobility Innovation Hub je sou\u010d\u00e1st\u00ed projektu Technologick\u00e1 inkubace.\u00a0Ten vznikl d\u00edky Ministerstvu pr\u016fmyslu a obchodu ve spolupr\u00e1ci s agenturou CzechInvest. \u0158e\u0161en\u00ed pro dopravu vy\u017eaduj\u00ed spolupr\u00e1ci v\u00edce resort\u016f. P\u0159irozen\u00fdm partnerem je Ministerstvo dopravy nap\u0159. se sv\u00fdm opera\u010dn\u00edm programem Doprava. MPO spolupracuje i s dal\u0161\u00edmi ministerstvy \u2013 ohledn\u011b m\u011bstsk\u00e9 dopravy s\u00a0Ministerstvem pro m\u00edstn\u00ed rozvoj a co se \u010dist\u00e9 dopravy t\u00fdk\u00e1 s\u00a0Ministerstvem \u017eivotn\u00edho prost\u0159ed\u00ed.<\/p>\n<p><i>\u201eProjektem Technologick\u00e9 inkubace a Mobility Innovation Hubem se \u010cesk\u00e1 republika p\u0159ipojuje k vysp\u011bl\u00fdm zem\u00edm, kter\u00e9 aktivn\u011b podporuj\u00ed inovace a tvorbu p\u0159idan\u00e9 hodnoty v ekonomice \u2013 nejen akcelerac\u00ed vzniku nov\u00fdch inovativn\u00edch projekt\u016f, ale i pos\u00edlenou spoluprac\u00ed zaveden\u00fdch firem a cel\u00e9ho ekosyst\u00e9mu. S ohledem na v\u00fdznam automobilov\u00e9ho pr\u016fmyslu, ale i siln\u00e9 postaven\u00ed tuzemsk\u00fdch v\u00fdrobc\u016f \u017eelezni\u010dn\u00ed a leteck\u00e9 techniky je mobilita na\u0161\u00edm prioritn\u00edm sektorem,&#8220;\u00a0<\/i>uvedl ministr pr\u016fmyslu a obchodu Jozef S\u00edkela.<\/p>\n<p>Podporovat mobilitu se \u010cesk\u00e1 republika zav\u00e1zala u\u017e Inova\u010dn\u00ed strategi\u00ed \u010cR a projektem The Country for the Future, ale i na Kolokviu o budoucnosti automobilov\u00e9ho pr\u016fmyslu z roku 2017 a navazuj\u00edc\u00edm Memorandem o budoucnosti automobilov\u00e9ho pr\u016fmyslu v \u010cesk\u00e9 republice a n\u00e1sledn\u00fdm ak\u010dn\u00edm pl\u00e1nem, kter\u00fd mimo jin\u00e9 zavazuje vl\u00e1du \u010cR k rozvoji elektromobility, autonomn\u00edho \u0159\u00edzen\u00ed nebo digitalizaci mobility.<i><\/i><\/p>\n<p><i>\u201eVytvo\u0159ili jsme p\u0159irozen\u00fd a d\u016fle\u017eit\u00fd prostor pro setk\u00e1v\u00e1n\u00ed kl\u00ed\u010dov\u00fdch akt\u00e9r\u016f z oblasti mobility. Na jeho p\u0159\u00edprav\u011b se v\u00fdznamn\u011b pod\u00edleli i p\u0159edn\u00ed z\u00e1stupci Sdru\u017een\u00ed automobilov\u00e9ho pr\u016fmyslu a \u0160koda Auto, stejn\u011b jako cel\u00e1 \u0159ada inova\u010dn\u00edch expert\u016f a dal\u0161\u00edch partner\u016f. Trh \u010del\u00ed mnoha tradi\u010dn\u00edm i nov\u00fdm v\u00fdzv\u00e1m \u2013 krom\u011b sni\u017eov\u00e1n\u00ed uhl\u00edkov\u00e9 stopy a p\u0159echodu na elektromobilitu tak\u00e9 nov\u011b vzr\u016fstaj\u00edc\u00edm cen\u00e1m elektrick\u00e9 energie, surovin a materi\u00e1l\u016f, naru\u0161en\u00fdm dodavatelsk\u00fdm a logistick\u00fdm \u0159et\u011bzc\u016fm atd. Mobility Innovation Hub bude ve spolupr\u00e1ci s ji\u017e existuj\u00edc\u00edmi platformami a partnery hledat efektivn\u00ed \u0159e\u0161en\u00ed a vytv\u00e1\u0159et vhodn\u00e9 podm\u00ednky pro akceleraci inovac\u00ed,&#8220;<\/i>\u00a0uvedl Petr O\u010dko, n\u00e1m\u011bstek ministra pr\u016fmyslu a obchodu, kter\u00fd do\u010dasn\u011b vede agenturu CzechInvestu.<\/p>\n<p class=\"v1MsoPlainText\">Mobility Innovation Hub vedle podpory nov\u00fdch inovativn\u00edch projekt\u016f prost\u0159ednictv\u00edm programu Technologick\u00e9 inkubace pom\u00e1h\u00e1 i pokro\u010dilej\u0161\u00edm startup\u016fm v jejich expanzi do zahrani\u010d\u00ed prost\u0159ednictv\u00edm ambas\u00e1d a oborov\u00fdch sdru\u017een\u00ed, st\u0159edn\u00edm firm\u00e1m v transferu know-how a velk\u00fdm podnik\u016fm v pos\u00edlen\u00ed jejich inova\u010dn\u00edho potenci\u00e1lu.<\/p>\n<p class=\"v1MsoPlainText\">\u201e<i>V r\u00e1mci prvn\u00ed v\u00fdzvy Technologick\u00e9 inkubace se p\u0159ihl\u00e1silo celkem 114 startup\u016f, p\u0159i\u010dem\u017e 16,1 % bylo pr\u00e1v\u011b v oblasti mobility. Jedn\u00e1 se o velmi perspektivn\u00ed odv\u011btv\u00ed pro dal\u0161\u00ed ekonomick\u00fd rozvoj a konkurenceschopnost \u010cR a jsem r\u00e1da, \u017ee CzechInvest m\u00e1 zde svoji z\u00e1sadn\u00ed roli<\/i>,&#8220; uvedla Tereza Kubicov\u00e1, n\u00e1m\u011bstkyn\u011b pro technologick\u00fd rozvoj agentury CzechInvest. MIH funguje i jako platforma pro komunikaci priv\u00e1tn\u00edho a st\u00e1tn\u00edho sektoru a region\u00e1ln\u00edch z\u00e1stupc\u016f pro identifikaci bari\u00e9r inovac\u00ed a jejich \u0159e\u0161en\u00ed.<\/p>\n<p class=\"v1MsoNormal\">\n","protected":false},"excerpt":{"rendered":"<div class=\"mh-excerpt\"><p>Osobnosti \u010desk\u00e9ho automobilov\u00e9ho, \u017eelezni\u010dn\u00edho a leteck\u00e9ho pr\u016fmyslu spolu se z\u00e1stupci kl\u00ed\u010dov\u00fdch st\u00e1tn\u00edch organizac\u00ed, akademick\u00e9 sf\u00e9ry a inova\u010dn\u00ed infrastruktury zah\u00e1jili 9. listopadu Mobility Innovation Hub. Ten <a class=\"mh-excerpt-more\" href=\"https:\/\/www.automakersnews.cz\/index.php\/2022\/11\/10\/kupka-odstartoval-mobility-innovation-hub\/\" title=\"Kupka pok\u0159til Mobility Innovation Hub\">[&#8230;]<\/a><\/p>\n<\/div>","protected":false},"author":1,"featured_media":2693,"comment_status":"open","ping_status":"open","sticky":false,"template":"","format":"standard","meta":{"footnotes":""},"categories":[10],"tags":[],"class_list":["post-2692","post","type-post","status-publish","format-standard","has-post-thumbnail","hentry","category-eventy"],"_links":{"self":[{"href":"https:\/\/www.automakersnews.cz\/index.php\/wp-json\/wp\/v2\/posts\/2692","targetHints":{"allow":["GET"]}}],"collection":[{"href":"https:\/\/www.automakersnews.cz\/index.php\/wp-json\/wp\/v2\/posts"}],"about":[{"href":"https:\/\/www.automakersnews.cz\/index.php\/wp-json\/wp\/v2\/types\/post"}],"author":[{"embeddable":true,"href":"https:\/\/www.automakersnews.cz\/index.php\/wp-json\/wp\/v2\/users\/1"}],"replies":[{"embeddable":true,"href":"https:\/\/www.automakersnews.cz\/index.php\/wp-json\/wp\/v2\/comments?post=2692"}],"version-history":[{"count":0,"href":"https:\/\/www.automakersnews.cz\/index.php\/wp-json\/wp\/v2\/posts\/2692\/revisions"}],"wp:featuredmedia":[{"embeddable":true,"href":"https:\/\/www.automakersnews.cz\/index.php\/wp-json\/wp\/v2\/media\/2693"}],"wp:attachment":[{"href":"https:\/\/www.automakersnews.cz\/index.php\/wp-json\/wp\/v2\/media?parent=2692"}],"wp:term":[{"taxonomy":"category","embeddable":true,"href":"https:\/\/www.automakersnews.cz\/index.php\/wp-json\/wp\/v2\/categories?post=2692"},{"taxonomy":"post_tag","embeddable":true,"href":"https:\/\/www.automakersnews.cz\/index.php\/wp-json\/wp\/v2\/tags?post=2692"}],"curies":[{"name":"wp","href":"https:\/\/api.w.org\/{rel}","templated":true}]}}