{"id":2697,"date":"2022-11-10T09:27:53","date_gmt":"2022-11-10T09:27:53","guid":{"rendered":"https:\/\/www.automakersnews.cz\/?p=2697"},"modified":"2022-11-10T16:18:41","modified_gmt":"2022-11-10T16:18:41","slug":"volvo-ex90-novinari-sledovali-premieru-z-veze","status":"publish","type":"post","link":"https:\/\/www.automakersnews.cz\/index.php\/2022\/11\/10\/volvo-ex90-novinari-sledovali-premieru-z-veze\/","title":{"rendered":"Volvo EX90: Novin\u00e1\u0159i sledovali premi\u00e9ru z v\u011b\u017ee"},"content":{"rendered":"<p><strong>Volvo odhalilo 9. listopadu ve Stockholmu nov\u00fd vlajkov\u00fd model Volvo EX90. Sedmim\u00edstn\u00e9 elektrick\u00e9 SUV m\u00e1 p\u0159edstavovat za\u010d\u00e1tek nov\u00e9 \u00e9ry spole\u010dnosti. \u010ce\u0161t\u00ed novin\u00e1\u0159i sledovali premi\u00e9ru ze \u017di\u017ekovsk\u00e9 v\u011b\u017ee.<\/strong><!--more--><\/p>\n<p>Motonovin\u00e1\u0159\u016fm p\u0159ibl\u00ed\u017eili specifikace novinky p\u0159edstavitel\u00e9 \u010desk\u00e9h\u00e9 importu. Rozm\u011brn\u00e9, a\u017e sedmim\u00edstn\u00e9 SUV slibuje v\u00fdkon 300 a\u017e 380 kW, dojezd a\u017e 600 km, rychlej\u0161\u00ed nab\u00edjen\u00ed, obrovsk\u00fd zavazadlov\u00fd prostor a d\u016fraz na vysokou \u00farove\u0148 bezpe\u010dnosti.<\/p>\n<p>Design t\u00e9to novinky je s ohledem na modernost pohonu a rozsah bezpe\u010dnostn\u00edch prvk\u016f p\u0159ekvapiv\u011b konzervativn\u00ed a decentn\u00ed. To ale odpov\u00edd\u00e1 naturelu p\u0159ev\u00e1\u017en\u00ed \u010d\u00e1sti c\u00edlov\u00e9 skupiny z\u00e1kazn\u00edk\u016f, na kter\u00e9 nov\u00e9 EX 90 m\u00ed\u0159\u00ed.<\/p>\n<p>\u0160pi\u010dkov\u00fdm parametr\u016fm bude odpov\u00eddat i cena se za\u010d\u00e1tkem bl\u00ed\u017e\u00edc\u00edm se t\u0159em milion\u016fm K\u010d.<\/p>\n<figure id=\"attachment_2726\" aria-describedby=\"caption-attachment-2726\" style=\"width: 300px\" class=\"wp-caption alignnone\"><img loading=\"lazy\" decoding=\"async\" class=\"size-medium wp-image-2726\" src=\"http:\/\/www.automakersnews.cz\/wp-content\/uploads\/2022\/11\/Volvo_Mazari-Dolezalova-e1668072269432-300x225.jpg\" alt=\"\" width=\"300\" height=\"225\" srcset=\"https:\/\/www.automakersnews.cz\/wp-content\/uploads\/2022\/11\/Volvo_Mazari-Dolezalova-e1668072269432-300x225.jpg 300w, https:\/\/www.automakersnews.cz\/wp-content\/uploads\/2022\/11\/Volvo_Mazari-Dolezalova-e1668072269432-326x245.jpg 326w, https:\/\/www.automakersnews.cz\/wp-content\/uploads\/2022\/11\/Volvo_Mazari-Dolezalova-e1668072269432-80x60.jpg 80w, https:\/\/www.automakersnews.cz\/wp-content\/uploads\/2022\/11\/Volvo_Mazari-Dolezalova-e1668072269432.jpg 550w\" sizes=\"auto, (max-width: 300px) 100vw, 300px\" \/><figcaption id=\"caption-attachment-2726\" class=\"wp-caption-text\">Motonovin\u00e1\u0159\u016fm p\u0159ibl\u00ed\u017eili specifikace novinky Martin Mazari, Product Manager a Sales Trainer (na fotografii) a Pavel Kun\u010d\u00edk, Customer Experience Director importu<\/figcaption><\/figure>\n<p>&nbsp;<\/p>\n","protected":false},"excerpt":{"rendered":"<div class=\"mh-excerpt\"><p>Volvo odhalilo 9. listopadu ve Stockholmu nov\u00fd vlajkov\u00fd model Volvo EX90. Sedmim\u00edstn\u00e9 elektrick\u00e9 SUV m\u00e1 p\u0159edstavovat za\u010d\u00e1tek nov\u00e9 \u00e9ry spole\u010dnosti. \u010ce\u0161t\u00ed novin\u00e1\u0159i sledovali premi\u00e9ru ze <a class=\"mh-excerpt-more\" href=\"https:\/\/www.automakersnews.cz\/index.php\/2022\/11\/10\/volvo-ex90-novinari-sledovali-premieru-z-veze\/\" title=\"Volvo EX90: Novin\u00e1\u0159i sledovali premi\u00e9ru z v\u011b\u017ee\">[&#8230;]<\/a><\/p>\n<\/div>","protected":false},"author":1,"featured_media":2795,"comment_status":"open","ping_status":"open","sticky":false,"template":"","format":"standard","meta":{"footnotes":""},"categories":[22,10],"tags":[],"class_list":["post-2697","post","type-post","status-publish","format-standard","has-post-thumbnail","hentry","category-elektromobily","category-eventy"],"_links":{"self":[{"href":"https:\/\/www.automakersnews.cz\/index.php\/wp-json\/wp\/v2\/posts\/2697","targetHints":{"allow":["GET"]}}],"collection":[{"href":"https:\/\/www.automakersnews.cz\/index.php\/wp-json\/wp\/v2\/posts"}],"about":[{"href":"https:\/\/www.automakersnews.cz\/index.php\/wp-json\/wp\/v2\/types\/post"}],"author":[{"embeddable":true,"href":"https:\/\/www.automakersnews.cz\/index.php\/wp-json\/wp\/v2\/users\/1"}],"replies":[{"embeddable":true,"href":"https:\/\/www.automakersnews.cz\/index.php\/wp-json\/wp\/v2\/comments?post=2697"}],"version-history":[{"count":0,"href":"https:\/\/www.automakersnews.cz\/index.php\/wp-json\/wp\/v2\/posts\/2697\/revisions"}],"wp:featuredmedia":[{"embeddable":true,"href":"https:\/\/www.automakersnews.cz\/index.php\/wp-json\/wp\/v2\/media\/2795"}],"wp:attachment":[{"href":"https:\/\/www.automakersnews.cz\/index.php\/wp-json\/wp\/v2\/media?parent=2697"}],"wp:term":[{"taxonomy":"category","embeddable":true,"href":"https:\/\/www.automakersnews.cz\/index.php\/wp-json\/wp\/v2\/categories?post=2697"},{"taxonomy":"post_tag","embeddable":true,"href":"https:\/\/www.automakersnews.cz\/index.php\/wp-json\/wp\/v2\/tags?post=2697"}],"curies":[{"name":"wp","href":"https:\/\/api.w.org\/{rel}","templated":true}]}}