{"id":27087,"date":"2023-03-06T08:50:13","date_gmt":"2023-03-06T08:50:13","guid":{"rendered":"https:\/\/www.automakersnews.cz\/?p=27087"},"modified":"2023-03-06T08:50:13","modified_gmt":"2023-03-06T08:50:13","slug":"motocyklem-roku-je-honda-forza-350","status":"publish","type":"post","link":"https:\/\/www.automakersnews.cz\/index.php\/2023\/03\/06\/motocyklem-roku-je-honda-forza-350\/","title":{"rendered":"Motocyklem roku je Honda Forza 350"},"content":{"rendered":"<p><strong>V\u00fdstava MOTOCYKL PRAHA 2023, kter\u00e1 skon\u010dila v ned\u011bli 5. b\u0159ezna na let\u0148ansk\u00e9m v\u00fdstavi\u0161ti PVA EXPO, p\u0159inesla v\u00fdsledky ankety Motocykl roku. Sout\u011b\u017e, jej\u00edm\u017e vyhla\u0161ovatelem je Svaz dovozc\u016f automobil\u016f, vyvrcholila slavnostn\u00edm vyhl\u00e1\u0161en\u00edm v\u00fdsledk\u016f. <\/strong><!--more--><\/p>\n<p>O v\u00edt\u011bz\u00edch v \u0161esti kategori\u00edch rozhodla odborn\u00e1 porota spolu s hlasov\u00e1n\u00edm \u0161irok\u00e9 ve\u0159ejnosti. Absolutn\u00edm v\u00edt\u011bzem se stal model HONDA Forza 350.<\/p>\n<p>Hlasovat v\u00a0anket\u011b Motocykl roku mohla ve\u0159ejnost b\u011bhem \u00fanora, jejich hlasy spole\u010dn\u011b s\u00a0hlasy odborn\u00e9 poroty rozhodly o v\u00edt\u011bzstv\u00edch v\u00a0kategori\u00edch <strong>adventure, cestovn\u00ed, chopper, nah\u00e1\u010de, sk\u00fatry a sportovn\u00ed<\/strong>.<\/p>\n<p>V\u00a0porot\u011b v\u00a0\u010dele s\u00a0jej\u00edm p\u0159edsedou Filipem Tich\u00fdm zasedli Jan Altner, Jan Kar\u00e1sek, Jan Somerauer, Ivan Bezd\u011bk, Martin Molcar, David Suchan, David Bodl\u00e1k, Petr Podu\u0161ka, Pavel Suk, Jaroslav Duch\u00e1\u010dek, Gabriela Posp\u00ed\u0161ilov\u00e1, Jan Zaj\u00ed\u010dek, Judita Dvo\u0159\u00e1kov\u00e1, Jan Rame\u0161, Ji\u0159\u00ed Zl\u00fd, Tom\u00e1\u0161 Galbav\u00fd a Petr Slez\u00e1k.<\/p>\n<p>Cenu za absolutn\u00ed v\u00edt\u011bzstv\u00ed v\u00a0anket\u011b si odnesl sportovn\u00ed sk\u00fatr GT Honda Forza 350, cenu p\u0159i galave\u010deru p\u0159edali Ministr dopravy \u010cR Martin Kupka a gener\u00e1ln\u00ed \u0159editel organiz\u00e1tora v\u00fdstavy MOTOCYKL PRAHA, spole\u010dnosti ABF, a.s., Martin Franti\u0161ek P\u0159\u00edv\u011btiv\u00fd.<\/p>\n<p><strong>Kter\u00e9 dal\u0161\u00ed stroje usp\u011bly u odborn\u00e9 poroty i u \u0161irok\u00e9 ve\u0159ejnosti?<\/strong><\/p>\n<p>Kategorie ADVENTURE: Triumph Tiger 1200 Rally Explorer<\/p>\n<p>Kategorie CESTOVN\u00cd: Harley-Davidson Ultra Limited<\/p>\n<p>Kategorie CHOPPER: BMW R 18 Bagger<\/p>\n<p>Kategorie NAH\u00c1\u010cE: DUCATI Diavel V4<\/p>\n<p>Kategorie SK\u00daTRY: HONDA Forza 350<\/p>\n<p>Kategorie SPORTOVN\u00cd: BMW M 1000 R<\/p>\n","protected":false},"excerpt":{"rendered":"<div class=\"mh-excerpt\"><p>V\u00fdstava MOTOCYKL PRAHA 2023, kter\u00e1 skon\u010dila v ned\u011bli 5. b\u0159ezna na let\u0148ansk\u00e9m v\u00fdstavi\u0161ti PVA EXPO, p\u0159inesla v\u00fdsledky ankety Motocykl roku. Sout\u011b\u017e, jej\u00edm\u017e vyhla\u0161ovatelem je Svaz <a class=\"mh-excerpt-more\" href=\"https:\/\/www.automakersnews.cz\/index.php\/2023\/03\/06\/motocyklem-roku-je-honda-forza-350\/\" title=\"Motocyklem roku je Honda Forza 350\">[&#8230;]<\/a><\/p>\n<\/div>","protected":false},"author":1,"featured_media":27088,"comment_status":"open","ping_status":"open","sticky":false,"template":"","format":"standard","meta":{"footnotes":""},"categories":[7,46],"tags":[],"class_list":["post-27087","post","type-post","status-publish","format-standard","has-post-thumbnail","hentry","category-ankety","category-motocykly"],"_links":{"self":[{"href":"https:\/\/www.automakersnews.cz\/index.php\/wp-json\/wp\/v2\/posts\/27087","targetHints":{"allow":["GET"]}}],"collection":[{"href":"https:\/\/www.automakersnews.cz\/index.php\/wp-json\/wp\/v2\/posts"}],"about":[{"href":"https:\/\/www.automakersnews.cz\/index.php\/wp-json\/wp\/v2\/types\/post"}],"author":[{"embeddable":true,"href":"https:\/\/www.automakersnews.cz\/index.php\/wp-json\/wp\/v2\/users\/1"}],"replies":[{"embeddable":true,"href":"https:\/\/www.automakersnews.cz\/index.php\/wp-json\/wp\/v2\/comments?post=27087"}],"version-history":[{"count":0,"href":"https:\/\/www.automakersnews.cz\/index.php\/wp-json\/wp\/v2\/posts\/27087\/revisions"}],"wp:featuredmedia":[{"embeddable":true,"href":"https:\/\/www.automakersnews.cz\/index.php\/wp-json\/wp\/v2\/media\/27088"}],"wp:attachment":[{"href":"https:\/\/www.automakersnews.cz\/index.php\/wp-json\/wp\/v2\/media?parent=27087"}],"wp:term":[{"taxonomy":"category","embeddable":true,"href":"https:\/\/www.automakersnews.cz\/index.php\/wp-json\/wp\/v2\/categories?post=27087"},{"taxonomy":"post_tag","embeddable":true,"href":"https:\/\/www.automakersnews.cz\/index.php\/wp-json\/wp\/v2\/tags?post=27087"}],"curies":[{"name":"wp","href":"https:\/\/api.w.org\/{rel}","templated":true}]}}