{"id":27174,"date":"2023-03-06T15:00:41","date_gmt":"2023-03-06T15:00:41","guid":{"rendered":"https:\/\/www.automakersnews.cz\/?p=27174"},"modified":"2023-03-07T07:39:10","modified_gmt":"2023-03-07T07:39:10","slug":"arkady-startuji-vystavu-veteranu","status":"publish","type":"post","link":"https:\/\/www.automakersnews.cz\/index.php\/2023\/03\/06\/arkady-startuji-vystavu-veteranu\/","title":{"rendered":"Ark\u00e1dy startuj\u00ed v\u00fdstavu veter\u00e1n\u016f"},"content":{"rendered":"<p><strong>V pra\u017esk\u00e9m obchodn\u00edm centru Ark\u00e1dy Pankr\u00e1c odstartovala 6. b\u0159ezna tiskovou konferenc\u00ed v\u00fdstava historick\u00fdch automobil\u016f a motocykl\u016f zna\u010dky \u0160KODA. P\u0159ehl\u00eddka n\u011bkolika des\u00edtek model\u016f z historie tuzemsk\u00e9 automobilky bude k vid\u011bn\u00ed do 26. b\u0159ezna. <\/strong><!--more--><\/p>\n<p>Mezi nejv\u011bt\u0161\u00ed l\u00e1kadla pat\u0159\u00ed modely z \u00fapln\u00fdch po\u010d\u00e1tk\u016f automobilky ze za\u010d\u00e1tku 20. stolet\u00ed, unik\u00e1tn\u00ed pod\u00e9ln\u00fd \u0159ez z\u00e1vodn\u00edho vozu \u0160koda Fabia WRC, ale tak\u00e9 modern\u00ed \u0160koda Enyaq iV, ve kter\u00e9 jezdil p\u0159i sv\u00e9 n\u00e1v\u0161t\u011bv\u011b Slovenska pape\u017e Franti\u0161ek.<\/p>\n<p><img loading=\"lazy\" decoding=\"async\" class=\"alignnone size-large wp-image-27326\" src=\"http:\/\/www.automakersnews.cz\/wp-content\/uploads\/2023\/03\/Arkady-TK-1024x729.jpg\" alt=\"\" width=\"1024\" height=\"729\" \/><\/p>\n<p>V Ark\u00e1d\u00e1ch si na sv\u00e9 p\u0159ijdou nejen fanou\u0161ci automobil\u016f a motorek, ale tak\u00e9 cel\u00e9 rodiny s d\u011btmi, proto\u017ee sou\u010d\u00e1st\u00ed je bohat\u00fd doprovodn\u00fd program.<\/p>\n<p>Na co se mohou n\u00e1v\u0161t\u011bvn\u00edci obchodn\u00edho centra Ark\u00e1dy Pankr\u00e1c mezi 6. a 26. b\u0159eznem t\u011b\u0161it? K vid\u011bn\u00ed je 22 automobil\u016f, 5 motocykl\u016f a dokonce jedno j\u00edzdn\u00ed kolo. Expon\u00e1ty pro v\u00fdstavu zap\u016fj\u010dilo mladoboleslavsk\u00e9 \u0160koda Muzeum a rodina Samoh\u00fdl\u016f ze sv\u00e9 sb\u00edrky historick\u00fdch vozidel.<\/p>\n<p><strong>\u00a0<\/strong><strong>Laurin &amp; Klement Voiturette A &#8211; 1905<br \/>\n<\/strong><br \/>\nJeden z nejvz\u00e1cn\u011bj\u0161\u00edch expon\u00e1t\u016f sb\u00edrky rodiny Samoh\u00fdl\u016f ze Zl\u00edna a bezesporu tak\u00e9 jeden z nejvz\u00e1cn\u011bj\u0161\u00edch historick\u00fdch kousk\u016f v \u010cesk\u00e9 republice. Jde v\u016fbec o jeden z prvn\u00edch automobil\u016f, kter\u00fd v roce 1905 vyjel z mladoboleslavsk\u00e9 automobilky.<\/p>\n<p>Ta se tehdy ale je\u0161t\u011b jmenovala Laurin &amp; Klement po sv\u00fdch zakladatel\u00edch a soust\u0159edila se nejprve na v\u00fdrobu j\u00edzdn\u00edch kol, posl\u00e9ze motocykl\u016f, a\u017e p\u0159e\u0161la k v\u00fdrob\u011b automobil\u016f, p\u0159i\u010dem\u017e Voiturette A byl z\u00e1rove\u0148 prvn\u00edm s\u00e9riov\u011b vyr\u00e1b\u011bn\u00fdm automobilem v Rakousko-Uhersku.<\/p>\n<p><u>V\u00fdb\u011br technick\u00fdch \u00fadaj\u016f:<\/u> V\u00fdkon 7 kon\u00ed, zdvihov\u00fd objem 1 005 cm\u00b3, po\u010det v\u00e1lc\u016f\/ventil\u016f 2\/2, hmotnost: 485 kg.<\/p>\n<p><strong>Laurin &amp; Klement G &#8211; 1908<\/strong><\/p>\n<p>Bezesporu dal\u0161\u00ed perla z rodinn\u00e9 sb\u00edrky, se kterou Alois Samoh\u00fdl podnikl bezpo\u010det cest a z\u00e1vod\u016f, v\u010detn\u011b t\u011bch se slavnou automobilovou z\u00e1vodnic\u00ed Eli\u0161kou Junkovou. Z\u00fa\u010dastnili se s n\u00edm v roce 1966 vzpom\u00ednkov\u00e9ho z\u00e1vodu k 60. v\u00fdro\u010d\u00ed Targy Florio nebo p\u0159ijeli na pozv\u00e1n\u00ed z\u00e1vodn\u00edka Chirona do Monaka k vyj\u00ed\u017e\u010fce historick\u00fdch vozidel na oslavu zalo\u017een\u00ed m\u011bsta Monte Carlo. Vystaven\u00fd v\u016fz je pouze jedn\u00edm ze dvou dochovan\u00fdch kus\u016f tohoto modelu. Automobilka vyr\u00e1b\u011bla model G v letech 1908 a 1909 a to v n\u011bkolika modifikac\u00edch, jako osobn\u00ed i n\u00e1kladn\u00ed, dvoum\u00edstn\u00fd, t\u0159\u00edm\u00edstn\u00fd i \u010dty\u0159m\u00edstn\u00fd.<\/p>\n<p><u>V\u00fdb\u011br technick\u00fdch \u00fadaj\u016f:<\/u> V\u00fdkon 17 kon\u00ed, zdvihov\u00fd objem 1 767 cm\u00b3, po\u010det v\u00e1lc\u016f\/ventil\u016f 4\/2, hmotnost: cca 650 kg.<\/p>\n<p><strong>\u0160KODA ENYA iV<\/strong><\/p>\n<p>Dal\u0161\u00ed ze zaj\u00edmav\u00fdch expon\u00e1t\u016f, kter\u00e9 spat\u0159\u00edte na v\u00fdstav\u011b v OC Ark\u00e1dy Pankr\u00e1c. Nejedn\u00e1 se sice o historick\u00fd v\u016fz, do historie u\u017e p\u0159esto vstoupil. A to v roce 2021, kdy \u0160koda Auto poskytla dva tyto vozy Enyaq iV pro n\u00e1v\u0161t\u011bvu Pape\u017ee Franti\u0161ka na Slovensku. A pr\u00e1v\u011b jedno z t\u011bchto dvou SUV s \u010dist\u011b elektrick\u00fdm pohonem bude vystaveno.<\/p>\n<p>Vozy Enyaq iV byly pro n\u00e1v\u0161t\u011bvu Pape\u017ee Franti\u0161ka na Slovensku speci\u00e1ln\u011b upraveny dle po\u017eadavk\u016f Vatik\u00e1nu. Dostaly dr\u017e\u00e1k pro um\u00edst\u011bn\u00ed vlaje\u010dky, standardn\u00ed zatmaven\u00e1 zadn\u00ed okna byla nahrazena pr\u016fhledn\u00fdm sklem, a drobn\u00fdch zm\u011bn doznal i interi\u00e9r.<\/p>\n<p>Tento v\u016fz byl na v\u00fdstavu zap\u016fj\u010den ze sb\u00edrky \u0160koda Muzea Mlad\u00e1 Boleslav spole\u010dn\u011b s dal\u0161\u00edmi vozy jako nap\u0159. \u0160koda Fabia WRC z roku 2003 nebo \u010derven\u00fd sportovn\u00ed spider \u0160koda 1100 OHC, \u0160koda Favorit 136 L\/R nebo koncept \u0160koda Fabia RS2000 Cabrio.<\/p>\n<p><strong>Auto roz\u0159\u00edznut\u00e9 \u010dty\u0159metrovou \u010depel\u00ed<\/strong><\/p>\n<p>Z\u00e1vodn\u00ed vozy \u0160koda Fabia WRC, jejich\u017e \u0159ez zam\u00ed\u0159il do Prahy tak\u00e9 z mladoboleslavsk\u00e9ho muzea, za sebou maj\u00ed bohatou z\u00e1vodn\u00ed historii. Na za\u010d\u00e1tku milenia s nimi mimo jin\u00e9 z\u00e1vodil i \u010desk\u00fd sout\u011b\u017en\u00ed jezdec Jan Kopeck\u00fd, mistr sv\u011bta 2018 v kategorii WRC-2. V roce 2007 pak tento z\u00e1vodn\u00ed automobil poslou\u017eil pro komer\u010dn\u00ed \u00fa\u010dely zn\u00e1m\u00e9 zna\u010dky Shell, kter\u00e1 se na n\u011bm rozhodla demonstrovat \u00fa\u010dinky jednoho ze sv\u00fdch motorov\u00fdch olej\u016f. Nesta\u010dilo j\u00ed ale roz\u0159\u00edznout \u201cpouze\u201d motor a v reklam\u011b uk\u00e1zat, \u017ee je d\u00edky oleji \u010dist\u00fd. Nechala roz\u0159\u00edznout rovnou cel\u00fd automobil.<\/p>\n<p>O neobvykl\u00fd \u0159ez vozu se postarala lond\u00fdnsk\u00e1 spole\u010dnost Asylum, kter\u00e1 se dlouhodob\u011b zab\u00fdv\u00e1 v\u00fdrobou model\u016f a speci\u00e1ln\u00edch efekt\u016f pro filmov\u00fd pr\u016fmysl. Aby mohla roz\u0159\u00edznout cel\u00fd z\u00e1vodn\u00ed v\u016fz \u0160koda Fabia WRC, vyrobila spole\u010dnost ob\u0159\u00ed kruhovou pilu, jej\u00ed\u017e \u010depel m\u011bla pr\u016fm\u011br 4 metry, v\u00e1\u017eila 750 kilogram\u016f a p\u0159i \u0159ez\u00e1n\u00ed automobilu dos\u00e1hla rychlosti 112 kilometr\u016f za hodinu. Krom\u011b toho musela b\u00fdt vyrobena tak\u00e9 speci\u00e1ln\u00ed plo\u0161ina, d\u00edky kter\u00e9 pila \u0159ezala p\u0159esn\u011b tak, aby se automobil elegantn\u011b rozd\u011blil na dv\u011b poloviny.<\/p>\n<p>\u0158ez vozu \u0160koda Fabia WRC, vyroben\u00fd pro reklamn\u00ed \u00fa\u010dely, byl b\u011bhem let vystavov\u00e1n na mnoha m\u00edstech sv\u011bta a od roku 2014 je sou\u010d\u00e1st\u00ed sb\u00edrek \u0160koda Muzea.<\/p>\n<p><strong>Sout\u011b\u017ee o ceny, z\u00e1vodn\u00ed simul\u00e1tor \u010di dobov\u00fd ateli\u00e9r<\/strong><\/p>\n<p>Organiz\u00e1to\u0159i v\u00fdstavy a OC Ark\u00e1dy Pankr\u00e1c p\u0159ipravili pro n\u00e1v\u0161t\u011bvn\u00edky v\u00fdstavy tak\u00e9 bohat\u00fd doprovodn\u00fd program.<\/p>\n<p>Vyzn\u00e1te se v historick\u00fdch \u0160kodovk\u00e1ch? Pokud ano, je tu pro v\u00e1s historick\u00fd kv\u00edz o hodnotn\u00e9 ceny, kter\u00e9ho se mohou od 13. do 26. b\u0159ezna z\u00fa\u010dastnit v\u0161ichni n\u00e1v\u0161t\u011bvn\u00edci.<\/p>\n<p>Nebo si chcete zaz\u00e1vodit ve skute\u010dn\u00e9m simul\u00e1toru z\u00e1vodn\u00edho speci\u00e1lu? Pak se m\u016f\u017eete t\u011b\u0161it na posledn\u00ed v\u00edkend akce. A i zde budou nejlep\u0161\u00ed sout\u011b\u017e\u00edc\u00ed ocen\u011bni hodnotn\u00fdmi cenami.<\/p>\n<p>Pokud se chcete vyfotit v dobov\u00fdch kost\u00fdmech s historick\u00fdmi auty, tak pr\u00e1v\u011b pro v\u00e1s je p\u0159ipraven dobov\u00fd ateli\u00e9r, ze kter\u00e9ho si odnesete sv\u00e9 foto. Na tento ateli\u00e9r se m\u016f\u017eete t\u011b\u0161it v sobotu 18. b\u0159ezna.<\/p>\n<p>Po celou dobu v\u00fdstavy b\u011b\u017e\u00ed v Ark\u00e1d\u00e1ch spot\u0159ebitelsk\u00e1 sout\u011b\u017e s n\u00e1zvem \u0160koda Wheel, kdy p\u0159i p\u0159edlo\u017een\u00ed \u00fa\u010dtenky na n\u00e1kup z tohoto obchodn\u00edho centra a s \u010d\u00e1stkou vy\u0161\u0161\u00ed ne\u017e 500 K\u010d mohou nakupuj\u00edc\u00ed z\u00edskat jednu z p\u0159ipraven\u00fdch cen.<\/p>\n<p><strong>Karel Ber\u00e1nek, Pankr\u00e1c<\/strong><\/p>\n","protected":false},"excerpt":{"rendered":"<div class=\"mh-excerpt\"><p>V pra\u017esk\u00e9m obchodn\u00edm centru Ark\u00e1dy Pankr\u00e1c odstartovala 6. b\u0159ezna tiskovou konferenc\u00ed v\u00fdstava historick\u00fdch automobil\u016f a motocykl\u016f zna\u010dky \u0160KODA. P\u0159ehl\u00eddka n\u011bkolika des\u00edtek model\u016f z historie tuzemsk\u00e9 <a class=\"mh-excerpt-more\" href=\"https:\/\/www.automakersnews.cz\/index.php\/2023\/03\/06\/arkady-startuji-vystavu-veteranu\/\" title=\"Ark\u00e1dy startuj\u00ed v\u00fdstavu veter\u00e1n\u016f\">[&#8230;]<\/a><\/p>\n<\/div>","protected":false},"author":1,"featured_media":27324,"comment_status":"open","ping_status":"open","sticky":false,"template":"","format":"standard","meta":{"footnotes":""},"categories":[53,28],"tags":[],"class_list":["post-27174","post","type-post","status-publish","format-standard","has-post-thumbnail","hentry","category-veterani","category-vystavy"],"_links":{"self":[{"href":"https:\/\/www.automakersnews.cz\/index.php\/wp-json\/wp\/v2\/posts\/27174","targetHints":{"allow":["GET"]}}],"collection":[{"href":"https:\/\/www.automakersnews.cz\/index.php\/wp-json\/wp\/v2\/posts"}],"about":[{"href":"https:\/\/www.automakersnews.cz\/index.php\/wp-json\/wp\/v2\/types\/post"}],"author":[{"embeddable":true,"href":"https:\/\/www.automakersnews.cz\/index.php\/wp-json\/wp\/v2\/users\/1"}],"replies":[{"embeddable":true,"href":"https:\/\/www.automakersnews.cz\/index.php\/wp-json\/wp\/v2\/comments?post=27174"}],"version-history":[{"count":0,"href":"https:\/\/www.automakersnews.cz\/index.php\/wp-json\/wp\/v2\/posts\/27174\/revisions"}],"wp:featuredmedia":[{"embeddable":true,"href":"https:\/\/www.automakersnews.cz\/index.php\/wp-json\/wp\/v2\/media\/27324"}],"wp:attachment":[{"href":"https:\/\/www.automakersnews.cz\/index.php\/wp-json\/wp\/v2\/media?parent=27174"}],"wp:term":[{"taxonomy":"category","embeddable":true,"href":"https:\/\/www.automakersnews.cz\/index.php\/wp-json\/wp\/v2\/categories?post=27174"},{"taxonomy":"post_tag","embeddable":true,"href":"https:\/\/www.automakersnews.cz\/index.php\/wp-json\/wp\/v2\/tags?post=27174"}],"curies":[{"name":"wp","href":"https:\/\/api.w.org\/{rel}","templated":true}]}}