{"id":27317,"date":"2023-03-07T07:29:27","date_gmt":"2023-03-07T07:29:27","guid":{"rendered":"https:\/\/www.automakersnews.cz\/?p=27317"},"modified":"2023-03-07T07:30:48","modified_gmt":"2023-03-07T07:30:48","slug":"volvo-vozilo-ceske-lvy-na-cerveny-koberec","status":"publish","type":"post","link":"https:\/\/www.automakersnews.cz\/index.php\/2023\/03\/07\/volvo-vozilo-ceske-lvy-na-cerveny-koberec\/","title":{"rendered":"Volvo vozilo \u010cesk\u00e9 lvy na \u010derven\u00fd koberec"},"content":{"rendered":"<p><strong>Slavnostn\u00ed galave\u010der v pra\u017esk\u00e9m Rudolfinu p\u0159edstavil nov\u00e9 v\u00edt\u011bze \u010cesk\u00fdch lv\u016f a Volvo bylo op\u011bt u toho. Nominovan\u00ed tv\u016frci m\u011bli p\u0159i p\u0159\u00edjezdu k Rudolfinu mo\u017enost vystoupit na \u010derven\u00fd koberec z n\u011bkter\u00e9ho z jeho model\u016f.<\/strong><!--more--><\/p>\n<p>Volvo Cars Czech Republic spolupracuje s \u010ceskou filmovou a televizn\u00ed akademi\u00ed, je\u017e vyhla\u0161uje a ud\u00edl\u00ed presti\u017en\u00ed tv\u016fr\u010d\u00ed ceny \u010cesk\u00fd lev, dlouhodob\u011b coby partner ve\u010dera a gener\u00e1ln\u00ed dopravce.<\/p>\n<p>V sobotu 4. b\u0159ezna prob\u011bhl v p\u0159\u00edm\u00e9m p\u0159enosu \u010cesk\u00e9 televize slavnostn\u00ed ceremoni\u00e1l p\u0159ed\u00e1v\u00e1n\u00ed filmov\u00fdch cen \u010cesk\u00fd lev. Ve\u010derem, jen\u017e byl koncipov\u00e1n jako ohl\u00e9dnut\u00ed za t\u0159icetiletou histori\u00ed tohoto ocen\u011bn\u00ed, prov\u00e1zel re\u017eis\u00e9r, herec a moder\u00e1tor Ji\u0159\u00ed Havelka, p\u0159ed\u00e1vaj\u00edc\u00edmi byli moder\u00e1to\u0159i p\u0159edchoz\u00edch ro\u010dn\u00edk\u016f.<\/p>\n<p>Nejv\u00edce so\u0161ek \u010cesk\u00e9ho lva na z\u00e1klad\u011b hlasov\u00e1n\u00ed 217 akademik\u016f, kte\u0159\u00ed vyb\u00edrali z celkem 32 titul\u016f v 19 statut\u00e1rn\u00edch kategori\u00edch, z\u00edskaly filmy inspirovan\u00e9 skute\u010dn\u00fdmi ud\u00e1lostmi a osobami \u2013 v\u00fdpravn\u00fd \u017eivotopisn\u00fd sn\u00edmek o \u017eivot\u011b hudebn\u00edho skladatele Josefa Myslive\u010dka Il Boemo (v\u00edt\u011bz 6 kategori\u00ed) a drama Arv\u00e9d (3). Filmy BANGER a Podez\u0159en\u00ed z\u00edskaly pod dvou cen\u00e1ch a po jedn\u00e9 so\u0161ce si z\u00a0galave\u010dera odnesli tv\u016frci dal\u0161\u00edch \u0161esti d\u011bl nominovan\u00fdch za rok 2022.<\/p>\n<p>\u010cesk\u00e9 lvy za hlavn\u00ed role z\u00edskali Kl\u00e1ra Mel\u00ed\u0161kov\u00e1 (Podez\u0159en\u00ed) a Michal Kern (Arv\u00e9d), ve vedlej\u0161\u00edch rol\u00edch pak zv\u00edt\u011bzili Martha Issov\u00e1 (Buko) a Marsell Bendig (BANGER).<\/p>\n<p>Za t\u0159icetiletou historii \u010cesk\u00e9ho lva m\u00e1 na sv\u00e9m kont\u011b nejv\u00edce so\u0161ek filmov\u00fd st\u0159iha\u010d Ji\u0159\u00ed Bro\u017eek, kter\u00fd ocen\u011bn\u00ed z\u00edskal dev\u011btkr\u00e1t. S osmi cenami jej n\u00e1sleduj\u00ed kameraman Vladim\u00edr Smutn\u00fd a mistr zvuku Pavel Rejholec. Mezi herci kraluj\u00ed se sedmi so\u0161kami Ivan Trojan a s p\u011bti Anna Geislerov\u00e1.<\/p>\n<p><img loading=\"lazy\" decoding=\"async\" class=\"alignnone size-large wp-image-27321\" src=\"http:\/\/www.automakersnews.cz\/wp-content\/uploads\/2023\/03\/Volvo-Lev-Hrad-683x1024.jpg\" alt=\"\" width=\"683\" height=\"1024\" \/><\/p>\n","protected":false},"excerpt":{"rendered":"<div class=\"mh-excerpt\"><p>Slavnostn\u00ed galave\u010der v pra\u017esk\u00e9m Rudolfinu p\u0159edstavil nov\u00e9 v\u00edt\u011bze \u010cesk\u00fdch lv\u016f a Volvo bylo op\u011bt u toho. Nominovan\u00ed tv\u016frci m\u011bli p\u0159i p\u0159\u00edjezdu k Rudolfinu mo\u017enost vystoupit <a class=\"mh-excerpt-more\" href=\"https:\/\/www.automakersnews.cz\/index.php\/2023\/03\/07\/volvo-vozilo-ceske-lvy-na-cerveny-koberec\/\" title=\"Volvo vozilo \u010cesk\u00e9 lvy na \u010derven\u00fd koberec\">[&#8230;]<\/a><\/p>\n<\/div>","protected":false},"author":1,"featured_media":27318,"comment_status":"open","ping_status":"open","sticky":false,"template":"","format":"standard","meta":{"footnotes":""},"categories":[10,18],"tags":[],"class_list":["post-27317","post","type-post","status-publish","format-standard","has-post-thumbnail","hentry","category-eventy","category-sponzoring"],"_links":{"self":[{"href":"https:\/\/www.automakersnews.cz\/index.php\/wp-json\/wp\/v2\/posts\/27317","targetHints":{"allow":["GET"]}}],"collection":[{"href":"https:\/\/www.automakersnews.cz\/index.php\/wp-json\/wp\/v2\/posts"}],"about":[{"href":"https:\/\/www.automakersnews.cz\/index.php\/wp-json\/wp\/v2\/types\/post"}],"author":[{"embeddable":true,"href":"https:\/\/www.automakersnews.cz\/index.php\/wp-json\/wp\/v2\/users\/1"}],"replies":[{"embeddable":true,"href":"https:\/\/www.automakersnews.cz\/index.php\/wp-json\/wp\/v2\/comments?post=27317"}],"version-history":[{"count":0,"href":"https:\/\/www.automakersnews.cz\/index.php\/wp-json\/wp\/v2\/posts\/27317\/revisions"}],"wp:featuredmedia":[{"embeddable":true,"href":"https:\/\/www.automakersnews.cz\/index.php\/wp-json\/wp\/v2\/media\/27318"}],"wp:attachment":[{"href":"https:\/\/www.automakersnews.cz\/index.php\/wp-json\/wp\/v2\/media?parent=27317"}],"wp:term":[{"taxonomy":"category","embeddable":true,"href":"https:\/\/www.automakersnews.cz\/index.php\/wp-json\/wp\/v2\/categories?post=27317"},{"taxonomy":"post_tag","embeddable":true,"href":"https:\/\/www.automakersnews.cz\/index.php\/wp-json\/wp\/v2\/tags?post=27317"}],"curies":[{"name":"wp","href":"https:\/\/api.w.org\/{rel}","templated":true}]}}