{"id":27328,"date":"2023-03-07T07:44:47","date_gmt":"2023-03-07T07:44:47","guid":{"rendered":"https:\/\/www.automakersnews.cz\/?p=27328"},"modified":"2023-03-07T07:46:53","modified_gmt":"2023-03-07T07:46:53","slug":"kutackuv-carsharing-podepsal-memorandum-s-brnem","status":"publish","type":"post","link":"https:\/\/www.automakersnews.cz\/index.php\/2023\/03\/07\/kutackuv-carsharing-podepsal-memorandum-s-brnem\/","title":{"rendered":"Carsharing podepsal memorandum s Brnem"},"content":{"rendered":"<p><b>Carsharing Autonap\u016fl podepsal s Brnem memorandum o dlouhodob\u00e9 spolupr\u00e1ci na z\u00e1vazku m\u011bsta k adaptaci na klimatick\u00e9 zm\u011bny. Za Autonap\u016fl podepsal dokument jeho spoluzakladatel Stanislav Kut\u00e1\u010dek.<\/b><!--more--><\/p>\n<p>Dal\u0161\u00ed roz\u0161i\u0159ov\u00e1n\u00ed flotily o n\u00edzkoemisn\u00ed vozy a auta na zelenou energii nebo zaveden\u00ed princip\u016f cirkul\u00e1rn\u00ed ekonomiky &#8211; to jsou n\u011bkter\u00e9 z princip\u016f, kter\u00e9 maj\u00ed p\u0159ipravit jihomoravskou metropoli na prob\u00edhaj\u00edc\u00ed zm\u011bnu klimatu.<\/p>\n<p>Na Festivalu architektury se k c\u00edl\u016fm p\u0159ihl\u00e1sil i carsharing Autonap\u016fl. Iniciativu #PripravBrno spole\u010dnost dlouhodob\u011b napl\u0148uje poskytov\u00e1n\u00edm sd\u00edlen\u00fdch aut, kter\u00e9 se \u0159ad\u00ed k \u0161etrn\u00fdm druh\u016fm dopravy.<\/p>\n<p><img loading=\"lazy\" decoding=\"async\" class=\"alignnone size-large wp-image-27360\" src=\"http:\/\/www.automakersnews.cz\/wp-content\/uploads\/2023\/03\/Carsharing-autonapul-Kutacek-1024x683.jpg\" alt=\"\" width=\"1024\" height=\"683\" \/><\/p>\n<p><i>\u201eV roce 2022 najezdily v Brn\u011b na\u0161e sd\u00edlen\u00e9 elektromobily t\u00e9m\u011b\u0159 50 tis\u00edc kilometr\u016f a p\u0159isp\u011bly tak ke sn\u00ed\u017een\u00ed problematick\u00fdch emis\u00ed prachov\u00fdch \u010d\u00e1stic a oxid\u016f dus\u00edku ve m\u011bst\u011b. V na\u0161\u00ed flotile preferujeme vyu\u017e\u00edv\u00e1n\u00ed elekt\u0159iny z obnoviteln\u00fdch zdroj\u016f, co\u017e sni\u017euje emise CO2 zhruba o polovinu oproti emis\u00edm ze spalovac\u00edch aut. A hlavn\u011b, k \u00faspor\u00e1m emis\u00ed z dopravy vede u\u017e samotn\u00fd fakt, \u017ee provozujeme sd\u00edlen\u00e1 auta, proto\u017ee jedno sd\u00edlen\u00e9 auto nahrad\u00ed a\u017e 15 soukrom\u011b vlastn\u011bn\u00fdch vozidel,&#8220;\u00a0<\/i>vysv\u011btluje jeden za zakladatel\u016f Autonap\u016fl Stanislav Kut\u00e1\u010dek.<\/p>\n<p>Z v\u00fdzkum\u016f i anket vypl\u00fdv\u00e1, \u017ee u\u017eivatel\u00e9 carsharingu v\u011bt\u0161inu sv\u00fdch cest nam\u00edsto autem uskute\u010dn\u00ed p\u011b\u0161ky, na kole nebo hromadnou dopravou. Emise CO2 z jejich dopravy jsou tak \u0159\u00e1dov\u011b ni\u017e\u0161\u00ed, ne\u017e kdyby jeli osobn\u00edm autem.<\/p>\n<p><i>\u201eLid\u00e9, kte\u0159\u00ed vyu\u017e\u00edvaj\u00ed n\u00e1\u0161 carsharing, nad svou dopravou p\u0159em\u00fd\u0161lej\u00ed jinak a auto berou sp\u00ed\u0161e jako dopln\u011bk p\u0159i \u0159e\u0161en\u00ed sv\u00fdch dopravn\u00edch pot\u0159eb. Sami tak\u00e9 popt\u00e1vaj\u00ed elektrick\u00e1 a n\u00edzkoemisn\u00ed auta, i proto jsme loni do brn\u011bnsk\u00e9 flotily za\u0159adili t\u0159i hybridn\u00ed vozy a dv\u011b auta na LPG. U\u017e te\u010f p\u0159itom Autonap\u016fl provozuje pro brn\u011bnskou ve\u0159ejnost t\u0159i elektromobily v\u010detn\u011b ikonick\u00e9 Tesly 3 a preferujeme pro n\u011b p\u0159edev\u0161\u00edm elekt\u0159inu z obnoviteln\u00fdch zdroj\u016f,&#8220;<\/i>\u00a0dod\u00e1v\u00e1 \u0159editel Autonap\u016fl Michal \u0160imon\u00edk.<\/p>\n<p>V n\u00e1sleduj\u00edc\u00edch letech pl\u00e1nuje Autonap\u016fl d\u00e1le roz\u0161i\u0159ovat flotilu sd\u00edlen\u00fdch voz\u016f v\u010detn\u011b elektrick\u00fdch. Podle provozovatele bude ale krom\u011b preferenc\u00ed u\u017eivatel\u016f z\u00e1le\u017eet i na tom, jak se budou zlep\u0161ovat ekonomick\u00e9 podm\u00ednky provozov\u00e1n\u00ed elektromobil\u016f, dostupnost nab\u00edjec\u00edch m\u00edst a nab\u00eddka model\u016f vhodn\u00fdch pro sd\u00edlen\u00ed.<\/p>\n<p><strong>O Memorandu:<\/strong><\/p>\n<p>Statut\u00e1rn\u00ed m\u011bsto Brno jako signat\u00e1\u0159 Paktu starost\u016f a prim\u00e1tor\u016f se dobrovoln\u011b zav\u00e1zalo sn\u00ed\u017eit emise CO2 na sv\u00e9m \u00fazem\u00ed nejm\u00e9n\u011b o 40 % do roku 2030 a z\u00e1rove\u0148 zv\u00fd\u0161it svou odolnost v\u016f\u010di dopad\u016fm ji\u017e prob\u00edhaj\u00edc\u00edch klimatick\u00fdch zm\u011bn. M\u011bsto Brno si je v\u011bdomo, \u017ee mus\u00ed j\u00edt samo p\u0159\u00edkladem, a proto p\u0159ij\u00edm\u00e1 opat\u0159en\u00ed p\u0159edev\u0161\u00edm na vlastn\u00edch objektech, za\u0159\u00edzen\u00edch, vozov\u00e9m parku apod. Z\u00e1vazku m\u011bsta ale nelze dos\u00e1hnout bez zapojen\u00ed inova\u010dn\u00edho pr\u016fmyslu, v\u00fdzkumu a v\u00fdvoje i navazuj\u00edc\u00edch slu\u017eeb, kter\u00fd se na emis\u00edch pod\u00edl\u00ed z 46 %.<\/p>\n<p>Autonap\u016fl provozuje po cel\u00e9 republice flotilu necel\u00fdch sto sd\u00edlen\u00fdch aut r\u016fzn\u00fdch kategori\u00ed, od mal\u00fdch m\u011bstsk\u00fdch voz\u016f, p\u0159es \u00fasporn\u00e1 rodinn\u00e1 kombi po osobn\u00ed dod\u00e1vky \u010di elektromobily v\u010detn\u011b Tesly Model 3. P\u016fsob\u00ed v Brn\u011b, Praze, Pardubic\u00edch, Hradci Kr\u00e1lov\u00e9, Liberci, Plzni, Ostrav\u011b a Olomouci. Podrobnosti o v\u00fdhod\u00e1ch a podm\u00ednk\u00e1ch prvn\u00edho \u010desk\u00e9ho carsharingu Autonap\u016fl jsou na <a href=\"http:\/\/www.autonapul.cz\/\" target=\"_blank\" rel=\"noopener noreferrer\">www.autonapul.cz<\/a>. Nap\u0159\u00edklad cestuj\u00edc\u00ed \u010cesk\u00fdch drah mohou sv\u00e9 \u010cD body vyu\u017e\u00edt jako slevu na slu\u017eby tohoto carsharingu.<\/p>\n","protected":false},"excerpt":{"rendered":"<div class=\"mh-excerpt\"><p>Carsharing Autonap\u016fl podepsal s Brnem memorandum o dlouhodob\u00e9 spolupr\u00e1ci na z\u00e1vazku m\u011bsta k adaptaci na klimatick\u00e9 zm\u011bny. Za Autonap\u016fl podepsal dokument jeho spoluzakladatel Stanislav Kut\u00e1\u010dek.<\/p>\n<\/div>","protected":false},"author":1,"featured_media":27357,"comment_status":"open","ping_status":"open","sticky":false,"template":"","format":"standard","meta":{"footnotes":""},"categories":[42],"tags":[],"class_list":["post-27328","post","type-post","status-publish","format-standard","has-post-thumbnail","hentry","category-carsharing"],"_links":{"self":[{"href":"https:\/\/www.automakersnews.cz\/index.php\/wp-json\/wp\/v2\/posts\/27328","targetHints":{"allow":["GET"]}}],"collection":[{"href":"https:\/\/www.automakersnews.cz\/index.php\/wp-json\/wp\/v2\/posts"}],"about":[{"href":"https:\/\/www.automakersnews.cz\/index.php\/wp-json\/wp\/v2\/types\/post"}],"author":[{"embeddable":true,"href":"https:\/\/www.automakersnews.cz\/index.php\/wp-json\/wp\/v2\/users\/1"}],"replies":[{"embeddable":true,"href":"https:\/\/www.automakersnews.cz\/index.php\/wp-json\/wp\/v2\/comments?post=27328"}],"version-history":[{"count":0,"href":"https:\/\/www.automakersnews.cz\/index.php\/wp-json\/wp\/v2\/posts\/27328\/revisions"}],"wp:featuredmedia":[{"embeddable":true,"href":"https:\/\/www.automakersnews.cz\/index.php\/wp-json\/wp\/v2\/media\/27357"}],"wp:attachment":[{"href":"https:\/\/www.automakersnews.cz\/index.php\/wp-json\/wp\/v2\/media?parent=27328"}],"wp:term":[{"taxonomy":"category","embeddable":true,"href":"https:\/\/www.automakersnews.cz\/index.php\/wp-json\/wp\/v2\/categories?post=27328"},{"taxonomy":"post_tag","embeddable":true,"href":"https:\/\/www.automakersnews.cz\/index.php\/wp-json\/wp\/v2\/tags?post=27328"}],"curies":[{"name":"wp","href":"https:\/\/api.w.org\/{rel}","templated":true}]}}