{"id":27363,"date":"2023-03-07T07:52:51","date_gmt":"2023-03-07T07:52:51","guid":{"rendered":"https:\/\/www.automakersnews.cz\/?p=27363"},"modified":"2023-03-07T07:52:51","modified_gmt":"2023-03-07T07:52:51","slug":"hyundai-tendroval-komunikacni-agenturu","status":"publish","type":"post","link":"https:\/\/www.automakersnews.cz\/index.php\/2023\/03\/07\/hyundai-tendroval-komunikacni-agenturu\/","title":{"rendered":"Hyundai tendroval komunika\u010dn\u00ed agenturu"},"content":{"rendered":"<p><strong>Hyundai Motor Czech p\u0159ed \u010dasem vypsala tendr na novou komunika\u010dn\u00ed agenturu. Dosavadn\u00ed agentura VCCP po v\u00fdb\u011brov\u00e9m \u0159\u00edzen\u00ed kon\u010d\u00ed a do hry nasko\u010d\u00ed nov\u00fd strategick\u00fd partner, kter\u00fd m\u00e1 zku\u0161enosti od \u0160kodovky.<\/strong><!--more--><\/p>\n<p>Agenturu VCCP vyst\u0159\u00edd\u00e1 Mark BBDO, kde se od b\u0159ezna star\u00e1 o komunikaci Hyundaie seniorn\u00ed kreativn\u00ed t\u00fdm <strong>Martina Mare\u0161e. <\/strong><\/p>\n<p><strong>P<\/strong>rojektov\u00fd t\u00fdm vede <strong>Tom\u00e1\u0161 Cebula<\/strong>, kter\u00fd m\u00e1 zku\u0161enosti s\u00a0glob\u00e1ln\u00ed komunikac\u00ed zna\u010dky \u0160koda Auto.<\/p>\n<p>\u201eN\u00e1sleduj\u00edc\u00ed roky budou pro zna\u010dku Hyundai z\u00e1sadn\u00ed,\u201c uv\u00e1d\u00ed\u00a0<strong>Marek Tre\u0161l<\/strong>, \u0159editel marketingu Hyundai Motor Czech.<\/p>\n<p>\u201eSoub\u011b\u017en\u011b s\u00a0modernizac\u00ed st\u00e1vaj\u00edc\u00ed produktov\u00e9 \u0159ady postupn\u00e1 elektrifikace zm\u011bn\u00ed vn\u00edm\u00e1n\u00ed mobility jak z\u00a0pohledu u\u017eitn\u00e9 hodnoty, tak i\u00a0u\u017eivatelsk\u00e9ho pro\u017eitku,\u201c p\u0159edes\u00edl\u00e1. Agentura Mark BBDO bude pro zna\u010dku Hyundai pracovat na komunika\u010dn\u00edch kampan\u00edch i\u00a0pom\u00e1hat rozv\u00edjet z\u00e1kaznickou zku\u0161enost.<\/p>\n<p><strong>Zdroj: mediar.cz<\/strong><\/p>\n","protected":false},"excerpt":{"rendered":"<div class=\"mh-excerpt\"><p>Hyundai Motor Czech p\u0159ed \u010dasem vypsala tendr na novou komunika\u010dn\u00ed agenturu. Dosavadn\u00ed agentura VCCP po v\u00fdb\u011brov\u00e9m \u0159\u00edzen\u00ed kon\u010d\u00ed a do hry nasko\u010d\u00ed nov\u00fd strategick\u00fd partner, <a class=\"mh-excerpt-more\" href=\"https:\/\/www.automakersnews.cz\/index.php\/2023\/03\/07\/hyundai-tendroval-komunikacni-agenturu\/\" title=\"Hyundai tendroval komunika\u010dn\u00ed agenturu\">[&#8230;]<\/a><\/p>\n<\/div>","protected":false},"author":1,"featured_media":332,"comment_status":"open","ping_status":"open","sticky":false,"template":"","format":"standard","meta":{"footnotes":""},"categories":[30],"tags":[],"class_list":["post-27363","post","type-post","status-publish","format-standard","has-post-thumbnail","hentry","category-marketing"],"_links":{"self":[{"href":"https:\/\/www.automakersnews.cz\/index.php\/wp-json\/wp\/v2\/posts\/27363","targetHints":{"allow":["GET"]}}],"collection":[{"href":"https:\/\/www.automakersnews.cz\/index.php\/wp-json\/wp\/v2\/posts"}],"about":[{"href":"https:\/\/www.automakersnews.cz\/index.php\/wp-json\/wp\/v2\/types\/post"}],"author":[{"embeddable":true,"href":"https:\/\/www.automakersnews.cz\/index.php\/wp-json\/wp\/v2\/users\/1"}],"replies":[{"embeddable":true,"href":"https:\/\/www.automakersnews.cz\/index.php\/wp-json\/wp\/v2\/comments?post=27363"}],"version-history":[{"count":0,"href":"https:\/\/www.automakersnews.cz\/index.php\/wp-json\/wp\/v2\/posts\/27363\/revisions"}],"wp:featuredmedia":[{"embeddable":true,"href":"https:\/\/www.automakersnews.cz\/index.php\/wp-json\/wp\/v2\/media\/332"}],"wp:attachment":[{"href":"https:\/\/www.automakersnews.cz\/index.php\/wp-json\/wp\/v2\/media?parent=27363"}],"wp:term":[{"taxonomy":"category","embeddable":true,"href":"https:\/\/www.automakersnews.cz\/index.php\/wp-json\/wp\/v2\/categories?post=27363"},{"taxonomy":"post_tag","embeddable":true,"href":"https:\/\/www.automakersnews.cz\/index.php\/wp-json\/wp\/v2\/tags?post=27363"}],"curies":[{"name":"wp","href":"https:\/\/api.w.org\/{rel}","templated":true}]}}