{"id":27785,"date":"2023-03-08T09:03:02","date_gmt":"2023-03-08T09:03:02","guid":{"rendered":"https:\/\/www.automakersnews.cz\/?p=27785"},"modified":"2023-03-09T07:46:34","modified_gmt":"2023-03-09T07:46:34","slug":"mercedes-benz-opet-nejprodavanejsi-premiovou-znackou-v-cr","status":"publish","type":"post","link":"https:\/\/www.automakersnews.cz\/index.php\/2023\/03\/08\/mercedes-benz-opet-nejprodavanejsi-premiovou-znackou-v-cr\/","title":{"rendered":"Mercedes Me Charge nab\u00edj\u00ed z obnoviteln\u00fdch zdroj\u016f"},"content":{"rendered":"<p><strong>Mercedes-Benz zajist\u00ed pro ve\u0159ejn\u00e9 nab\u00edjen\u00ed p\u0159es Mercedes me Charge pou\u017eit\u00ed energie z obnoviteln\u00fdch zdroj\u016f. To znamen\u00e1, \u017ee od\u010derpan\u00e9 mno\u017estv\u00ed energie je po vlastn\u00edm procesu nab\u00edjen\u00ed kompenzov\u00e1no zelen\u00fdm elektrick\u00fdm proudem. Od lo\u0148sk\u00e9ho roku tak\u00e9 maj\u00ed z\u00e1kazn\u00edci slu\u017eby jednodu\u0161\u0161\u00ed p\u0159\u00edstup k nab\u00edjen\u00ed.<\/strong><!--more--><\/p>\n<p>Mohou nap\u0159\u00edklad vyu\u017e\u00edt slu\u017eby Mercedes me Charge: ta formou karty nebo aplikace v chytr\u00e9m telefonu nebo zcela bezstarostn\u011b prost\u0159ednictv\u00edm automatick\u00e9 autentizace \u201ePlug &amp; Charge\u201c zajist\u00ed snadn\u00e9 nab\u00edjen\u00ed v s\u00edt\u00edch r\u016fzn\u00fdch poskytovatel\u016f a jednotn\u00e9 vy\u00fa\u010dtov\u00e1n\u00ed.<\/p>\n<p>Od \u010dervna 2022 byla nav\u00edc zjednodu\u0161ena nab\u00eddka nab\u00edjec\u00edch tarif\u016f, kter\u00e9 jsou p\u0159izp\u016fsobeny individu\u00e1ln\u00edm preferenc\u00edm r\u016fzn\u00fdch c\u00edlov\u00fdch skupin. K dispozici jsou t\u0159i samostatn\u00e9 tarify, maxim\u00e1ln\u011b flexibiln\u00ed \u201eS\u201c a \u201eM\u201c \u010di tarif \u201eL\u201c s nejni\u017e\u0161\u00ed nab\u00edjec\u00ed sazbou pro ty, kdo jezd\u00ed \u010dasto na velk\u00e9 vzd\u00e1lenosti.<\/p>\n<p>V \u010cesk\u00e9 republice lze s jedinou kartou Mercedes me Charge vyu\u017e\u00edvat naprostou v\u011bt\u0161inu v\u0161ech ve\u0159ejn\u00fdch stanic, v\u010detn\u011b s\u00edt\u00ed \u010cEZ, E.ON nebo PRE, a samoz\u0159ejm\u011b i ultra rychl\u00e9 stanice mezin\u00e1rodn\u00ed spole\u010dnosti IONITY.<\/p>\n<p>Komfort nab\u00edjen\u00ed a transparentn\u00ed n\u00e1klady tohoto \u0159e\u0161en\u00ed ocen\u00ed koncov\u00ed u\u017eivatel\u00e9 i\u00a0firemn\u00ed z\u00e1kazn\u00edci. Se stejnou kartou lze zaplatit na p\u0159ibli\u017en\u011b 350 000 dob\u00edjec\u00edch m\u00edstech po cel\u00e9 Evrop\u011b.<\/p>\n","protected":false},"excerpt":{"rendered":"<div class=\"mh-excerpt\"><p>Mercedes-Benz zajist\u00ed pro ve\u0159ejn\u00e9 nab\u00edjen\u00ed p\u0159es Mercedes me Charge pou\u017eit\u00ed energie z obnoviteln\u00fdch zdroj\u016f. To znamen\u00e1, \u017ee od\u010derpan\u00e9 mno\u017estv\u00ed energie je po vlastn\u00edm procesu nab\u00edjen\u00ed <a class=\"mh-excerpt-more\" href=\"https:\/\/www.automakersnews.cz\/index.php\/2023\/03\/08\/mercedes-benz-opet-nejprodavanejsi-premiovou-znackou-v-cr\/\" title=\"Mercedes Me Charge nab\u00edj\u00ed z obnoviteln\u00fdch zdroj\u016f\">[&#8230;]<\/a><\/p>\n<\/div>","protected":false},"author":1,"featured_media":13929,"comment_status":"open","ping_status":"open","sticky":false,"template":"","format":"standard","meta":{"footnotes":""},"categories":[55,2],"tags":[],"class_list":["post-27785","post","type-post","status-publish","format-standard","has-post-thumbnail","hentry","category-alternativni-pohony","category-news"],"_links":{"self":[{"href":"https:\/\/www.automakersnews.cz\/index.php\/wp-json\/wp\/v2\/posts\/27785","targetHints":{"allow":["GET"]}}],"collection":[{"href":"https:\/\/www.automakersnews.cz\/index.php\/wp-json\/wp\/v2\/posts"}],"about":[{"href":"https:\/\/www.automakersnews.cz\/index.php\/wp-json\/wp\/v2\/types\/post"}],"author":[{"embeddable":true,"href":"https:\/\/www.automakersnews.cz\/index.php\/wp-json\/wp\/v2\/users\/1"}],"replies":[{"embeddable":true,"href":"https:\/\/www.automakersnews.cz\/index.php\/wp-json\/wp\/v2\/comments?post=27785"}],"version-history":[{"count":0,"href":"https:\/\/www.automakersnews.cz\/index.php\/wp-json\/wp\/v2\/posts\/27785\/revisions"}],"wp:featuredmedia":[{"embeddable":true,"href":"https:\/\/www.automakersnews.cz\/index.php\/wp-json\/wp\/v2\/media\/13929"}],"wp:attachment":[{"href":"https:\/\/www.automakersnews.cz\/index.php\/wp-json\/wp\/v2\/media?parent=27785"}],"wp:term":[{"taxonomy":"category","embeddable":true,"href":"https:\/\/www.automakersnews.cz\/index.php\/wp-json\/wp\/v2\/categories?post=27785"},{"taxonomy":"post_tag","embeddable":true,"href":"https:\/\/www.automakersnews.cz\/index.php\/wp-json\/wp\/v2\/tags?post=27785"}],"curies":[{"name":"wp","href":"https:\/\/api.w.org\/{rel}","templated":true}]}}