{"id":28014,"date":"2023-03-09T06:46:13","date_gmt":"2023-03-09T06:46:13","guid":{"rendered":"https:\/\/www.automakersnews.cz\/?p=28014"},"modified":"2023-03-09T06:46:13","modified_gmt":"2023-03-09T06:46:13","slug":"toyota-a-suzuki-svolavaji-hybridy-phev","status":"publish","type":"post","link":"https:\/\/www.automakersnews.cz\/index.php\/2023\/03\/09\/toyota-a-suzuki-svolavaji-hybridy-phev\/","title":{"rendered":"Toyota a Suzuki svol\u00e1vaj\u00ed hybridy PHEV"},"content":{"rendered":"<p><strong>Plug-in hybridn\u00ed (PHEV) varianty Toyoty RAV 4 z obdob\u00ed v\u00fdroby 25. listopadu 2019 do 24. \u010dervna 2021 a Suzuki Across z obdob\u00ed 8. \u010dervna 2020 do 16. \u010dervna 2021 vy\u017eaduj\u00ed aktualizaci softwaru.<\/strong><!--more--><\/p>\n<p>Hybridn\u00ed syst\u00e9m by se mohl b\u011bhem j\u00edzdy n\u00e1hle vypnout, pokud nap\u011bt\u00ed hybridn\u00ed baterie klesne pod ur\u010ditou mez. Aby k tomu do\u0161lo, musel by \u0159idi\u010d rychle se\u0161l\u00e1pnout plynov\u00fd ped\u00e1l po nep\u0159etr\u017eit\u00e9 j\u00edzd\u011b v \u010dist\u011b elektrick\u00e9m re\u017eimu za velmi n\u00edzk\u00fdch teplot.<\/p>\n<p>Svol\u00e1vac\u00ed akce se t\u00fdk\u00e1 p\u0159ibli\u017en\u011b <strong>21.000<\/strong>\u00a0kompaktn\u00edch SUV Toyota a\u00a0<strong>3.631<\/strong>\u00a0p\u0159\u00edbuzn\u00fdch Suzuki Across.<\/p>\n<p><strong>Zdroj: svolavacky.cz<\/strong><\/p>\n","protected":false},"excerpt":{"rendered":"<div class=\"mh-excerpt\"><p>Plug-in hybridn\u00ed (PHEV) varianty Toyoty RAV 4 z obdob\u00ed v\u00fdroby 25. listopadu 2019 do 24. \u010dervna 2021 a Suzuki Across z obdob\u00ed 8. \u010dervna 2020 <a class=\"mh-excerpt-more\" href=\"https:\/\/www.automakersnews.cz\/index.php\/2023\/03\/09\/toyota-a-suzuki-svolavaji-hybridy-phev\/\" title=\"Toyota a Suzuki svol\u00e1vaj\u00ed hybridy PHEV\">[&#8230;]<\/a><\/p>\n<\/div>","protected":false},"author":1,"featured_media":74,"comment_status":"open","ping_status":"open","sticky":false,"template":"","format":"standard","meta":{"footnotes":""},"categories":[17],"tags":[],"class_list":["post-28014","post","type-post","status-publish","format-standard","has-post-thumbnail","hentry","category-servis"],"_links":{"self":[{"href":"https:\/\/www.automakersnews.cz\/index.php\/wp-json\/wp\/v2\/posts\/28014","targetHints":{"allow":["GET"]}}],"collection":[{"href":"https:\/\/www.automakersnews.cz\/index.php\/wp-json\/wp\/v2\/posts"}],"about":[{"href":"https:\/\/www.automakersnews.cz\/index.php\/wp-json\/wp\/v2\/types\/post"}],"author":[{"embeddable":true,"href":"https:\/\/www.automakersnews.cz\/index.php\/wp-json\/wp\/v2\/users\/1"}],"replies":[{"embeddable":true,"href":"https:\/\/www.automakersnews.cz\/index.php\/wp-json\/wp\/v2\/comments?post=28014"}],"version-history":[{"count":0,"href":"https:\/\/www.automakersnews.cz\/index.php\/wp-json\/wp\/v2\/posts\/28014\/revisions"}],"wp:featuredmedia":[{"embeddable":true,"href":"https:\/\/www.automakersnews.cz\/index.php\/wp-json\/wp\/v2\/media\/74"}],"wp:attachment":[{"href":"https:\/\/www.automakersnews.cz\/index.php\/wp-json\/wp\/v2\/media?parent=28014"}],"wp:term":[{"taxonomy":"category","embeddable":true,"href":"https:\/\/www.automakersnews.cz\/index.php\/wp-json\/wp\/v2\/categories?post=28014"},{"taxonomy":"post_tag","embeddable":true,"href":"https:\/\/www.automakersnews.cz\/index.php\/wp-json\/wp\/v2\/tags?post=28014"}],"curies":[{"name":"wp","href":"https:\/\/api.w.org\/{rel}","templated":true}]}}