{"id":28017,"date":"2023-03-09T07:10:00","date_gmt":"2023-03-09T07:10:00","guid":{"rendered":"https:\/\/www.automakersnews.cz\/?p=28017"},"modified":"2023-03-09T07:35:58","modified_gmt":"2023-03-09T07:35:58","slug":"projekt-start-driving-pokracuje-i-v-roce-2023","status":"publish","type":"post","link":"https:\/\/www.automakersnews.cz\/index.php\/2023\/03\/09\/projekt-start-driving-pokracuje-i-v-roce-2023\/","title":{"rendered":"Projekt START DRIVING pokra\u010duje i letos"},"content":{"rendered":"<p><strong>Roman Budsk\u00fd z platformy VIZE 0 svolal novin\u00e1\u0159e do kongresov\u00e9ho centra Kooperativy, aby je spole\u010dn\u011b s ministrem dopravy Martinem Kupkou sezn\u00e1mil s leto\u0161n\u00edm pokra\u010dov\u00e1n\u00edm projektu vzd\u011bl\u00e1n\u00ed pro mlad\u00e9 \u0159idi\u010de Start Driving. V roce 2023 prob\u011bhne dal\u0161\u00edch 70 vzd\u011bl\u00e1vac\u00edch kurz\u016f pro za\u010d\u00ednaj\u00edc\u00ed \u0159idi\u010de po cel\u00e9 \u010cR.<\/strong><!--more--><\/p>\n<p>V uplynul\u00e9 dek\u00e1d\u011b byli ve srovn\u00e1n\u00ed s pr\u016fm\u011brem EU mlad\u00ed \u0159idi\u010di v \u010cR nadpr\u016fm\u011brn\u011b nebezpe\u010dn\u00ed, proto je nutn\u00e9 pokra\u010dovat v jejich navazuj\u00edc\u00edm vzd\u011bl\u00e1v\u00e1n\u00ed i po z\u00e1v\u011bre\u010dn\u00e9 \u0159idi\u010dsk\u00e9 zkou\u0161ce.<\/p>\n<p>Za\u010d\u00ednaj\u00edc\u00ed mlad\u00ed \u0159idi\u010di se mohou zdarma p\u0159ihl\u00e1sit do zdokonalovac\u00edch kurz\u016f na www.startdriving.cz.<\/p>\n<p>Mlad\u00ed jedinci ve v\u011bku 18-24 let jsou nejohro\u017een\u011bj\u0161\u00ed v\u011bkovou skupinou \u00fa\u010dastn\u00edk\u016f silni\u010dn\u00edho provozu. To plat\u00ed nejen pro \u010ceskou republiku, ale i pro celou Evropskou unii. Evropsk\u00e1 komise i Evropsk\u00e1 rada pro bezpe\u010dnost silni\u010dn\u00edho provozu proto doporu\u010duj\u00ed v\u00edcef\u00e1zov\u00fd zp\u016fsob p\u0159\u00edpravy\u00a0 nov\u00fdch \u0159idi\u010d\u016f.<\/p>\n<p>\u201eV roce 2024 se i \u010cesk\u00e1 republika za\u0159ad\u00ed ke st\u00e1t\u016fm, kter\u00e9 maj\u00ed zaveden \u0159idi\u010d\u00e1k na zkou\u0161ku. Nejen zaveden\u00edm zku\u0161ebn\u00edho obdob\u00ed pro novope\u010den\u00e9 \u0159idi\u010de, ale tak\u00e9 zaveden\u00edm zdokonalovac\u00edho kurzu pro potenci\u00e1ln\u011b rizikov\u00e9 nov\u00e9 \u0159idi\u010de. Dan\u00e9 opat\u0159en\u00ed spole\u010dn\u011b s modelem\u00a0 p\u0159\u00edpravy nov\u00fdch \u0159idi\u010d\u016f naz\u00fdvan\u00fdm L17, tj. mo\u017enost\u00ed \u0159\u00eddit automobil ji\u017e od 17 let pod dohledem zku\u0161en\u00e9ho mentora, nepochybn\u011b v\u00fdrazn\u011b zv\u00fd\u0161\u00ed p\u0159ipravenost nov\u00fdch \u0159idi\u010d\u016f na n\u00e1ro\u010dn\u00e9 podm\u00ednky v silni\u010dn\u00edm provozu,\u201c uv\u00e1d\u00ed ministr dopravy Martin Kupka.<\/p>\n<p>Navazuj\u00edc\u00ed vzd\u011bl\u00e1v\u00e1n\u00ed nov\u00fdch \u0159idi\u010d\u016f mus\u00ed c\u00edlit zejm\u00e9na na zdokonalov\u00e1n\u00ed ovl\u00e1d\u00e1n\u00ed motorov\u00fdch vozidel a dopravn\u011b psychologick\u00e9 vzd\u011bl\u00e1v\u00e1n\u00ed s prim\u00e1rn\u00edm c\u00edlem p\u016fsobit na rozvoj \u017e\u00e1douc\u00edch postoj\u016f nov\u00fdch \u0159idi\u010d\u016f.<\/p>\n<p>\u201eKurzy mus\u00ed b\u00fdt zam\u011b\u0159eny na zdokonalov\u00e1n\u00ed techniky \u0159\u00edzen\u00ed motorov\u00e9ho vozidla \u010di zvl\u00e1d\u00e1n\u00ed rizikov\u00fdch situac\u00ed. V \u017e\u00e1dn\u00e9m p\u0159\u00edpad\u011b nesm\u011bj\u00ed v \u00fa\u010dastn\u00edc\u00edch vyvol\u00e1vat sebep\u0159ece\u0148uj\u00edc\u00ed pocity. P\u0159\u00edprava mus\u00ed b\u00fdt zam\u011b\u0159ena na demonstraci hroz\u00edc\u00edch rizik v silni\u010dn\u00edm<br \/>\nprovozu,\u201c upozor\u0148uje Roman Budsk\u00fd, dopravn\u00ed expert z Platformy VIZE 0.<\/p>\n<p>\u201eMlad\u00ed \u0159idi\u010di 24 let jsou nejrizikov\u011bj\u0161\u00ed skupinou \u0159idi\u010d\u016f \u2013 maj\u00ed dva a p\u016fl kr\u00e1t vy\u0161\u0161\u00ed pravd\u011bpodobnost, \u017ee zp\u016fsob\u00ed dopravn\u00ed nehodu. Ro\u010dn\u011b zavin\u00ed na 130 smrteln\u00fdch nehod. Jako p\u0159\u00ed\u010dina nehody u nich dominuje rychlost, oproti ostatn\u00edm \u0159idi\u010d\u016fm hned dvojn\u00e1sobn\u00e1. A proto je<br \/>\npot\u0159eba s nimi pracovat, nab\u00eddnout jim dodate\u010dn\u00e1 \u0161kolen\u00ed \u0159idi\u010dsk\u00fdch dovednost\u00ed, kter\u00e9 je l\u00e9pe p\u0159iprav\u00ed na krizov\u00e9 situace a podpo\u0159\u00ed u nich respekt k \u0159\u00edzen\u00ed. I to je d\u016fvodem, pro\u010d komise fondu z\u00e1brany \u0161kod ji\u017e od roku 2020 mezi podpo\u0159en\u00e9 projekty zahrnuje pr\u00e1v\u011b Start Driving,\u201c up\u0159es\u0148uje Jan Matou\u0161ek, \u0159editel \u010cesk\u00e9 kancel\u00e1\u0159e pojistitel\u016f.<\/p>\n<p>Projekt START DRIVING je zam\u011b\u0159en na zdokonalovac\u00ed p\u0159\u00edpravu nov\u00fdch \u0159idi\u010d\u016f ve v\u011bku 18\u201324 let s \u0159idi\u010dsk\u00fdm opr\u00e1vn\u011bn\u00edm skupiny B. Efektivitu programu zvy\u0161uje i to, \u017ee kurz\u016f se mohou z\u00fa\u010dastnit i rodi\u010de mlad\u00fdch za\u010d\u00ednaj\u00edc\u00edch \u0159idi\u010d\u016f, u\u010ditel\u00e9 auto\u0161kol i zku\u0161ebn\u00ed komisa\u0159i \u0159idi\u010d\u016f.<\/p>\n<p>Od roku 2020 do konce roku 2022 se uskute\u010dnilo celkov\u011b 196 kurz\u016f na osmi polygonech v r\u00e1mci cel\u00e9 \u010cesk\u00e9 republiky. A nap\u0159\u00edklad v lo\u0148sk\u00e9m roce se jich z\u00fa\u010dastnilo celkov\u011b 2 415 osob.<\/p>\n<p>A jednalo se nejen o nov\u00e9 \u0159idi\u010de ve v\u011bku 18 a\u017e 24 let, kter\u00fdch bylo 1 723, ale tak\u00e9 o 375 jejich rodi\u010d\u016f a 317 u\u010ditel\u016f auto\u0161kol. \u201eProjekt pokra\u010duje i v leto\u0161n\u00edm roce jako Start Driving 2023, napl\u00e1nov\u00e1no je dal\u0161\u00edch 70 vzd\u011bl\u00e1vac\u00edch kurz\u016f, kter\u00fdch se mohou z\u00fa\u010dastnit jak mlad\u00ed \u0159idi\u010di a\u00a0 jejich rodi\u010de, tak i u\u010ditel\u00e9 auto\u0161kol a zku\u0161ebn\u00ed komisa\u0159i \u0159idi\u010d\u016f. Bli\u017e\u0161\u00ed informace v\u010detn\u011b p\u0159ihla\u0161ovac\u00edho formul\u00e1\u0159e na jednotliv\u00e9 kurzy, kter\u00e9 jsou tradi\u010dn\u011b bezplatn\u00e9, se nach\u00e1zej\u00ed na webov\u00fdch str\u00e1nk\u00e1ch projektu www.startdriving.cz,\u201c dopl\u0148uje p\u0159edseda Asociace auto\u0161kol \u010cR<br \/>\nAle\u0161 Hor\u010di\u010dka.<\/p>\n<p><strong>Harmonogram vystupuj\u00edc\u00edch:<\/strong><\/p>\n<ul>\n<li>Ing. Martin Divi\u0161, MBA \u2013 Kooperativa poji\u0161\u0165ovna<\/li>\n<li>Mgr. Martin Kupka \u2013 Ministerstvo dopravy \u010cR<\/li>\n<li>Mgr. Jan Matou\u0161ek \u2013 \u010cesk\u00e1 kancel\u00e1\u0159 pojistitel\u016f<\/li>\n<li>plk. Mgr. Michal Hodbo\u010f \u2013 \u0158editelstv\u00ed slu\u017eby dopravn\u00ed policie Policejn\u00edho prezidia \u010cR<\/li>\n<li>PhDr. Michal Walter &#8211; Unie psychologick\u00fdch asociac\u00ed \u010cR, z.s.<\/li>\n<li>Pavel Du\u0161\u00e1nek \u2013 Asociace center pro zdokonalovac\u00ed v\u00fdcvik \u0159idi\u010d\u016f<\/li>\n<li>Ing. Ale\u0161 Hor\u010di\u010dka &#8211; Asociace auto\u0161kol \u010cR<\/li>\n<\/ul>\n<figure id=\"attachment_28020\" aria-describedby=\"caption-attachment-28020\" style=\"width: 1024px\" class=\"wp-caption alignnone\"><img loading=\"lazy\" decoding=\"async\" class=\"size-large wp-image-28020\" src=\"http:\/\/www.automakersnews.cz\/wp-content\/uploads\/2023\/03\/Handl-kapitanka-1024x768.jpg\" alt=\"\" width=\"1024\" height=\"768\" \/><figcaption id=\"caption-attachment-28020\" class=\"wp-caption-text\">T\u00e9ma jsme probrali s kapit\u00e1nkou dopravn\u00ed policie Hanou Rub\u00e1\u0161ovou<\/figcaption><\/figure>\n","protected":false},"excerpt":{"rendered":"<div class=\"mh-excerpt\"><p>Roman Budsk\u00fd z platformy VIZE 0 svolal novin\u00e1\u0159e do kongresov\u00e9ho centra Kooperativy, aby je spole\u010dn\u011b s ministrem dopravy Martinem Kupkou sezn\u00e1mil s leto\u0161n\u00edm pokra\u010dov\u00e1n\u00edm projektu <a class=\"mh-excerpt-more\" href=\"https:\/\/www.automakersnews.cz\/index.php\/2023\/03\/09\/projekt-start-driving-pokracuje-i-v-roce-2023\/\" title=\"Projekt START DRIVING pokra\u010duje i letos\">[&#8230;]<\/a><\/p>\n<\/div>","protected":false},"author":1,"featured_media":28052,"comment_status":"open","ping_status":"open","sticky":false,"template":"","format":"standard","meta":{"footnotes":""},"categories":[35,29],"tags":[],"class_list":["post-28017","post","type-post","status-publish","format-standard","has-post-thumbnail","hentry","category-doprava","category-tiskovky"],"_links":{"self":[{"href":"https:\/\/www.automakersnews.cz\/index.php\/wp-json\/wp\/v2\/posts\/28017","targetHints":{"allow":["GET"]}}],"collection":[{"href":"https:\/\/www.automakersnews.cz\/index.php\/wp-json\/wp\/v2\/posts"}],"about":[{"href":"https:\/\/www.automakersnews.cz\/index.php\/wp-json\/wp\/v2\/types\/post"}],"author":[{"embeddable":true,"href":"https:\/\/www.automakersnews.cz\/index.php\/wp-json\/wp\/v2\/users\/1"}],"replies":[{"embeddable":true,"href":"https:\/\/www.automakersnews.cz\/index.php\/wp-json\/wp\/v2\/comments?post=28017"}],"version-history":[{"count":0,"href":"https:\/\/www.automakersnews.cz\/index.php\/wp-json\/wp\/v2\/posts\/28017\/revisions"}],"wp:featuredmedia":[{"embeddable":true,"href":"https:\/\/www.automakersnews.cz\/index.php\/wp-json\/wp\/v2\/media\/28052"}],"wp:attachment":[{"href":"https:\/\/www.automakersnews.cz\/index.php\/wp-json\/wp\/v2\/media?parent=28017"}],"wp:term":[{"taxonomy":"category","embeddable":true,"href":"https:\/\/www.automakersnews.cz\/index.php\/wp-json\/wp\/v2\/categories?post=28017"},{"taxonomy":"post_tag","embeddable":true,"href":"https:\/\/www.automakersnews.cz\/index.php\/wp-json\/wp\/v2\/tags?post=28017"}],"curies":[{"name":"wp","href":"https:\/\/api.w.org\/{rel}","templated":true}]}}