{"id":28054,"date":"2023-03-09T07:43:40","date_gmt":"2023-03-09T07:43:40","guid":{"rendered":"https:\/\/www.automakersnews.cz\/?p=28054"},"modified":"2023-03-09T08:22:45","modified_gmt":"2023-03-09T08:22:45","slug":"kupka-cesko-trva-na-syntetickych-palivech","status":"publish","type":"post","link":"https:\/\/www.automakersnews.cz\/index.php\/2023\/03\/09\/kupka-cesko-trva-na-syntetickych-palivech\/","title":{"rendered":"Kupka: \u010cesko trv\u00e1 na syntetick\u00fdch palivech"},"content":{"rendered":"<p><strong><span class=\"e0id0 advancedHighlight\" data-id=\"0\" data-classic=\"false\">\u010cesko<\/span>\u00a0nepodpo\u0159\u00ed z\u00e1kaz spalovac\u00edch motor\u016f v nov\u00fdch autechv roce 2035, pokud nebude mo\u017en\u00e9 vyu\u017e\u00edvat syntetick\u00e1 paliva. Takov\u00fd je postoj\u00a0<span class=\"e5id6 advancedHighlight\" data-id=\"1\" data-classic=\"false\">ministra<\/span>\u00a0<span class=\"e5id6 advancedHighlight\" data-id=\"1\" data-classic=\"false\">dopravy<\/span>\u00a0<span class=\"e2id1 advancedHighlight\" data-id=\"3\" data-classic=\"false\">Martina<\/span>\u00a0<span class=\"e2id1 advancedHighlight\" data-id=\"3\" data-classic=\"false\">Kupky<\/span>. V t\u00e9to v\u011bci bude\u00a0<span class=\"e0id0 advancedHighlight\" data-id=\"0\" data-classic=\"false\">\u010cesko<\/span>\u00a0postupovat spole\u010dn\u011b s\u00a0<span class=\"e0id1 advancedHighlight\" data-id=\"6\" data-classic=\"false\">N\u011bmeckem<\/span>.<\/strong><!--more--><\/p>\n<p>Syntetick\u00e1 paliva vznikaj\u00ed chemickou cestou a nikoliv z ropy. Jejich spalov\u00e1n\u00ed produkuje v\u00fdrazn\u011b \u010dist\u0161\u00ed emise. Podle <span class=\"e5id6 advancedHighlight\" data-id=\"1\" data-classic=\"false\">ministra<\/span>\u00a0<span class=\"e5id6 advancedHighlight\" data-id=\"1\" data-classic=\"false\">dopravy<\/span>\u00a0<span class=\"e2id1 advancedHighlight\" data-id=\"3\" data-classic=\"false\">Martina<\/span>\u00a0<span class=\"e2id1 advancedHighlight\" data-id=\"3\" data-classic=\"false\">Kupky<\/span>\u00a0se u\u017e na to\u00a0<span class=\"e5id0 advancedHighlight e-personGeneral SearchKeywordHighlight\" data-id=\"13\" data-classic=\"true\">automobilov\u00fd<\/span>\u00a0<span class=\"e5id0 advancedHighlight\" data-id=\"14\" data-classic=\"false\">pr\u016fmysl<\/span>\u00a0postupn\u011b adaptuje.<\/p>\n<p>\u201eV zahrani\u010d\u00ed u\u017e v tuto chv\u00edli prob\u00edhaj\u00ed velk\u00e9 technologick\u00e9 projekty, kter\u00e9 pr\u00e1v\u011b \u0159e\u0161\u00ed\u00a0<span class=\"e5id1 advancedHighlight\" data-id=\"15\" data-classic=\"false\">v\u00fdrobu<\/span>\u00a0t\u011bch syntetick\u00fdch paliv. Ona na tom bude do budoucna z\u00e1visl\u00e1 i\u00a0<span class=\"e5id7 advancedHighlight\" data-id=\"16\" data-classic=\"false\">leteck\u00e1<\/span>\u00a0<span class=\"e5id7 advancedHighlight\" data-id=\"16\" data-classic=\"false\">doprava<\/span>. N\u00e1m jde p\u0159edev\u0161\u00edm o to, aby i\u00a0<span class=\"e5id0 advancedHighlight e-personGeneral SearchKeywordHighlight\" data-id=\"13\" data-classic=\"true\">automobilov\u00fd<\/span>\u00a0<span class=\"e5id0 advancedHighlight\" data-id=\"14\" data-classic=\"false\">pr\u016fmysl<\/span> m\u011bl alternativy,\u201c \u0159ekl <span class=\"e5id6 advancedHighlight\" data-id=\"1\" data-classic=\"false\">ministr<\/span>\u00a0<span class=\"e5id6 advancedHighlight\" data-id=\"1\" data-classic=\"false\">dopravy<\/span>\u00a0a\u00a0<span class=\"e5id2 advancedHighlight\" data-id=\"22\" data-classic=\"false\">m\u00edstop\u0159edseda<\/span>\u00a0<span class=\"e1id0 advancedHighlight\" data-id=\"23\" data-classic=\"false\">ODS<\/span>\u00a0<span class=\"e2id1 advancedHighlight\" data-id=\"3\" data-classic=\"false\">Martin<\/span>\u00a0<span class=\"e2id1 advancedHighlight\" data-id=\"3\" data-classic=\"false\">Kupka<\/span>\u00a0v po\u0159adu Impulsy Honzy Bene\u0161ovsk\u00e9ho na\u00a0<span class=\"e3id1 advancedHighlight\" data-id=\"7\" data-classic=\"false\">R\u00e1diu<\/span>\u00a0<span class=\"e3id1 advancedHighlight\" data-id=\"7\" data-classic=\"false\">Impuls<\/span>.<\/p>\n<p>Podle n\u011bho by m\u011bly firmy postupn\u011b s\u00e1zet na inovace a technologick\u00e9 cesty. Dopad na <span class=\"e5id3 advancedHighlight\" data-id=\"28\" data-classic=\"false\">majitele<\/span> aut v p\u0159\u00edpad\u011b pou\u017e\u00edv\u00e1n\u00ed syntetick\u00fdch paliv by m\u011bl b\u00fdt podle <span class=\"e5id4 advancedHighlight\" data-id=\"29\" data-classic=\"false\">ministra<\/span>\u00a0minim\u00e1ln\u00ed.<\/p>\n<p>\u201eMotory \u017e\u00e1dnou \u00fapravu pot\u0159ebovat nebudou, nebo zcela minim\u00e1ln\u00ed. U\u017e v roce 2026 se bude vyu\u017e\u00edvat p\u0159i z\u00e1vodech Formule 1. Prozrad\u00edm, \u017ee n\u011bmeck\u00e9 automobilky u\u017e vyv\u00edjej\u00ed syntetick\u00fd benzin i naftu. Z\u00e1m\u011br je jednozna\u010dn\u00fd, a to zm\u00edr\u0148ovat dopad na \u017eivotn\u00ed prost\u0159ed\u00ed,\u201c prohl\u00e1sil\u00a0<span class=\"e2id1 advancedHighlight\" data-id=\"3\" data-classic=\"false\">Kupka<\/span>.<\/p>\n<p><span class=\"e5id6 advancedHighlight\" data-id=\"1\" data-classic=\"false\">Ministr<\/span>\u00a0<span class=\"e5id6 advancedHighlight\" data-id=\"1\" data-classic=\"false\">dopravy<\/span>\u00a0se minul\u00fd t\u00fdden dohodl na spole\u010dn\u00e9m postupu s\u00a0<span class=\"e0id1 advancedHighlight\" data-id=\"6\" data-classic=\"false\">N\u011bmeckem<\/span>. Jeho tamn\u00ed prot\u011bj\u0161ek\u00a0<span class=\"e2id0 advancedHighlight\" data-id=\"34\" data-classic=\"false\">Volker<\/span>\u00a0<span class=\"e2id0 advancedHighlight\" data-id=\"34\" data-classic=\"false\">Wissing<\/span>\u00a0prohl\u00e1sil, \u017ee spor mezi\u00a0<span class=\"e1id1 advancedHighlight\" data-id=\"36\" data-classic=\"false\">Evropskou<\/span>\u00a0<span class=\"e1id1 advancedHighlight\" data-id=\"36\" data-classic=\"false\">komis\u00ed<\/span>\u00a0a \u010dlensk\u00fdmi st\u00e1ty o v\u00fdjimce pro syntetick\u00e1 paliva je na dobr\u00e9 cest\u011b k vy\u0159e\u0161en\u00ed.<\/p>\n<p><strong>Zdroj: (<span class=\"e3id1 advancedHighlight\" data-id=\"7\" data-classic=\"false\">R\u00e1dio<\/span>\u00a0<span class=\"e3id1 advancedHighlight\" data-id=\"7\" data-classic=\"false\">Impuls<\/span>)<\/strong><\/p>\n<figure id=\"attachment_18560\" aria-describedby=\"caption-attachment-18560\" style=\"width: 629px\" class=\"wp-caption alignnone\"><img loading=\"lazy\" decoding=\"async\" class=\"size-full wp-image-18560\" src=\"http:\/\/www.automakersnews.cz\/wp-content\/uploads\/2023\/02\/CEZ-Stojan-c.-500-ministr-dopravy-M.-Kupka-a-mistopredseda-predstavenstavenstva-CEZ-P.-Cyrani-small.jpg\" alt=\"\" width=\"629\" height=\"416\" srcset=\"https:\/\/www.automakersnews.cz\/wp-content\/uploads\/2023\/02\/CEZ-Stojan-c.-500-ministr-dopravy-M.-Kupka-a-mistopredseda-predstavenstavenstva-CEZ-P.-Cyrani-small.jpg 629w, https:\/\/www.automakersnews.cz\/wp-content\/uploads\/2023\/02\/CEZ-Stojan-c.-500-ministr-dopravy-M.-Kupka-a-mistopredseda-predstavenstavenstva-CEZ-P.-Cyrani-small-300x198.jpg 300w\" sizes=\"auto, (max-width: 629px) 100vw, 629px\" \/><figcaption id=\"caption-attachment-18560\" class=\"wp-caption-text\">Martin Kupka ned\u00e1vno pomohl zprovoznit dob\u00edje\u010dku, v\u00fdrobu spalovac\u00edch motor\u016f chce ale v \u010cR udr\u017eet<\/figcaption><\/figure>\n","protected":false},"excerpt":{"rendered":"<div class=\"mh-excerpt\"><p>\u010cesko\u00a0nepodpo\u0159\u00ed z\u00e1kaz spalovac\u00edch motor\u016f v nov\u00fdch autechv roce 2035, pokud nebude mo\u017en\u00e9 vyu\u017e\u00edvat syntetick\u00e1 paliva. Takov\u00fd je postoj\u00a0ministra\u00a0dopravy\u00a0Martina\u00a0Kupky. V t\u00e9to v\u011bci bude\u00a0\u010cesko\u00a0postupovat spole\u010dn\u011b s\u00a0N\u011bmeckem.<\/p>\n<\/div>","protected":false},"author":1,"featured_media":11279,"comment_status":"open","ping_status":"open","sticky":false,"template":"","format":"standard","meta":{"footnotes":""},"categories":[21],"tags":[],"class_list":["post-28054","post","type-post","status-publish","format-standard","has-post-thumbnail","hentry","category-legislativa"],"_links":{"self":[{"href":"https:\/\/www.automakersnews.cz\/index.php\/wp-json\/wp\/v2\/posts\/28054","targetHints":{"allow":["GET"]}}],"collection":[{"href":"https:\/\/www.automakersnews.cz\/index.php\/wp-json\/wp\/v2\/posts"}],"about":[{"href":"https:\/\/www.automakersnews.cz\/index.php\/wp-json\/wp\/v2\/types\/post"}],"author":[{"embeddable":true,"href":"https:\/\/www.automakersnews.cz\/index.php\/wp-json\/wp\/v2\/users\/1"}],"replies":[{"embeddable":true,"href":"https:\/\/www.automakersnews.cz\/index.php\/wp-json\/wp\/v2\/comments?post=28054"}],"version-history":[{"count":0,"href":"https:\/\/www.automakersnews.cz\/index.php\/wp-json\/wp\/v2\/posts\/28054\/revisions"}],"wp:featuredmedia":[{"embeddable":true,"href":"https:\/\/www.automakersnews.cz\/index.php\/wp-json\/wp\/v2\/media\/11279"}],"wp:attachment":[{"href":"https:\/\/www.automakersnews.cz\/index.php\/wp-json\/wp\/v2\/media?parent=28054"}],"wp:term":[{"taxonomy":"category","embeddable":true,"href":"https:\/\/www.automakersnews.cz\/index.php\/wp-json\/wp\/v2\/categories?post=28054"},{"taxonomy":"post_tag","embeddable":true,"href":"https:\/\/www.automakersnews.cz\/index.php\/wp-json\/wp\/v2\/tags?post=28054"}],"curies":[{"name":"wp","href":"https:\/\/api.w.org\/{rel}","templated":true}]}}