{"id":28171,"date":"2023-03-09T15:01:50","date_gmt":"2023-03-09T15:01:50","guid":{"rendered":"https:\/\/www.automakersnews.cz\/?p=28171"},"modified":"2023-03-09T15:05:05","modified_gmt":"2023-03-09T15:05:05","slug":"skoda-auto-obmenila-dozorci-radu","status":"publish","type":"post","link":"https:\/\/www.automakersnews.cz\/index.php\/2023\/03\/09\/skoda-auto-obmenila-dozorci-radu\/","title":{"rendered":"\u0160koda Auto obm\u011bnila dozor\u010d\u00ed radu"},"content":{"rendered":"<p><strong> Na zased\u00e1n\u00ed dozor\u010d\u00ed rady spole\u010dnosti \u0160koda Auto byli poprv\u00e9 p\u0159\u00edtomni dva nov\u011b jmenovan\u00ed \u010dlenov\u00e9 dozor\u010d\u00ed rady a t\u0159i zvolen\u00ed z\u00e1stupci zam\u011bstnanc\u016f.<\/strong><!--more--><\/p>\n<p>Patrik Andreas Mayer, \u010dlen p\u0159edstavenstva spole\u010dnosti Volkswagen odpov\u011bdn\u00fd za oblast financ\u00ed, byl od 1. \u00fanora 2023 jmenov\u00e1n nov\u00fdm \u010dlenem dozor\u010d\u00ed rady spole\u010dnosti \u0160koda Auto.<\/p>\n<p>Ve funkci vyst\u0159\u00eddal Prof. Dr. Jochema Heizmanna, b\u00fdval\u00e9ho \u010dlena p\u0159edstavenstva koncernu Volkswagen.<\/p>\n<p>Dirk Gro\u00dfe-Loheide, vedouc\u00ed n\u00e1kupu koncernu Volkswagen, vedouc\u00ed koncernov\u00e9ho n\u00e1kupu v roz\u0161\u00ed\u0159en\u00e9m v\u00fdkonn\u00e9m v\u00fdboru a \u010dlen p\u0159edstavenstva zna\u010dky Volkswagen Osobn\u00ed vozy odpov\u011bdn\u00fd za n\u00e1kup, byl od 1. b\u0159ezna 2023 jmenov\u00e1n nov\u00fdm \u010dlenem dozor\u010d\u00ed rady spole\u010dnosti \u0160koda Auto. Na t\u00e9to pozici nav\u00e1zal na pr\u00e1ci Murata Aksela, \u010dlena p\u0159edstavenstva spole\u010dnosti MAN Truck &amp; Bus SE.<\/p>\n<p>V souladu s \u010desk\u00fdm z\u00e1konem o obchodn\u00edch korporac\u00edch je t\u0159etina z dev\u00edti \u010dlen\u016f dozor\u010d\u00ed rady volena zam\u011bstnanci spole\u010dnosti. Na z\u00e1klad\u011b v\u00fdsledku t\u011bchto voleb byli Jaroslav Pov\u0161\u00edk, Martin Lustyk a Milo\u0161 Kov\u00e1\u0159 &#8211; z\u00e1stupci odbor\u016f KOVO &#8211; zvoleni \u010dleny dozor\u010d\u00ed rady spole\u010dnosti \u0160koda Auto na \u010dty\u0159let\u00e9 funk\u010dn\u00ed obdob\u00ed, kter\u00e9 za\u010dalo 15. ledna 2023.<\/p>\n<figure id=\"attachment_28174\" aria-describedby=\"caption-attachment-28174\" style=\"width: 1024px\" class=\"wp-caption alignnone\"><img loading=\"lazy\" decoding=\"async\" class=\"size-large wp-image-28174\" src=\"http:\/\/www.automakersnews.cz\/wp-content\/uploads\/2023\/03\/Dirk-Grose-Loheide-1024x1024.jpg\" alt=\"\" width=\"1024\" height=\"1024\" \/><figcaption id=\"caption-attachment-28174\" class=\"wp-caption-text\">Dirk Grosse Lehinde,Member of the Board of Management of the Volkswagen Brand, responsible for Procurement, Chief Purchasing Officer Volkswagen Group, Member of the Extended Executive Committee<\/figcaption><\/figure>\n","protected":false},"excerpt":{"rendered":"<div class=\"mh-excerpt\"><p>Na zased\u00e1n\u00ed dozor\u010d\u00ed rady spole\u010dnosti \u0160koda Auto byli poprv\u00e9 p\u0159\u00edtomni dva nov\u011b jmenovan\u00ed \u010dlenov\u00e9 dozor\u010d\u00ed rady a t\u0159i zvolen\u00ed z\u00e1stupci zam\u011bstnanc\u016f.<\/p>\n<\/div>","protected":false},"author":1,"featured_media":28172,"comment_status":"open","ping_status":"open","sticky":false,"template":"","format":"standard","meta":{"footnotes":""},"categories":[24,3],"tags":[],"class_list":["post-28171","post","type-post","status-publish","format-standard","has-post-thumbnail","hentry","category-management","category-personalie"],"_links":{"self":[{"href":"https:\/\/www.automakersnews.cz\/index.php\/wp-json\/wp\/v2\/posts\/28171","targetHints":{"allow":["GET"]}}],"collection":[{"href":"https:\/\/www.automakersnews.cz\/index.php\/wp-json\/wp\/v2\/posts"}],"about":[{"href":"https:\/\/www.automakersnews.cz\/index.php\/wp-json\/wp\/v2\/types\/post"}],"author":[{"embeddable":true,"href":"https:\/\/www.automakersnews.cz\/index.php\/wp-json\/wp\/v2\/users\/1"}],"replies":[{"embeddable":true,"href":"https:\/\/www.automakersnews.cz\/index.php\/wp-json\/wp\/v2\/comments?post=28171"}],"version-history":[{"count":0,"href":"https:\/\/www.automakersnews.cz\/index.php\/wp-json\/wp\/v2\/posts\/28171\/revisions"}],"wp:featuredmedia":[{"embeddable":true,"href":"https:\/\/www.automakersnews.cz\/index.php\/wp-json\/wp\/v2\/media\/28172"}],"wp:attachment":[{"href":"https:\/\/www.automakersnews.cz\/index.php\/wp-json\/wp\/v2\/media?parent=28171"}],"wp:term":[{"taxonomy":"category","embeddable":true,"href":"https:\/\/www.automakersnews.cz\/index.php\/wp-json\/wp\/v2\/categories?post=28171"},{"taxonomy":"post_tag","embeddable":true,"href":"https:\/\/www.automakersnews.cz\/index.php\/wp-json\/wp\/v2\/tags?post=28171"}],"curies":[{"name":"wp","href":"https:\/\/api.w.org\/{rel}","templated":true}]}}