{"id":283,"date":"2022-07-25T17:31:41","date_gmt":"2022-07-25T17:31:41","guid":{"rendered":"http:\/\/www.automakersnews.cz\/?p=283"},"modified":"2022-07-25T17:31:41","modified_gmt":"2022-07-25T17:31:41","slug":"anytime-cesi-elektromobily-vyuzivaji-ale-nekupuji","status":"publish","type":"post","link":"https:\/\/www.automakersnews.cz\/index.php\/2022\/07\/25\/anytime-cesi-elektromobily-vyuzivaji-ale-nekupuji\/","title":{"rendered":"Anytime: \u010ce\u0161i elektromobily vyu\u017e\u00edvaj\u00ed, ale nekupuj\u00ed"},"content":{"rendered":"<p><strong>V \u010cesk\u00e9 republice jsou elektromobily obl\u00edben\u00e9, v\u011bt\u0161inou je ale nevlastn\u00ed. D\u016fvodem pro to je cena a st\u00e1le pro mnoh\u00e9 nedostate\u010dn\u00e1 infrastruktura. Podle dat Schneider Electric vyu\u017e\u00edv\u00e1 elektromobil 11 % \u0159idi\u010d\u016f, vlastn\u00ed je ale zat\u00edm pouh\u00e9 jedno procento.<\/strong><!--more--><\/p>\n<p>Elektroauto podle zm\u00edn\u011bn\u00e9ho pr\u016fzkumu Schneider Electric vyu\u017e\u00edv\u00e1 11 % \u010cech\u016f, ale jen 1 % ho vlastn\u00ed. Ostatn\u00ed si ho p\u016fj\u010duj\u00ed, pop\u0159\u00edpad\u011b jezd\u00ed firemn\u00edm. N\u00e1r\u016fst z\u00e1jmu o elektroauta mezi firmami je patrn\u00fd a podporuje jej snaha o co nejudr\u017eiteln\u011bj\u0161\u00ed podnik\u00e1n\u00ed. Limitem, a to samoz\u0159ejm\u011b nejen pro n\u011b, je ov\u0161em n\u00edzk\u00e1 dojezdov\u00e1 vzd\u00e1lenost t\u011bchto voz\u016f a s t\u00edm spojen\u00fd probl\u00e9m s dob\u00edjen\u00edm. Dal\u0161\u00ed bari\u00e9rou pro po\u0159\u00edzen\u00ed elektroauta je st\u00e1le je\u0161t\u011b vysok\u00e1 po\u0159izovac\u00ed cena.<\/p>\n<p>Po\u010det elektrovoz\u016f se v\u0161ak st\u00e1le zvy\u0161uje, a to i v \u010cR. V roce 2020 se aut s \u010dist\u011b elektrick\u00fdm pohonem prodalo podle statistik meziro\u010dn\u011b o 330 % v\u00edce. V absolutn\u00edch \u010d\u00edslech to znamenalo celkem 3 262 voz\u016f. V uplynul\u00e9m roce se jich u n\u00e1s prodalo dal\u0161\u00edch 2646. Od za\u010d\u00e1tku ledna do konce kv\u011btna 2022 pak prodej elektromobil\u016f stoupl o 33,4 % na 1318 vozidel.<\/p>\n<p><img loading=\"lazy\" decoding=\"async\" class=\"alignnone wp-image-286\" src=\"http:\/\/www.automakersnews.cz\/wp-content\/uploads\/2022\/07\/Ilustracni_elektromobil-small-2-300x200.jpg\" alt=\"\" width=\"995\" height=\"663\" srcset=\"https:\/\/www.automakersnews.cz\/wp-content\/uploads\/2022\/07\/Ilustracni_elektromobil-small-2-300x200.jpg 300w, https:\/\/www.automakersnews.cz\/wp-content\/uploads\/2022\/07\/Ilustracni_elektromobil-small-2.jpg 627w\" sizes=\"auto, (max-width: 995px) 100vw, 995px\" \/><\/p>\n<p>Zat\u00edmco mnoho automobilek sm\u011b\u0159uje svoji budoucnost pouze k elektrick\u00fdm model\u016fm, Toyota s\u00e1z\u00ed na \u0161ir\u0161\u00ed nab\u00eddku pohon\u016f, zejm\u00e9na pak na hybridn\u00ed pohony, ale rovn\u011b\u017e na plug-in hybridy, bateriov\u00e9 elektromobily i vod\u00edkov\u00e9 palivov\u00e9 \u010dl\u00e1nky. \u201eNa\u0161\u00ed strategi\u00ed je nab\u00edzet v\u0161echny perspektivn\u00ed varianty pohonu a bedliv\u011b sledovat, jak se bude situace na trhu automobil\u016f vyv\u00edjet. Krom\u011b toho, v tuto chv\u00edli rozhodn\u011b neexistuje jeden ide\u00e1ln\u00ed pohon, ale pouze automobily, kter\u00e9 jsou v\u010detn\u011b sv\u00e9ho pohonu vhodn\u00e9 pro konkr\u00e9tn\u00ed \u0159idi\u010de, firmy \u010di slu\u017eby,\u201c \u0159\u00edk\u00e1 Martin Pele\u0161ka, \u0159editel \u010desk\u00e9ho zastoupen\u00ed zna\u010dek Toyota a Lexus.<\/p>\n<p>Nap\u0159\u00edklad pro sd\u00edlen\u00e9 automobily je v sou\u010dasnosti nejvhodn\u011bj\u0161\u00ed hybridn\u00ed pohon. \u201eZn\u00e1m\u00fdm faktem je, \u017ee pro pln\u011b elektrick\u00e9 automobily nen\u00ed v \u010cR dostatek dob\u00edjec\u00edch stanic, proto z na\u0161eho pohledu nejsou pro carsharing tak vhodn\u00e9. Pokud chce provozovatel co nejekologi\u010dt\u011bj\u0161\u00ed \u0159e\u0161en\u00ed a jistotu dojezdu, pak je hybridn\u00ed \u0159e\u0161en\u00ed ide\u00e1ln\u00ed,\u201c \u0159\u00edk\u00e1 Milan Beutl, \u0159editel Anytime carsharing. \u201eSe z\u00e1jmem sledujeme tak\u00e9 v\u00fdvoj na trhu alternativn\u00edch pohon\u016f automobil\u016f a sna\u017e\u00edme se naj\u00edt ide\u00e1ln\u00ed variantu pro bl\u00edzkou budoucnost. Z toho, co se na trhu re\u00e1ln\u011b nab\u00edz\u00ed, je vod\u00edkov\u00fd pohon smyslupln\u00fdm \u0159e\u0161en\u00edm, kter\u00e9 m\u016f\u017ee brzy za\u010d\u00edt velmi dob\u0159e fungovat,\u201c dod\u00e1v\u00e1 Milan Beutl.<\/p>\n<p><img loading=\"lazy\" decoding=\"async\" class=\"alignnone wp-image-285\" src=\"http:\/\/www.automakersnews.cz\/wp-content\/uploads\/2022\/07\/Hybrid_Toyota_Corolla_Combi-small-3-300x200.jpg\" alt=\"\" width=\"987\" height=\"658\" srcset=\"https:\/\/www.automakersnews.cz\/wp-content\/uploads\/2022\/07\/Hybrid_Toyota_Corolla_Combi-small-3-300x200.jpg 300w, https:\/\/www.automakersnews.cz\/wp-content\/uploads\/2022\/07\/Hybrid_Toyota_Corolla_Combi-small-3.jpg 627w\" sizes=\"auto, (max-width: 987px) 100vw, 987px\" \/><\/p>\n","protected":false},"excerpt":{"rendered":"<div class=\"mh-excerpt\"><p>V \u010cesk\u00e9 republice jsou elektromobily obl\u00edben\u00e9, v\u011bt\u0161inou je ale nevlastn\u00ed. D\u016fvodem pro to je cena a st\u00e1le pro mnoh\u00e9 nedostate\u010dn\u00e1 infrastruktura. Podle dat Schneider Electric <a class=\"mh-excerpt-more\" href=\"https:\/\/www.automakersnews.cz\/index.php\/2022\/07\/25\/anytime-cesi-elektromobily-vyuzivaji-ale-nekupuji\/\" title=\"Anytime: \u010ce\u0161i elektromobily vyu\u017e\u00edvaj\u00ed, ale nekupuj\u00ed\">[&#8230;]<\/a><\/p>\n<\/div>","protected":false},"author":2,"featured_media":284,"comment_status":"open","ping_status":"open","sticky":false,"template":"","format":"standard","meta":{"footnotes":""},"categories":[10,2,8],"tags":[],"class_list":["post-283","post","type-post","status-publish","format-standard","has-post-thumbnail","hentry","category-eventy","category-news","category-statistika"],"_links":{"self":[{"href":"https:\/\/www.automakersnews.cz\/index.php\/wp-json\/wp\/v2\/posts\/283","targetHints":{"allow":["GET"]}}],"collection":[{"href":"https:\/\/www.automakersnews.cz\/index.php\/wp-json\/wp\/v2\/posts"}],"about":[{"href":"https:\/\/www.automakersnews.cz\/index.php\/wp-json\/wp\/v2\/types\/post"}],"author":[{"embeddable":true,"href":"https:\/\/www.automakersnews.cz\/index.php\/wp-json\/wp\/v2\/users\/2"}],"replies":[{"embeddable":true,"href":"https:\/\/www.automakersnews.cz\/index.php\/wp-json\/wp\/v2\/comments?post=283"}],"version-history":[{"count":0,"href":"https:\/\/www.automakersnews.cz\/index.php\/wp-json\/wp\/v2\/posts\/283\/revisions"}],"wp:featuredmedia":[{"embeddable":true,"href":"https:\/\/www.automakersnews.cz\/index.php\/wp-json\/wp\/v2\/media\/284"}],"wp:attachment":[{"href":"https:\/\/www.automakersnews.cz\/index.php\/wp-json\/wp\/v2\/media?parent=283"}],"wp:term":[{"taxonomy":"category","embeddable":true,"href":"https:\/\/www.automakersnews.cz\/index.php\/wp-json\/wp\/v2\/categories?post=283"},{"taxonomy":"post_tag","embeddable":true,"href":"https:\/\/www.automakersnews.cz\/index.php\/wp-json\/wp\/v2\/tags?post=283"}],"curies":[{"name":"wp","href":"https:\/\/api.w.org\/{rel}","templated":true}]}}