{"id":29023,"date":"2023-03-13T06:58:22","date_gmt":"2023-03-13T06:58:22","guid":{"rendered":"https:\/\/www.automakersnews.cz\/?p=29023"},"modified":"2023-03-13T06:58:22","modified_gmt":"2023-03-13T06:58:22","slug":"innoenergy-podpori-recyklaci-baterii-v-polsku","status":"publish","type":"post","link":"https:\/\/www.automakersnews.cz\/index.php\/2023\/03\/13\/innoenergy-podpori-recyklaci-baterii-v-polsku\/","title":{"rendered":"InnoEnergy podpo\u0159\u00ed recyklaci bateri\u00ed v Polsku"},"content":{"rendered":"<p><strong>Spole\u010dnosti\u00a0 EBRD a EIT InnoEnergy se chystaj\u00ed vytvo\u0159it investi\u010dn\u00ed prost\u0159ed\u00ed pro trh recyklace bateri\u00ed z elektromobil\u016f ve st\u0159edn\u00ed a v\u00fdchodn\u00ed Evrop\u011b s po\u010d\u00e1te\u010dn\u00edm zam\u011b\u0159en\u00edm na Polsko.<\/strong><!--more--><\/p>\n<p>T\u00edmto krokem pokl\u00e1daj\u00ed EBRD a EIT InnoEnergy nejen z\u00e1klady odpov\u00eddaj\u00edc\u00edho ekosyst\u00e9mu, ale v kone\u010dn\u00e9m d\u016fsledku tak\u00e9 zvy\u0161uj\u00ed vyu\u017eit\u00ed druhotn\u00fdch surovin p\u0159i v\u00fdrob\u011b bateri\u00ed.<\/p>\n<p>EBRD i EIT InnoEnergy maj\u00ed rozs\u00e1hl\u00e9 zku\u0161enosti s ekosyst\u00e9mem bateri\u00ed pro elektromobily a vykazuj\u00ed dobr\u00e9 v\u00fdsledky v podpo\u0159e odpov\u00eddaj\u00edc\u00edch obchodn\u00edch model\u016f cirkul\u00e1rn\u00edho hospod\u00e1\u0159stv\u00ed.<\/p>\n<p>V posledn\u00edch letech provedla EBRD \u0159adu investic do v\u00fdroby bateri\u00ed pro elektromobily ve st\u0159edn\u00ed Evrop\u011b a vybudovala pot\u0159ebnou s\u00ed\u0165 v t\u00e9to oblasti. Spole\u010dnost EIT InnoEnergy, l\u00eddr Evropsk\u00e9 bateriov\u00e9 aliance (EBA250), podpo\u0159ila vysoce inovativn\u00ed spole\u010dnosti p\u016fsob\u00edc\u00ed v segmentech \u010dist\u00fdch technologi\u00ed \u010di bateri\u00ed a sou\u010dasn\u011b zalo\u017eila EBA Academy, jej\u00edm\u017e c\u00edlem je vy\u0161kolit budouc\u00ed odborn\u00edky v sektoru bateri\u00ed.<\/p>\n<p>K hlavn\u00edm c\u00edl\u016fm spolupr\u00e1ce pat\u0159\u00ed p\u0159edev\u0161\u00edm identifikace tr\u017en\u00edch p\u0159ek\u00e1\u017eek br\u00e1n\u00edc\u00edch rozvoji hodnotov\u00e9ho \u0159et\u011bzce pro recyklaci bateri\u00ed z elektromobil\u016f v\u00a0Polsku a jejich \u0159e\u0161en\u00ed pomoc\u00ed technologick\u00fdch i regula\u010dn\u00edch v\u00fdzev. Tyto kroky pomohou nejen identifikovat a vytvo\u0159it vhodn\u00e9 tr\u017en\u00ed platformy pro usnadn\u011bn\u00ed partnerstv\u00ed mezi z\u00fa\u010dastn\u011bn\u00fdmi spole\u010dnostmi v r\u00e1mci hodnotov\u00e9ho \u0159et\u011bzce recyklace materi\u00e1l\u016f bateri\u00ed pro elektromobily, ale umo\u017en\u00ed tak\u00e9 rozvoj znalostn\u00edho hubu pro sd\u00edlen\u00ed p\u0159\u00edle\u017eitost\u00ed a v kone\u010dn\u00e9m d\u016fsledku i p\u0159\u00edstup k pot\u0159ebn\u00fdm financ\u00edm.<\/p>\n<p>Sou\u010dasn\u00e9 \u00fasp\u011bchy platformy EBA Academy, kterou \u0159\u00edd\u00ed spole\u010dnost EIT InnoEnergy, budou kl\u00ed\u010dov\u00e9 pro zapojen\u00ed hlavn\u00edch zainteresovan\u00fdch stran v cel\u00e9m hodnotov\u00e9m \u0159et\u011bzci recyklace bateri\u00ed. EBA Academy je celoevropsk\u00fd vzd\u011bl\u00e1vac\u00ed ekosyst\u00e9m zam\u011b\u0159en\u00fd na \u0161kolen\u00ed, zvy\u0161ov\u00e1n\u00ed kvalifikace a rekvalifikaci pracovn\u00ed s\u00edly pot\u0159ebn\u00e9 k r\u016fstu bateriov\u00e9ho pr\u016fmyslu v EU. O\u010dek\u00e1v\u00e1 se tak\u00e9 expanze do sousedn\u00edch zem\u00ed ve st\u0159edn\u00ed a v\u00fdchodn\u00ed Evrop\u011b.<\/p>\n<p><em>\u201e\u00da\u010dinn\u00e1 dekarbonizace dopravy hraje kl\u00ed\u010dovou roli v pl\u00e1nu EU dos\u00e1hnout klimatick\u00e9 neutrality do roku 2050. Anal\u00fdzy nazna\u010duj\u00ed, \u017ee Polsko bude m\u00edt do roku 2030 na silnic\u00edch v\u00edce ne\u017e 1 milion elektrick\u00fdch vozidel a bude hlavn\u00edm dodavatelem bateri\u00ed na evropsk\u00e9 trhy. V\u00fdznamnou v\u00fdzvou je v\u0161ak dostupnost sou\u010d\u00e1stek takov\u00fdch bateri\u00ed. Materi\u00e1lov\u00e1 n\u00e1ro\u010dnost elektromobilu je t\u00e9m\u011b\u0159 dvojn\u00e1sobn\u00e1 ve srovn\u00e1n\u00ed se spalovac\u00edm vozidlem. Zat\u00edmco nov\u00e9 technologie mohou sn\u00ed\u017eit materi\u00e1lovou n\u00e1ro\u010dnost, je to recyklace a ob\u011bhov\u00e9 hospod\u00e1\u0159stv\u00ed, kter\u00e9 jsou rozhoduj\u00edc\u00ed pro zaji\u0161t\u011bn\u00ed toho, aby nab\u00eddka mohla uspokojit popt\u00e1vku a zajistila strategickou autonomii EU. Jako EIT InnoEnergy jsme odhodl\u00e1ni za\u010dlenit pr\u016fmysl \u010dist\u00fdch technologi\u00ed st\u0159edn\u00ed a v\u00fdchodn\u00ed Evropy do strategick\u00fdch hodnotov\u00fdch \u0159et\u011bzc\u016f EU, v\u010detn\u011b zaji\u0161t\u011bn\u00ed kompetentn\u00ed pracovn\u00ed s\u00edly. Jsme nad\u0161eni, \u017ee nyn\u00ed m\u016f\u017eeme spojit s\u00edly s EBRD, abychom roz\u0161\u00ed\u0159ili st\u0159edoevropsk\u00fd ekosyst\u00e9m recyklace bateri\u00ed elektromobil\u016f,\u201c<\/em> uvedl Marcin Wasilewski, CEO spole\u010dnosti EIT InnoEnergy Central Europe.<\/p>\n<p><em>\u201eBaterie jsou uzn\u00e1v\u00e1ny jako jedna z kl\u00ed\u010dov\u00fdch technologi\u00ed pro p\u0159echod na n\u00edzkouhl\u00edkov\u00e9 a odoln\u00e9 hospod\u00e1\u0159stv\u00ed, co\u017e je pro EBRD nejvy\u0161\u0161\u00ed priorita. Rozvoj trh\u016f druhotn\u00fdch surovin pro baterie bude z\u00e1sadn\u00ed pro urychlen\u00ed p\u0159echodu na vozidla s n\u00edzk\u00fdm a nulov\u00fdm obsahem uhl\u00edku. Umo\u017en\u00ed tak\u00e9 v\u00fdrobu materi\u00e1l\u016f v\u00a0Evrop\u011b a minimalizaci odpadu s c\u00edlem poskytnout v\u00fdznamn\u00e9 v\u00fdhody cirkul\u00e1rn\u00edho hospod\u00e1\u0159stv\u00ed pro v\u0161echny od b\u011b\u017en\u00fdch ob\u010dan\u016f a\u017e po investory. EBRD je pot\u011b\u0161ena, \u017ee m\u016f\u017ee spolupracovat s EIT InnoEnergy na spole\u010dn\u00fdch c\u00edlech sm\u011brem k ekologi\u010dt\u011bj\u0161\u00edmu dopravn\u00edmu syst\u00e9mu a efektivn\u00edmu vyu\u017e\u00edv\u00e1n\u00ed zdroj\u016f,\u201c <\/em>uvedl Gianpiero Nacci, \u0159editel pro udr\u017eiteln\u00e9 podnik\u00e1n\u00ed a infrastrukturu, klimatickou strategii a dod\u00e1vky EBRD<em>.<\/em><\/p>\n","protected":false},"excerpt":{"rendered":"<div class=\"mh-excerpt\"><p>Spole\u010dnosti\u00a0 EBRD a EIT InnoEnergy se chystaj\u00ed vytvo\u0159it investi\u010dn\u00ed prost\u0159ed\u00ed pro trh recyklace bateri\u00ed z elektromobil\u016f ve st\u0159edn\u00ed a v\u00fdchodn\u00ed Evrop\u011b s po\u010d\u00e1te\u010dn\u00edm zam\u011b\u0159en\u00edm na <a class=\"mh-excerpt-more\" href=\"https:\/\/www.automakersnews.cz\/index.php\/2023\/03\/13\/innoenergy-podpori-recyklaci-baterii-v-polsku\/\" title=\"InnoEnergy podpo\u0159\u00ed recyklaci bateri\u00ed v Polsku\">[&#8230;]<\/a><\/p>\n<\/div>","protected":false},"author":4,"featured_media":29024,"comment_status":"open","ping_status":"open","sticky":false,"template":"","format":"standard","meta":{"footnotes":""},"categories":[38,22],"tags":[],"class_list":["post-29023","post","type-post","status-publish","format-standard","has-post-thumbnail","hentry","category-ekologie","category-elektromobily"],"_links":{"self":[{"href":"https:\/\/www.automakersnews.cz\/index.php\/wp-json\/wp\/v2\/posts\/29023","targetHints":{"allow":["GET"]}}],"collection":[{"href":"https:\/\/www.automakersnews.cz\/index.php\/wp-json\/wp\/v2\/posts"}],"about":[{"href":"https:\/\/www.automakersnews.cz\/index.php\/wp-json\/wp\/v2\/types\/post"}],"author":[{"embeddable":true,"href":"https:\/\/www.automakersnews.cz\/index.php\/wp-json\/wp\/v2\/users\/4"}],"replies":[{"embeddable":true,"href":"https:\/\/www.automakersnews.cz\/index.php\/wp-json\/wp\/v2\/comments?post=29023"}],"version-history":[{"count":0,"href":"https:\/\/www.automakersnews.cz\/index.php\/wp-json\/wp\/v2\/posts\/29023\/revisions"}],"wp:featuredmedia":[{"embeddable":true,"href":"https:\/\/www.automakersnews.cz\/index.php\/wp-json\/wp\/v2\/media\/29024"}],"wp:attachment":[{"href":"https:\/\/www.automakersnews.cz\/index.php\/wp-json\/wp\/v2\/media?parent=29023"}],"wp:term":[{"taxonomy":"category","embeddable":true,"href":"https:\/\/www.automakersnews.cz\/index.php\/wp-json\/wp\/v2\/categories?post=29023"},{"taxonomy":"post_tag","embeddable":true,"href":"https:\/\/www.automakersnews.cz\/index.php\/wp-json\/wp\/v2\/tags?post=29023"}],"curies":[{"name":"wp","href":"https:\/\/api.w.org\/{rel}","templated":true}]}}