{"id":29250,"date":"2023-03-13T07:07:45","date_gmt":"2023-03-13T07:07:45","guid":{"rendered":"https:\/\/www.automakersnews.cz\/?p=29250"},"modified":"2023-03-13T07:08:08","modified_gmt":"2023-03-13T07:08:08","slug":"bmw-se-chysta-na-m-day-do-mostu","status":"publish","type":"post","link":"https:\/\/www.automakersnews.cz\/index.php\/2023\/03\/13\/bmw-se-chysta-na-m-day-do-mostu\/","title":{"rendered":"BMW se chyst\u00e1 na M Day do Mostu"},"content":{"rendered":"<p><strong>Autodrom Most bude hostit dal\u0161\u00ed ro\u010dn\u00edk setk\u00e1n\u00ed majitel\u016f voz\u016f BMW M \u2013 BMW \/\/\/M Day 2023. Partnerem akce je op\u011bt BMW Group \u010cesk\u00e1 republika, je\u017e p\u0159iveze novinky v\u00fdrobn\u00edho programu divize BMW M \u2013 BMW XM a BMW M3 Touring s \u0159adou dopl\u0148k\u016f M Performance Parts.<\/strong><!--more--><\/p>\n<p>K vid\u011bn\u00ed bude BMW M3 generace E30. Vystaven bude rovn\u011b\u017e motocykl BMW M 1000 RR.<\/p>\n<p>Akce je ur\u010dena nejen pro majitele BMW M v\u0161ech modelov\u00fdch \u0159ad jak\u00e9hokoliv roku v\u00fdroby, ale p\u0159ij\u00edt pod\u00edvat se m\u016f\u017ee ka\u017ed\u00fd.<\/p>\n<p>Na programu budou b\u011bhem srazu ji\u017e tradi\u010dn\u011b i j\u00edzdy na okruhu \u2013 po registraci na czechmclub.cz a zaplacen\u00ed poplatku 4000 K\u010d mohou z\u00e1jemci vyrazit se sv\u00fdmi vozy na tra\u0165.<\/p>\n<p>Pro zdokonalen\u00ed \u0159idi\u010dsk\u00fdch schopnost\u00ed \u00fa\u010dastn\u00edk\u016f budou p\u0159ipraveni instrukto\u0159i, kte\u0159\u00ed r\u00e1di pomohou s technikou a j\u00edzdn\u00edm stylem. Registrovan\u00ed \u00fa\u010dastn\u00edci M-Day budou moci na m\u00edst\u011b za\u017e\u00edt \u201etaxi ride\u201c s profesion\u00e1ln\u00edm \u0159idi\u010dem v nov\u00e9m BMW M3 Touring.<\/p>\n<p>Akce za\u010dne v 9 hodin, od kdy bude mo\u017en\u00e9 vyu\u017e\u00edt voln\u00fdch j\u00edzd po okruhu, a to a\u017e do 13 hodin, kdy bude na programu spanil\u00e1 j\u00edzda na okruhu. Od 14 hodin se op\u011bt otev\u00edr\u00e1 mo\u017enost voln\u00fdch j\u00edzd, a to a\u017e do 18 hodin.<\/p>\n<p>Po\u0159adatel\u00e9 o\u010dek\u00e1vaj\u00ed, \u017ee letos dojde k dal\u0161\u00edmu p\u0159ekon\u00e1n\u00ed posledn\u00edho rekordu v\u00a0po\u010dtu z\u00fa\u010dastn\u011bn\u00fdch voz\u016f, o\u010dek\u00e1v\u00e1 se \u00fa\u010dast 160 voz\u016f.<\/p>\n<p>&nbsp;<\/p>\n","protected":false},"excerpt":{"rendered":"<div class=\"mh-excerpt\"><p>Autodrom Most bude hostit dal\u0161\u00ed ro\u010dn\u00edk setk\u00e1n\u00ed majitel\u016f voz\u016f BMW M \u2013 BMW \/\/\/M Day 2023. Partnerem akce je op\u011bt BMW Group \u010cesk\u00e1 republika, je\u017e <a class=\"mh-excerpt-more\" href=\"https:\/\/www.automakersnews.cz\/index.php\/2023\/03\/13\/bmw-se-chysta-na-m-day-do-mostu\/\" title=\"BMW se chyst\u00e1 na M Day do Mostu\">[&#8230;]<\/a><\/p>\n<\/div>","protected":false},"author":1,"featured_media":29251,"comment_status":"open","ping_status":"open","sticky":false,"template":"","format":"standard","meta":{"footnotes":""},"categories":[10],"tags":[],"class_list":["post-29250","post","type-post","status-publish","format-standard","has-post-thumbnail","hentry","category-eventy"],"_links":{"self":[{"href":"https:\/\/www.automakersnews.cz\/index.php\/wp-json\/wp\/v2\/posts\/29250","targetHints":{"allow":["GET"]}}],"collection":[{"href":"https:\/\/www.automakersnews.cz\/index.php\/wp-json\/wp\/v2\/posts"}],"about":[{"href":"https:\/\/www.automakersnews.cz\/index.php\/wp-json\/wp\/v2\/types\/post"}],"author":[{"embeddable":true,"href":"https:\/\/www.automakersnews.cz\/index.php\/wp-json\/wp\/v2\/users\/1"}],"replies":[{"embeddable":true,"href":"https:\/\/www.automakersnews.cz\/index.php\/wp-json\/wp\/v2\/comments?post=29250"}],"version-history":[{"count":0,"href":"https:\/\/www.automakersnews.cz\/index.php\/wp-json\/wp\/v2\/posts\/29250\/revisions"}],"wp:featuredmedia":[{"embeddable":true,"href":"https:\/\/www.automakersnews.cz\/index.php\/wp-json\/wp\/v2\/media\/29251"}],"wp:attachment":[{"href":"https:\/\/www.automakersnews.cz\/index.php\/wp-json\/wp\/v2\/media?parent=29250"}],"wp:term":[{"taxonomy":"category","embeddable":true,"href":"https:\/\/www.automakersnews.cz\/index.php\/wp-json\/wp\/v2\/categories?post=29250"},{"taxonomy":"post_tag","embeddable":true,"href":"https:\/\/www.automakersnews.cz\/index.php\/wp-json\/wp\/v2\/tags?post=29250"}],"curies":[{"name":"wp","href":"https:\/\/api.w.org\/{rel}","templated":true}]}}