{"id":29423,"date":"2023-03-15T07:58:16","date_gmt":"2023-03-15T07:58:16","guid":{"rendered":"https:\/\/www.automakersnews.cz\/?p=29423"},"modified":"2023-03-16T06:16:47","modified_gmt":"2023-03-16T06:16:47","slug":"mitsubishi-slibuje-novy-outlander-phev","status":"publish","type":"post","link":"https:\/\/www.automakersnews.cz\/index.php\/2023\/03\/15\/mitsubishi-slibuje-novy-outlander-phev\/","title":{"rendered":"Mitsubishi slibuje nov\u00fd Outlander PHEV"},"content":{"rendered":"<p><strong>Mitsubishi Motors, kter\u00e1 se p\u016fvodn\u011b cht\u011bla st\u00e1hnou z Evropy,\u00a0 pokra\u010duje v investic\u00edch na evropsk\u00e9m trhu. Po p\u0159edstaven\u00ed nov\u00e9 generace ASX a chystan\u00e9ho nov\u00e9ho Coltu, kter\u00fd bude uveden na trh na podzim tohoto roku, p\u0159edstav\u00ed v roce 2024 v Evrop\u011b svou vlajkovou lo\u010f Outlander PHEV.<\/strong><!--more--><\/p>\n<p>Oce\u0148ovan\u00fd nov\u00fd Outlander PHEV, kter\u00fd bude vyvinut pro Evropu, znovu potvrzuje z\u00e1vazek zna\u010dky k d\u016fle\u017eit\u00e9mu evropsk\u00e9mu regionu a dal\u0161\u00edmu roz\u0161\u00ed\u0159en\u00ed nab\u00eddky v kl\u00ed\u010dov\u00fdch segmentech o elektrifikovan\u00e9 modely.<\/p>\n<p>\u201eUveden\u00ed Outlanderu PHEV znovu potvrzuje z\u00e1vazek Mitsubishi Motors v\u016f\u010di evropsk\u00e9mu trhu a z\u00e1rove\u0148 p\u0159edstavuje v\u00fdznamn\u00fd nov\u00fd krok v na\u0161em produktov\u00e9m pl\u00e1nu, kter\u00fd n\u00e1s p\u0159iv\u00e1d\u00ed zp\u011bt do kl\u00ed\u010dov\u00e9ho evropsk\u00e9ho segmentu D-SUV,\u201c \u0159ekl Frank Krol, prezident a CEO Mitsubishi Motors Europe, \u201eT\u0159\u00ed p\u0159edchoz\u00edch generac\u00ed modelu Outlander se od uveden\u00ed na trh v roce 2003 v Evrop\u011b prodalo p\u0159es p\u016fl milionu voz\u016f. Nov\u00e1 vlajkov\u00e1 lo\u010f Outlander bude ji\u017e 4. generac\u00ed a d\u00edky sv\u00e9mu oce\u0148ovan\u00e9mu designu a technologi\u00edm posouv\u00e1 zna\u010dku na novou \u00farove\u0148 v Evrop\u011b.\u201c<\/p>\n<p>Mitsubishi Outlander PHEV stav\u00ed na z\u00e1kladech pr\u016fkopnick\u00e9 prvn\u00ed generace plug-in hybridn\u00edho SUV \u2013 od sv\u00e9ho uveden\u00ed na trh v roce 2013 se v Evrop\u011b prodalo 200 000 voz\u016f. Rodinn\u00e9 SUV nov\u00e9 generace si odvezlo dom\u016f v\u00edce ne\u017e 20 ocen\u011bn\u00ed* za sv\u016fj design a technologii za posledn\u00ed dva roky.<\/p>\n<p>Karoserie nov\u00e9ho Mitsubishi Outlander PHEV bude vyjad\u0159ovat designov\u00fd jazyk Mitsubishi Motors, s pevn\u00fdmi boky, zn\u00e1m\u00fdm dynamick\u00fdm \u0161t\u00edtem vp\u0159edu a jedine\u010dn\u00fdm designem Hexaguard Horizon v zadn\u00ed \u010d\u00e1sti &#8211; vytv\u00e1\u0159ej\u00edc\u00ed pocit bezpe\u010d\u00ed a s\u00edly. Design interi\u00e9ru kombinuje vysokou \u00farove\u0148 kvality, funk\u010dnosti a japonsk\u00e9ho \u0159emesln\u00e9ho zpracov\u00e1n\u00ed pro pr\u00e9miov\u011bj\u0161\u00ed pocit.<\/p>\n<p>Nov\u00fd Outlander PHEV bude symbolizovat evropskou adaptaci druh\u00e9 generace pokro\u010dil\u00e9ho plug-in hybridn\u00edho syst\u00e9mu Mitsubishi Motors zalo\u017een\u00e9ho na EV filozofii se dv\u011bma elektromotory pro pohon 4&#215;4 a syst\u00e9mem Super-All Wheel Control vy\u0161lecht\u011bn\u00fdm v rally z\u00e1vodech. Osv\u011bd\u010den\u00e1 technologie PHEV prvn\u00ed generace od Mitsubishi Motors byla z\u00e1kazn\u00edky v Evrop\u011b dob\u0159e p\u0159ijata \u2013 s p\u0159edchoz\u00edm Outlanderem PHEV a pot\u00e9 s modelem Eclipse Cross PHEV v roce 2021.<\/p>\n<p>Nov\u00e9 Mitsubishi Outlander PHEV bude nab\u00edzet nejnov\u011bj\u0161\u00ed asisten\u010dn\u00ed a informa\u010dn\u00ed technologie pro \u0159idi\u010de, kter\u00e9 zajist\u00ed vysokou \u00farove\u0148 bezpe\u010dnosti, komfortu a pohodl\u00ed.<\/p>\n","protected":false},"excerpt":{"rendered":"<div class=\"mh-excerpt\"><p>Mitsubishi Motors, kter\u00e1 se p\u016fvodn\u011b cht\u011bla st\u00e1hnou z Evropy,\u00a0 pokra\u010duje v investic\u00edch na evropsk\u00e9m trhu. Po p\u0159edstaven\u00ed nov\u00e9 generace ASX a chystan\u00e9ho nov\u00e9ho Coltu, kter\u00fd <a class=\"mh-excerpt-more\" href=\"https:\/\/www.automakersnews.cz\/index.php\/2023\/03\/15\/mitsubishi-slibuje-novy-outlander-phev\/\" title=\"Mitsubishi slibuje nov\u00fd Outlander PHEV\">[&#8230;]<\/a><\/p>\n<\/div>","protected":false},"author":4,"featured_media":29424,"comment_status":"open","ping_status":"open","sticky":false,"template":"","format":"standard","meta":{"footnotes":""},"categories":[55],"tags":[],"class_list":["post-29423","post","type-post","status-publish","format-standard","has-post-thumbnail","hentry","category-alternativni-pohony"],"_links":{"self":[{"href":"https:\/\/www.automakersnews.cz\/index.php\/wp-json\/wp\/v2\/posts\/29423","targetHints":{"allow":["GET"]}}],"collection":[{"href":"https:\/\/www.automakersnews.cz\/index.php\/wp-json\/wp\/v2\/posts"}],"about":[{"href":"https:\/\/www.automakersnews.cz\/index.php\/wp-json\/wp\/v2\/types\/post"}],"author":[{"embeddable":true,"href":"https:\/\/www.automakersnews.cz\/index.php\/wp-json\/wp\/v2\/users\/4"}],"replies":[{"embeddable":true,"href":"https:\/\/www.automakersnews.cz\/index.php\/wp-json\/wp\/v2\/comments?post=29423"}],"version-history":[{"count":0,"href":"https:\/\/www.automakersnews.cz\/index.php\/wp-json\/wp\/v2\/posts\/29423\/revisions"}],"wp:featuredmedia":[{"embeddable":true,"href":"https:\/\/www.automakersnews.cz\/index.php\/wp-json\/wp\/v2\/media\/29424"}],"wp:attachment":[{"href":"https:\/\/www.automakersnews.cz\/index.php\/wp-json\/wp\/v2\/media?parent=29423"}],"wp:term":[{"taxonomy":"category","embeddable":true,"href":"https:\/\/www.automakersnews.cz\/index.php\/wp-json\/wp\/v2\/categories?post=29423"},{"taxonomy":"post_tag","embeddable":true,"href":"https:\/\/www.automakersnews.cz\/index.php\/wp-json\/wp\/v2\/tags?post=29423"}],"curies":[{"name":"wp","href":"https:\/\/api.w.org\/{rel}","templated":true}]}}