{"id":29427,"date":"2023-03-15T06:54:26","date_gmt":"2023-03-15T06:54:26","guid":{"rendered":"https:\/\/www.automakersnews.cz\/?p=29427"},"modified":"2023-03-15T07:16:36","modified_gmt":"2023-03-15T07:16:36","slug":"still-chce-servisni-vozidla-na-elektrinu","status":"publish","type":"post","link":"https:\/\/www.automakersnews.cz\/index.php\/2023\/03\/15\/still-chce-servisni-vozidla-na-elektrinu\/","title":{"rendered":"STILL chce servisn\u00ed vozidla na elekt\u0159inu"},"content":{"rendered":"<p><strong>Dodavatel intralogistick\u00fdch \u0159e\u0161en\u00ed, hambursk\u00e1 spole\u010dnost STILL, d\u011bl\u00e1 dal\u0161\u00ed krok v oblasti trval\u00e9 udr\u017eitelnosti: V pilotn\u00edm projektu se u dvou vozidel ze servisn\u00ed flotily p\u0159ejde na elektromobily. Po \u00fasp\u011b\u0161n\u00e9m dokon\u010den\u00ed testovac\u00ed f\u00e1ze by m\u011bla n\u00e1sledovat dal\u0161\u00ed.<\/strong><!--more--><\/p>\n<p>Jako firma jsme se ot\u00e1zk\u00e1m pot\u0159eby ochrany klimatu a trval\u00e9 udr\u017eitelnosti neza\u010dali ve v\u00fdrazn\u011b vy\u0161\u0161\u00ed m\u00ed\u0159e v\u011bnovat a\u017e po demonstrac\u00edch \u201eFridays for Future\u201c a po p\u0159\u00edchodu aktu\u00e1ln\u00ed energetick\u00e9 krize.<\/p>\n<p>\u201eV praxi na\u0161e z\u00e1kazn\u00edky st\u00e1le \u010dast\u011bji zaj\u00edmala na\u0161e aktivita v oblasti trval\u00e9 udr\u017eitelnosti. O to v\u00edce m\u011b t\u011b\u0161\u00ed, \u017ee m\u00e1me v t\u00e9to problematice \u010dist\u00e9 sv\u011bdom\u00ed,\u201c potvrzuje Frank M\u00fcller, Senior Vice President STILL Brand Management.<\/p>\n<p>Ale toto uva\u017eov\u00e1n\u00ed se ve spole\u010dnosti STILL neza\u010dalo rozv\u00edjet a\u017e tehdy, kdy\u017e se o tomto t\u00e9matu diskutovalo ze v\u0161ech stran. \u201eStalo se skute\u010dn\u011b pevnou sou\u010d\u00e1st\u00ed na\u0161\u00ed firemn\u00ed DNA,\u201c pokra\u010duje Frank M\u00fcller, \u201eproto je pro n\u00e1s dosud dosa\u017een\u00fd pokrok jen dal\u0161\u00ed metou. N\u00e1\u0161 c\u00edl zn\u00ed: Nulov\u00e9 emise v cel\u00e9m dodavatelsk\u00e9m \u0159et\u011bzci.\u201c<\/p>\n<p><strong>Doslova \u201eNech se elektrizovat!\u201c<\/strong><\/p>\n<p>Ji\u017e v polovin\u011b minul\u00e9ho roku vybudoval dodavatel intralogistick\u00fdch \u0159e\u0161en\u00ed v are\u00e1lu centr\u00e1ly v Hamburku nab\u00edjec\u00ed stanice. Dle sloganu STILL \u201eNech se elektrizovat!\u201c je zde mo\u017enost nab\u00edjet nejen elektricky poh\u00e1n\u011bn\u00e1 slu\u017eebn\u00ed vozidla, ale tak\u00e9 elektromobily zam\u011bstnanc\u016f a n\u00e1v\u0161t\u011bvn\u00edk\u016f. Elekt\u0159inu pot\u0159ebnou pro nab\u00edjec\u00ed stanice odeb\u00edr\u00e1 STILL \u2013 jako ostatn\u011b ve\u0161kerou elekt\u0159inu \u2013 ze \u201ezelen\u00fdch\u201c zdroj\u016f. \u201eT\u00edm s na\u0161imi nab\u00edjec\u00edmi stanicemi v\u00fdrazn\u011b p\u0159isp\u00edv\u00e1me ke sn\u00ed\u017een\u00ed emis\u00ed CO2,\u201c zd\u016fraz\u0148uje Stefan Sanny, Senior Director Facility Management &amp; Technical Services.<\/p>\n<p><strong>Pilotn\u00ed projekt podporuje strategii trval\u00e9 udr\u017eitelnosti<\/strong><\/p>\n<p>Zaveden\u00edm prvn\u00edch elektricky poh\u00e1n\u011bn\u00fdch servisn\u00edch vozidel ud\u011blala spole\u010dnost STILL dal\u0161\u00ed krok ve sv\u00e9 strategii trvale udr\u017eiteln\u00e9ho rozvoje. V prvn\u00ed f\u00e1zi by m\u011bla b\u00fdt v r\u00e1mci pilotn\u00edho projektu po dobu jednoho roku shroma\u017e\u010fov\u00e1na data o tom, jak lze tyto alternativn\u00ed pohony slou\u010dit s n\u00e1ro\u010dnou servisn\u00ed strategi\u00ed STILL s vysok\u00fdmi n\u00e1roky na kvalitu. Stefan Sanny \u0159\u00edk\u00e1: \u201eB\u011bhem t\u00e9to doby z\u00edsk\u00e1me zku\u0161enosti a informace, kter\u00e9 n\u00e1sledn\u011b velmi podrobn\u011b vyhodnot\u00edme. Z\u00edsk\u00e1me tak odpov\u011bdi na mnoho na\u0161ich ot\u00e1zek, nap\u0159\u00edklad: Jak se n\u00e1\u0161 servis v ter\u00e9nu vyrovn\u00e1 s infrastrukturou, kter\u00e1 nen\u00ed ide\u00e1ln\u00ed. Jak\u00e9 dojezdy m\u016f\u017eeme realizovat s nalo\u017een\u00fdmi vozidly? Jak\u00fd vliv maj\u00ed na dojezd na\u0161ich elektromobil\u016f r\u016fzn\u00e9 pov\u011btrnostn\u00ed podm\u00ednky?<\/p>\n<p>Z\u00e1vazek v\u016f\u010di z\u00e1kazn\u00edk\u016fm a \u017eivotn\u00edmu prost\u0159ed\u00ed<\/p>\n<p>Na z\u00e1klad\u011b t\u011bchto zku\u0161enost\u00ed se pak spole\u010dnost STILL rozhodne, jak se bude elektrifikovan\u00e1 servisn\u00ed flotila d\u00e1le rozv\u00edjet do budoucna. Frank M\u00fcller dod\u00e1v\u00e1: \u201eUd\u011bl\u00e1me v\u0161e pro to, aby se n\u00e1m poda\u0159ilo propojit na\u0161e c\u00edle trval\u00e9 udr\u017eitelnosti s na\u0161imi vysok\u00fdmi n\u00e1roky na servis. Ostatn\u011b jsme tomu zav\u00e1z\u00e1ni jak v\u016f\u010di na\u0161im z\u00e1kazn\u00edk\u016fm, tak v\u016f\u010di \u017eivotn\u00edmu prost\u0159ed\u00ed.\u201c<\/p>\n","protected":false},"excerpt":{"rendered":"<div class=\"mh-excerpt\"><p>Dodavatel intralogistick\u00fdch \u0159e\u0161en\u00ed, hambursk\u00e1 spole\u010dnost STILL, d\u011bl\u00e1 dal\u0161\u00ed krok v oblasti trval\u00e9 udr\u017eitelnosti: V pilotn\u00edm projektu se u dvou vozidel ze servisn\u00ed flotily p\u0159ejde na <a class=\"mh-excerpt-more\" href=\"https:\/\/www.automakersnews.cz\/index.php\/2023\/03\/15\/still-chce-servisni-vozidla-na-elektrinu\/\" title=\"STILL chce servisn\u00ed vozidla na elekt\u0159inu\">[&#8230;]<\/a><\/p>\n<\/div>","protected":false},"author":4,"featured_media":15051,"comment_status":"open","ping_status":"open","sticky":false,"template":"","format":"standard","meta":{"footnotes":""},"categories":[22,26],"tags":[],"class_list":["post-29427","post","type-post","status-publish","format-standard","has-post-thumbnail","hentry","category-elektromobily","category-logistika"],"_links":{"self":[{"href":"https:\/\/www.automakersnews.cz\/index.php\/wp-json\/wp\/v2\/posts\/29427","targetHints":{"allow":["GET"]}}],"collection":[{"href":"https:\/\/www.automakersnews.cz\/index.php\/wp-json\/wp\/v2\/posts"}],"about":[{"href":"https:\/\/www.automakersnews.cz\/index.php\/wp-json\/wp\/v2\/types\/post"}],"author":[{"embeddable":true,"href":"https:\/\/www.automakersnews.cz\/index.php\/wp-json\/wp\/v2\/users\/4"}],"replies":[{"embeddable":true,"href":"https:\/\/www.automakersnews.cz\/index.php\/wp-json\/wp\/v2\/comments?post=29427"}],"version-history":[{"count":0,"href":"https:\/\/www.automakersnews.cz\/index.php\/wp-json\/wp\/v2\/posts\/29427\/revisions"}],"wp:featuredmedia":[{"embeddable":true,"href":"https:\/\/www.automakersnews.cz\/index.php\/wp-json\/wp\/v2\/media\/15051"}],"wp:attachment":[{"href":"https:\/\/www.automakersnews.cz\/index.php\/wp-json\/wp\/v2\/media?parent=29427"}],"wp:term":[{"taxonomy":"category","embeddable":true,"href":"https:\/\/www.automakersnews.cz\/index.php\/wp-json\/wp\/v2\/categories?post=29427"},{"taxonomy":"post_tag","embeddable":true,"href":"https:\/\/www.automakersnews.cz\/index.php\/wp-json\/wp\/v2\/tags?post=29427"}],"curies":[{"name":"wp","href":"https:\/\/api.w.org\/{rel}","templated":true}]}}