{"id":29727,"date":"2023-03-14T18:24:47","date_gmt":"2023-03-14T18:24:47","guid":{"rendered":"https:\/\/www.automakersnews.cz\/?p=29727"},"modified":"2023-03-14T18:24:47","modified_gmt":"2023-03-14T18:24:47","slug":"ds-ma-kolekci-ds-4-a-ds-7-esprit-de-voyage","status":"publish","type":"post","link":"https:\/\/www.automakersnews.cz\/index.php\/2023\/03\/14\/ds-ma-kolekci-ds-4-a-ds-7-esprit-de-voyage\/","title":{"rendered":"DS m\u00e1 kolekci DS 4 a DS 7 Esprit de Voyage"},"content":{"rendered":"<p><strong>DS Automobiles p\u0159edstavila po vzoru m\u00f3dn\u00edch salon\u016f a v tradici s francouzsk\u00fdm stylem cestov\u00e1n\u00ed svou prvn\u00ed kolekci. <\/strong><!--more--><\/p>\n<p>Nese n\u00e1zev ESPRIT DE VOYAGE a bude uvedena na trh v roce 2023 na v\u0161ech \u010dty\u0159ech kontinentech, kde je zna\u010dka p\u0159\u00edtomna: v Evrop\u011b, Asii, Africe i Ji\u017en\u00ed Americe.<\/p>\n<p><strong>DS 4 ESPRIT DE VOYAGE: z\u0159eteln\u00e1 inspirace a sv\u011btl\u00fd interi\u00e9r<\/strong><\/p>\n<p>DS 4 ESPRIT DE VOYAGE, kter\u00fd vych\u00e1z\u00ed z modelu DS 4 RIVOLI, p\u0159in\u00e1\u0161\u00ed exkluzivn\u00ed detaily a bohatou nadstandardn\u00ed v\u00fdbavu.<\/p>\n<p>Z interi\u00e9ru vozu DS 4 ESPRIT DE VOYAGE \u010di\u0161\u00ed exkluzivn\u00ed pocit sv\u011btla spojen\u00fd se specifick\u00fdm sv\u011btl\u00fdm odst\u00ednem a bezkonkuren\u010dn\u00edm know-how. Interi\u00e9r, kter\u00fd je symbolem \u00faniku, zdob\u00ed \u0161ed\u00fd odst\u00edn Galet na sedadlech ze zrnit\u00e9 k\u016f\u017ee a nov\u00fd harmonick\u00fd odst\u00edn \u0160ed\u00e1 Granit na bo\u010dn\u00edch panelech a oblo\u017een\u00ed palubn\u00ed desky v k\u016f\u017ei Nappa.<\/p>\n<p>Detaily podtrhuj\u00ed know-how \u0159emesln\u00edk\u016f spole\u010dnosti DS Automobiles. Na p\u0159\u00edstrojov\u00e9 desce je v k\u016f\u017ei vyra\u017een n\u00e1pis ESPRIT DE VOYAGE, kter\u00fd ilustruje ambici zna\u010dky DS Automobiles roz\u0161\u00ed\u0159it sv\u00e9 know-how z Pa\u0159\u00ed\u017ee do okoln\u00edho sv\u011bta. Zobrazen\u00ed mapy Evropy je vykresleno paprsky soust\u0159ed\u011bn\u00fdmi kolem motivu Clou de Paris symbolizuj\u00edc\u00edho v\u00fdchoz\u00ed bod a m\u00edsto, kde byla tato kolekce vytvo\u0159ena: DS DESIGN STUDIO PARIS. Na dve\u0159n\u00edch praz\u00edch je rovn\u011b\u017e um\u00edst\u011bn n\u00e1pis ESPRIT DE VOYAGE s uvedenou ikonickou mapou a obruba kobere\u010dk\u016f je ve specifick\u00e9m \u0161ed\u00e9m odst\u00ednu, kter\u00fd lad\u00ed s interi\u00e9rem.<\/p>\n<p>Zven\u010d\u00ed byl vzor vyryt\u00fd laserem na krytech zrc\u00e1tek z\u00e1m\u011brn\u011b upraven tak, aby nazna\u010doval pohyb a aerodynamiku a symbolizoval tak cestov\u00e1n\u00ed. P\u0159edn\u00ed \u010d\u00e1st vozu zdob\u00ed maska DS WINGS v leskle \u010dern\u00e9m odst\u00ednu um\u00edst\u011bn\u00e1 mezi sv\u011btlomety DS MATRIX LED VISION a m\u0159\u00ed\u017eka chladi\u010de, kter\u00e1 je dopln\u011bna kask\u00e1dou chromovan\u00fdch prvk\u016f. Okna a v\u00edko zavazadlov\u00e9ho prostoru z\u00edskaly elegantn\u00ed ozdobnou leskle \u010dernou li\u0161tu. Devaten\u00e1ctipalcov\u00e1 kola CANNES s diamantov\u00fdm v\u00fdbrusem a matn\u00fdm lakem p\u0159edstavuj\u00ed nov\u00fd matn\u00fd odst\u00edn \u0160ed\u00e1 Anthracite.<\/p>\n<p>S \u010dernou st\u0159echou v odst\u00ednu Perla Nera lze kombinovat \u0161est odst\u00edn\u016f karoserie: \u0160ed\u00e1 Lacquered, kter\u00e1 se objevuje i na zapu\u0161t\u011bn\u00fdch klik\u00e1ch dve\u0159\u00ed, \u0160ed\u00e1 Platinium, B\u00edl\u00e1 Cristal Pearl, \u010cern\u00e1 Perla Nera, B\u00edl\u00e1 perle\u0165 Nacr\u00e9 nebo \u010derven\u00e1 Velvet.<\/p>\n<p>Krom\u011b z\u00e1kladn\u00ed v\u00fdbavy, kter\u00e1 zahrnuje hands-free p\u0159\u00edstup a startov\u00e1n\u00ed, p\u0159edn\u00ed a zadn\u00ed parkovac\u00ed asistent se zp\u011btnou parkovac\u00ed kamerou, DS EXTENDED HEAD UP DISPLAY, syst\u00e9m infotainmentu DS IRIS SYSTEM, DS SMART TOUCH, syst\u00e9m poloautonomn\u00edho \u0159\u00edzen\u00ed DS DRIVE ASSIST 2. 0 a sv\u011btlomety DS MATRIX LED VISION, nab\u00edz\u00ed DS 4 ESPRIT DE VOYAGE paket Elekrick\u00e1 sedadla s vyh\u0159\u00edvan\u00fdmi a odv\u011btr\u00e1van\u00fdmi p\u0159edn\u00edmi sedadly s mas\u00e1\u017en\u00ed funkc\u00ed, vyh\u0159\u00edvan\u00fd volant, elektricky ovl\u00e1dan\u00e9 v\u00edko zavazadlov\u00e9ho prostoru, hlin\u00edkov\u00e9 kryty ped\u00e1l\u016f a vrstven\u00e1 akustick\u00e1 bo\u010dn\u00ed okna.<\/p>\n<p>DS 4 ESPRIT DE VOYAGE je k dispozici ve verzi s plug-in hybridn\u00edm motorem E-TENSE 225 a s benz\u00ednov\u00fdm motorem PureTech 130 \u010di dieselov\u00fdm motorem BlueHDi 130. K zah\u00e1jen\u00ed objedn\u00e1vek dojde 8. b\u0159ezna, cena ve Francii bude za\u010d\u00ednat na 44 550 \u20ac.<\/p>\n<p><img loading=\"lazy\" decoding=\"async\" class=\"alignnone wp-image-29760\" src=\"http:\/\/www.automakersnews.cz\/wp-content\/uploads\/2023\/03\/D4-interier-300x100.jpg\" alt=\"\" width=\"843\" height=\"281\" srcset=\"https:\/\/www.automakersnews.cz\/wp-content\/uploads\/2023\/03\/D4-interier-300x100.jpg 300w, https:\/\/www.automakersnews.cz\/wp-content\/uploads\/2023\/03\/D4-interier-1024x342.jpg 1024w, https:\/\/www.automakersnews.cz\/wp-content\/uploads\/2023\/03\/D4-interier-768x256.jpg 768w, https:\/\/www.automakersnews.cz\/wp-content\/uploads\/2023\/03\/D4-interier-1536x513.jpg 1536w, https:\/\/www.automakersnews.cz\/wp-content\/uploads\/2023\/03\/D4-interier-2048x683.jpg 2048w\" sizes=\"auto, (max-width: 843px) 100vw, 843px\" \/><\/p>\n<p><strong>DS 7 ESPRIT DE VOYAGE: vyj\u00e1d\u0159en\u00ed touhy po svobod\u011b<\/strong><\/p>\n<p>Francouzsk\u00e9 um\u011bn\u00ed cestov\u00e1n\u00ed je v kolekci ESPRIT DE VOYAGE reprezentov\u00e1no jedine\u010dnou eleganc\u00ed, ji\u017e vytv\u00e1\u0159ej\u00ed materi\u00e1ly a motivy, kter\u00e9 jsou pro tuto kolekci charakteristick\u00e9. Model DS 7 ESPRIT DE VOYAGE vych\u00e1z\u00ed z verze RIVOLI a nab\u00edz\u00ed exkluzivn\u00ed interi\u00e9r ze sv\u011btl\u00e9 k\u016f\u017ee a roz\u0161\u00ed\u0159enou standardn\u00ed v\u00fdbavou.<\/p>\n<p>Motiv Clou de Paris, p\u0159evzat\u00fd od legend\u00e1rn\u00edho gilo\u0161ovan\u00e9ho vzoru, kter\u00fd pou\u017e\u00edvali pa\u0159\u00ed\u017e\u0161t\u00ed hodin\u00e1\u0159i, symbolizuje m\u00edsto, kde se nach\u00e1z\u00ed DS DESIGN STUDIO PARIS. Paprsky, kter\u00e9 z n\u011bj vych\u00e1zej\u00ed, vytv\u00e1\u0159ej\u00ed mapu Evropy. Tento design vytvo\u0159en\u00fd pro verzi ESPRIT DE VOYAGE je u t\u00e9to kolekce proveden n\u011bkolika r\u016fzn\u00fdmi zp\u016fsoby.<\/p>\n<p>K\u016f\u017ee Nappa v odst\u00ednu \u0160ed\u00e1 Perle na p\u0159\u00edstrojov\u00e9 desce je za tepla embosovan\u00e1 technikou, kterou vyvinuli \u0159emesln\u00edci spole\u010dnosti DS Automobiles, d\u00edky n\u00ed\u017e p\u016fsob\u00ed jedine\u010dn\u011b plasticky. Stejn\u00e9 linie se opakuj\u00ed na praz\u00edch a logu na p\u0159edn\u00edch dve\u0159\u00edch a na speci\u00e1ln\u011b upraven\u00fdch krytech zrc\u00e1tek.<\/p>\n<p>Uvnit\u0159 kabiny se objevuj\u00ed sv\u011btl\u00e9 jasn\u00e9 odst\u00edny, a to na sedadlech v tla\u010den\u00e9 k\u016f\u017ei a ozdobn\u00fdch prvc\u00edch z k\u016f\u017ee Nappa v odst\u00ednu \u0160ed\u00e1 Perle, kter\u00e1 je pro tuto kolekci specifick\u00e1. Jedine\u010dn\u00e9 \u00fapravy se do\u010dkaly tak\u00e9 kobere\u010dky s novou barvou obruby, kter\u00e1 dokonale lad\u00ed se sv\u011btl\u00fdmi t\u00f3ny interi\u00e9ru.<\/p>\n<p>P\u0159i pohledu zvenku je na dve\u0159\u00edch vyobrazen n\u00e1pis ESPRIT DE VOYAGE a kryty zp\u011btn\u00fdch zrc\u00e1tek maj\u00ed specifick\u00fd laserem grav\u00edrovan\u00fd vzor. Linii zv\u00fdraz\u0148uje leskle \u010dern\u00e1 \u00faprava masky DS WINGS, okenn\u00edch li\u0161t, st\u0159e\u0161n\u00edch nosi\u010d\u016f a p\u0159edn\u00edho n\u00e1razn\u00edku v kombinaci s leskle \u010dernou m\u0159\u00ed\u017ekou chladi\u010de s \u0159adou chromovan\u00fdch prvk\u016f. Exkluzivn\u00ed devaten\u00e1ctipalcov\u00e1 kola OYAMA rovn\u011b\u017e z\u00edskala specifick\u00e9 dekorativn\u00ed prvky Brillant Black.<\/p>\n<p>K dispozici je \u0161est barev karoserie: B\u00edl\u00e1 perle\u0165 Nacr\u00e9, B\u00edl\u00e1 Cristal Pearl, \u0160ed\u00e1 Lacquered, \u0160ed\u00e1 Platinium, \u010cern\u00e1 Perla Nera nebo Modr\u00e1 Saphir.<\/p>\n<p>Krom\u011b z\u00e1kladn\u00ed v\u00fdbavy, kter\u00e1 zahrnuje hands-free p\u0159\u00edstup a startov\u00e1n\u00ed, p\u0159edn\u00ed a zadn\u00ed parkovac\u00ed asistent se zp\u011btnou parkovac\u00ed kamerou, syst\u00e9m infotainmentu DS IRIS SYSTEM a sv\u011btlomety DS PIXEL LED VISION 3. 0, nab\u00edz\u00ed DS 7 ESPRIT DE VOYAGE i vyh\u0159\u00edvan\u00e1 odv\u011btr\u00e1van\u00e1 p\u0159edn\u00ed sedadla s mas\u00e1\u017en\u00ed funkc\u00ed, nastaviteln\u00fd sklon op\u011bradla zadn\u00edch sedadel, hlin\u00edkov\u00e9 kryty ped\u00e1l\u016f, osv\u011btlen\u00ed interi\u00e9ru PolyAmbient, vrstven\u00e1 akustick\u00e1 bo\u010dn\u00ed okna a elektricky ovl\u00e1dan\u00e9 v\u00edko zavazadadlov\u00e9ho prostoru s hands-free p\u0159\u00edstupem.<\/p>\n<p>DS 7 ESPRIT DE VOYAGE je k dispozici ve verz\u00edch s plug-in hybridn\u00edm motorem E-TENSE 225 a E-TENSE 4\u00d74 a tak\u00e9 s dieselov\u00fdm motorem BlueHDi 130. K zah\u00e1jen\u00ed objedn\u00e1vek dojde 8. b\u0159ezna, cena ve Francii bude za\u010d\u00ednat na 52 500 \u20ac.<\/p>\n<p>&nbsp;<\/p>\n","protected":false},"excerpt":{"rendered":"<div class=\"mh-excerpt\"><p>DS Automobiles p\u0159edstavila po vzoru m\u00f3dn\u00edch salon\u016f a v tradici s francouzsk\u00fdm stylem cestov\u00e1n\u00ed svou prvn\u00ed kolekci.<\/p>\n<\/div>","protected":false},"author":4,"featured_media":29731,"comment_status":"open","ping_status":"open","sticky":false,"template":"","format":"standard","meta":{"footnotes":""},"categories":[19],"tags":[],"class_list":["post-29727","post","type-post","status-publish","format-standard","has-post-thumbnail","hentry","category-design"],"_links":{"self":[{"href":"https:\/\/www.automakersnews.cz\/index.php\/wp-json\/wp\/v2\/posts\/29727","targetHints":{"allow":["GET"]}}],"collection":[{"href":"https:\/\/www.automakersnews.cz\/index.php\/wp-json\/wp\/v2\/posts"}],"about":[{"href":"https:\/\/www.automakersnews.cz\/index.php\/wp-json\/wp\/v2\/types\/post"}],"author":[{"embeddable":true,"href":"https:\/\/www.automakersnews.cz\/index.php\/wp-json\/wp\/v2\/users\/4"}],"replies":[{"embeddable":true,"href":"https:\/\/www.automakersnews.cz\/index.php\/wp-json\/wp\/v2\/comments?post=29727"}],"version-history":[{"count":0,"href":"https:\/\/www.automakersnews.cz\/index.php\/wp-json\/wp\/v2\/posts\/29727\/revisions"}],"wp:featuredmedia":[{"embeddable":true,"href":"https:\/\/www.automakersnews.cz\/index.php\/wp-json\/wp\/v2\/media\/29731"}],"wp:attachment":[{"href":"https:\/\/www.automakersnews.cz\/index.php\/wp-json\/wp\/v2\/media?parent=29727"}],"wp:term":[{"taxonomy":"category","embeddable":true,"href":"https:\/\/www.automakersnews.cz\/index.php\/wp-json\/wp\/v2\/categories?post=29727"},{"taxonomy":"post_tag","embeddable":true,"href":"https:\/\/www.automakersnews.cz\/index.php\/wp-json\/wp\/v2\/tags?post=29727"}],"curies":[{"name":"wp","href":"https:\/\/api.w.org\/{rel}","templated":true}]}}