{"id":29926,"date":"2023-03-15T07:02:41","date_gmt":"2023-03-15T07:02:41","guid":{"rendered":"https:\/\/www.automakersnews.cz\/?p=29926"},"modified":"2023-03-15T07:05:03","modified_gmt":"2023-03-15T07:05:03","slug":"ministr-kontroloval-stavbu-dalnice-d4-via-salis","status":"publish","type":"post","link":"https:\/\/www.automakersnews.cz\/index.php\/2023\/03\/15\/ministr-kontroloval-stavbu-dalnice-d4-via-salis\/","title":{"rendered":"Ministr kontroloval stavbu d\u00e1lnice D4 Via Salis"},"content":{"rendered":"<p><strong><b>Kr\u00e1tce po zah\u00e1jen\u00ed leto\u0161n\u00ed stavebn\u00ed sez\u00f3ny se s pr\u016fb\u011bhem dostavby d\u00e1lnice D4 Via Salis, kter\u00e1 je prvn\u00edm \u010desk\u00fdm PPP projektem v oblasti dopravn\u00ed infrastruktury, p\u0159ijel p\u0159\u00edmo do ter\u00e9nu sezn\u00e1mit ministr dopravy Martin Kupka.<\/b><\/strong><!--more--><\/p>\n<p>Stavbu kontroloval v doprovodu z\u00e1stupc\u016f koncesion\u00e1\u0159e a zhotovitele, prohl\u00e9dl si kl\u00ed\u010dov\u00e1 m\u00edsta budouc\u00ed d\u00e1lnice.<\/p>\n<p>S aktu\u00e1ln\u00edmi podrobn\u00fdmi informacemi o prob\u00edhaj\u00edc\u00edch prac\u00edch sezn\u00e1mili ministra dopravy z\u00e1stupce koncesion\u00e1\u0159e, gener\u00e1ln\u00ed \u0159editel Via Salis a v\u00fdkonn\u00fd \u0159editel VINCI Highways pro St\u0159edn\u00ed Evropu Christian Biegert, a za zhotovitele, spole\u010dnost DIVia stavebn\u00ed, Martin Borovka, gener\u00e1ln\u00ed \u0159editel Skupiny VINCI Construction CS.<\/p>\n<p>N\u00e1v\u0161t\u011bvy se z\u00fa\u010dastnil i Radek M\u00e1tl, gener\u00e1ln\u00ed \u0159editel \u0158editelstv\u00ed silnic a d\u00e1lnic, kter\u00e9 zaji\u0161\u0165ovalo in\u017een\u00fdrskou \u010dinnost p\u0159ed zah\u00e1jen\u00edm projektu.<\/p>\n<p>\u201eStavba D4 je vn\u00edm\u00e1na od za\u010d\u00e1tku jako referen\u010dn\u00ed projekt pro rozhodov\u00e1n\u00ed o dal\u0161\u00edm vyu\u017eit\u00edm PPP modelu p\u0159i jin\u00fdch stavb\u00e1ch, nap\u0159\u00edklad d\u00e1lni\u010dn\u00edch nebo \u017eelezni\u010dn\u00edch. Jak jsem se dnes mohl p\u0159esv\u011bd\u010dit, pr\u00e1ce zde pokra\u010duj\u00ed naplno, stav\u00ed se po cel\u00e9 d\u00e9lce trasy a d\u00e1lnice tu vznik\u00e1 skoro p\u0159ed o\u010dima,\u201c uvedl ministr dopravy Martin Kupka.<\/p>\n<p>Ministr na sv\u00e9m v\u00fdjezdu postupn\u011b nav\u0161t\u00edvil n\u011bkolik m\u00edst, na kter\u00fdch stavebn\u00ed pr\u00e1ce aktu\u00e1ln\u011b prob\u00edhaj\u00ed. Jednou ze zast\u00e1vek byl nap\u0159\u00edklad z\u00e1\u0159ez u Mil\u00edna, kde od konce lo\u0148sk\u00e9ho roku prob\u00edh\u00e1 rozs\u00e1hl\u00e9 odst\u0159elov\u00e1n\u00ed a s t\u00edm souvisej\u00edc\u00ed pr\u00e1ce na odt\u011b\u017een\u00ed skaln\u00edho masivu Kojet\u00edn stoj\u00edc\u00edho v trase budouc\u00ed d\u00e1lnice.<\/p>\n<p>Dal\u0161\u00edmi zast\u00e1vkami na trase byly dva nov\u011b vznikaj\u00edc\u00ed mosty u Mil\u00edna a Zalu\u017ean, k\u0159i\u017eovatka Lety s novou obalovnou a mobiln\u00ed beton\u00e1rkou nebo estak\u00e1da nad \u0159ekou Skalic\u00ed.<\/p>\n<p><img loading=\"lazy\" decoding=\"async\" class=\"alignnone size-large wp-image-29930\" src=\"http:\/\/www.automakersnews.cz\/wp-content\/uploads\/2023\/03\/Via-Salis-stavba-dalnice-1024x767.jpg\" alt=\"\" width=\"1024\" height=\"767\" \/><\/p>\n<p>Ministr dopravy pl\u00e1nuje stavbu D4 nav\u0161t\u00edvit letos minim\u00e1ln\u011b je\u0161t\u011b jednou, a to v kv\u011btnu, kdy uplynou dva roky od zah\u00e1jen\u00ed stavby.<\/p>\n<p>Projekt PPP (Public Private Partnership) D4 realizuje sdru\u017een\u00ed <a href=\"https:\/\/www.viasalis.cz\/\"><u>Via Salis<\/u><\/a>\u00a0slo\u017een\u00e9 z francouzsk\u00fdch firem VINCI Highways a Meridiam. Investice zahrnuje projektov\u00e1n\u00ed, financov\u00e1n\u00ed a stavbu 32 km d\u00e1lnice D4 z P\u0159\u00edbrami do P\u00edsku a modernizaci a \u00fadr\u017ebu dal\u0161\u00edch 16 kilometr\u016f ji\u017e zprovozn\u011bn\u00fdch navazuj\u00edc\u00edch \u00fasek\u016f.<\/p>\n<p>Stavba bude podle smlouvy se st\u00e1tem hotova v prosinci 2024 a dal\u0161\u00edch 25 let bude konsorcium d\u00e1lnici provozovat. Stavebn\u00ed pr\u00e1ce prov\u00e1d\u00ed spole\u010dnost DIVia stavebn\u00ed, kter\u00e1 pat\u0159\u00ed do Skupiny VINCI Construction CS, provoz a \u00fadr\u017ebu na existuj\u00edc\u00edch t\u00e9m\u011b\u0159 16 kilometrech od 1. 7. 2021 obstar\u00e1v\u00e1 ve speci\u00e1ln\u00edm re\u017eimu spole\u010dnost Via Salis Operations, vlastn\u011bn\u00e9 ze 100 %\u00a0VINCI\u00a0Highways.<\/p>\n<p>&nbsp;<\/p>\n","protected":false},"excerpt":{"rendered":"<div class=\"mh-excerpt\"><p>Kr\u00e1tce po zah\u00e1jen\u00ed leto\u0161n\u00ed stavebn\u00ed sez\u00f3ny se s pr\u016fb\u011bhem dostavby d\u00e1lnice D4 Via Salis, kter\u00e1 je prvn\u00edm \u010desk\u00fdm PPP projektem v oblasti dopravn\u00ed infrastruktury, p\u0159ijel <a class=\"mh-excerpt-more\" href=\"https:\/\/www.automakersnews.cz\/index.php\/2023\/03\/15\/ministr-kontroloval-stavbu-dalnice-d4-via-salis\/\" title=\"Ministr kontroloval stavbu d\u00e1lnice D4 Via Salis\">[&#8230;]<\/a><\/p>\n<\/div>","protected":false},"author":1,"featured_media":29927,"comment_status":"open","ping_status":"open","sticky":false,"template":"","format":"standard","meta":{"footnotes":""},"categories":[35],"tags":[],"class_list":["post-29926","post","type-post","status-publish","format-standard","has-post-thumbnail","hentry","category-doprava"],"_links":{"self":[{"href":"https:\/\/www.automakersnews.cz\/index.php\/wp-json\/wp\/v2\/posts\/29926","targetHints":{"allow":["GET"]}}],"collection":[{"href":"https:\/\/www.automakersnews.cz\/index.php\/wp-json\/wp\/v2\/posts"}],"about":[{"href":"https:\/\/www.automakersnews.cz\/index.php\/wp-json\/wp\/v2\/types\/post"}],"author":[{"embeddable":true,"href":"https:\/\/www.automakersnews.cz\/index.php\/wp-json\/wp\/v2\/users\/1"}],"replies":[{"embeddable":true,"href":"https:\/\/www.automakersnews.cz\/index.php\/wp-json\/wp\/v2\/comments?post=29926"}],"version-history":[{"count":0,"href":"https:\/\/www.automakersnews.cz\/index.php\/wp-json\/wp\/v2\/posts\/29926\/revisions"}],"wp:featuredmedia":[{"embeddable":true,"href":"https:\/\/www.automakersnews.cz\/index.php\/wp-json\/wp\/v2\/media\/29927"}],"wp:attachment":[{"href":"https:\/\/www.automakersnews.cz\/index.php\/wp-json\/wp\/v2\/media?parent=29926"}],"wp:term":[{"taxonomy":"category","embeddable":true,"href":"https:\/\/www.automakersnews.cz\/index.php\/wp-json\/wp\/v2\/categories?post=29926"},{"taxonomy":"post_tag","embeddable":true,"href":"https:\/\/www.automakersnews.cz\/index.php\/wp-json\/wp\/v2\/tags?post=29926"}],"curies":[{"name":"wp","href":"https:\/\/api.w.org\/{rel}","templated":true}]}}