{"id":30236,"date":"2023-03-16T06:25:09","date_gmt":"2023-03-16T06:25:09","guid":{"rendered":"https:\/\/www.automakersnews.cz\/?p=30236"},"modified":"2023-03-16T06:32:23","modified_gmt":"2023-03-16T06:32:23","slug":"skoda-ma-vyrocni-tiskovou-konferenci","status":"publish","type":"post","link":"https:\/\/www.automakersnews.cz\/index.php\/2023\/03\/16\/skoda-ma-vyrocni-tiskovou-konferenci\/","title":{"rendered":"\u0160koda m\u00e1 v\u00fdro\u010dn\u00ed tiskovou konferenci (VIDEO)"},"content":{"rendered":"<p class=\"c_dl g_fm\" data-dot=\"ogm-article-perex\"><strong>\u0160koda Auto chyst\u00e1 na 16. b\u0159ezna konferenci, na kter\u00e9 p\u0159edstav\u00ed finan\u010dn\u00ed v\u00fdsledky za rok 2022. Krom\u011b toho automobilka poskytne v\u00fdhled sv\u00e9ho dal\u0161\u00edho v\u00fdvoje. Tiskovku je <\/strong><strong>mo\u017en\u00e9 v 10:00 sledovat online.<\/strong><!--more--><\/p>\n<p class=\"c_dl g_fm\" data-dot=\"ogm-article-perex\">Automobilce v lo\u0148sk\u00e9m roce podle v\u00fdro\u010dn\u00ed zpr\u00e1vy koncernu VW v\u00fdrazn\u011b klesl provozn\u00ed zisk, kter\u00fd se meziro\u010dn\u011b propadl o 42 procent na 628 milion\u016f eur (14,9 miliardy K\u010d).<\/p>\n<p class=\"c_dl g_fm\" data-dot=\"ogm-article-perex\">Hlavn\u00edm d\u016fvodem poklesu je v\u00e1lka na Ukrajin\u011b. Ve v\u00fdsledkov\u00e9 zpr\u00e1v\u011b to uvedl koncern Volkswagen, mate\u0159sk\u00e1 spole\u010dnost \u0160kody Auto.<\/p>\n<p class=\"c_dl g_fm\" data-dot=\"ogm-article-perex\"><strong>Mladoboleslavsk\u00e1 automobilka loni sice zaznamenala r\u016fst tr\u017eeb, a to o 18,5 procenta na 21 miliard eur (499 miliard K\u010d), dal\u0161\u00ed finan\u010dn\u00ed v\u00fdsledky u\u017e ale nejsou tak valn\u00e9.<\/strong><\/p>\n<p data-dot=\"ogm-article-perex\">Ji\u017e d\u0159\u00edve \u0160koda Auto ozn\u00e1mila, \u017ee loni dodala z\u00e1kazn\u00edk\u016fm celosv\u011btov\u011b 731 300 voz\u016f, co\u017e bylo meziro\u010dn\u011b o 16,7 procenta m\u00e9n\u011b. Mohly za to p\u0159etrv\u00e1vaj\u00edc\u00ed nedostatek polovodi\u010d\u016f, v\u00e1lka na Ukrajin\u011b, pot\u00ed\u017ee v dodavatelsk\u00e9m \u0159et\u011bzci, rostouc\u00ed ceny energi\u00ed a surovin a pokra\u010duj\u00edc\u00ed nejistota na glob\u00e1ln\u00edch trz\u00edch.<\/p>\n<div class=\"ogm-container _6231b388c0086990921bf42b\">\n<div class=\"g_ft\" data-e2e=\"ogm-article-layout\">\n<article class=\"g_fv\" role=\"article\" aria-labelledby=\"accessibility-article\">\n<div class=\"g_fu\" data-dot=\"ogm-article-content\">\n<div class=\"e_df e_dr\">\n<div class=\"e_dl\" data-dot=\"mol-paragraph\">\n<p class=\"c_dl\"><span class=\"c_dD\">Nyn\u00ed Volkswagen ozn\u00e1mil, \u017ee \u0160koda Auto loni zaznamenala tak\u00e9 v\u00fdrazn\u011b ni\u017e\u0161\u00ed provozn\u00ed zisk, kter\u00fd jde na vrub rusko-ukrajinsk\u00e9mu konfliktu. Proti roku 2021 se provozn\u00ed zisk propadl z 1,1 miliardy eur (26,1 miliardy K\u010d) na ji\u017e zm\u00edn\u011bn\u00fdch 628 milion\u016f eur (14,9 miliardy K\u010d).<\/span><\/p>\n<\/div>\n<div class=\"e_eN js-ad e_a-\">\n<div class=\"e_dX\">\n<div class=\"e_d3\">Kv\u016fli v\u00e1lce na Ukrajin\u011b rozhodlo p\u0159edstavenstvo Volkswagenu hned v \u00fanoru 2022 o zastaven\u00ed v\u00fdroby v Rusku i v\u00fdvozu do Ruska na dobu neur\u010ditou. Toto rozhodnut\u00ed se t\u00fdk\u00e1 obou rusk\u00fdch z\u00e1vod\u016f, v Ni\u017en\u00edm Novgorodu a Kaluze.<\/div>\n<\/div>\n<\/div>\n<div class=\"e_dl\" data-dot=\"mol-paragraph\">\n<p class=\"c_dl\"><span class=\"c_dD\">Rusko p\u0159itom bylo v\u00a0roce 2021\u00a0pro \u0160kodu Auto druh\u00fdm nejv\u011bt\u0161\u00edm trhem. Automobilka tam celkem pak prodala p\u0159es 90\u00a0tis\u00edc voz\u016f.<\/span><\/p>\n<\/div>\n<div class=\"e_dl\" data-dot=\"mol-paragraph\">\n<p class=\"c_dl\"><span class=\"c_dD\">\u0160koda Auto krom\u011b \u010cesk\u00e9 republiky vyr\u00e1b\u00ed tak\u00e9 v\u00a0\u010c\u00edn\u011b, na Slovensku a\u00a0v Indii, v\u011bt\u0161inou prost\u0159ednictv\u00edm koncernov\u00fdch partnerstv\u00ed, d\u00e1le na Ukrajin\u011b a\u00a0v Kazachst\u00e1nu ve spolupr\u00e1ci s\u00a0lok\u00e1ln\u00edmi partnery. P\u016fsob\u00ed na v\u00edce ne\u017e 100\u00a0trz\u00edch. Loni ozn\u00e1mila, \u017ee vstupuje na vietnamsk\u00fd trh.<\/span><\/p>\n<p><img loading=\"lazy\" decoding=\"async\" class=\"alignnone size-full wp-image-9687\" src=\"http:\/\/www.automakersnews.cz\/wp-content\/uploads\/2022\/12\/skoda-small.jpg\" alt=\"\" width=\"627\" height=\"418\" srcset=\"https:\/\/www.automakersnews.cz\/wp-content\/uploads\/2022\/12\/skoda-small.jpg 627w, https:\/\/www.automakersnews.cz\/wp-content\/uploads\/2022\/12\/skoda-small-300x200.jpg 300w\" sizes=\"auto, (max-width: 627px) 100vw, 627px\" \/><\/p>\n<\/div>\n<div class=\"e_dl\" data-dot=\"mol-paragraph\">\n<p class=\"c_dl\"><span class=\"c_dD\">\u0160koda celosv\u011btov\u011b zam\u011bstn\u00e1v\u00e1 45\u00a0tis\u00edc lid\u00ed. V\u00a0sou\u010dasnosti nab\u00edz\u00ed z\u00e1kazn\u00edk\u016fm v\u00edce ne\u017e deset modelov\u00fdch \u0159ad: Fabia, Rapid, Scala, Octavia, Superb, Kamiq, Karoq, Kodiaq, Enyaq iV, Enyaq Coup\u00e9 iV, Slavia a\u00a0Kushaq.<\/span><\/p>\n<p><iframe loading=\"lazy\" title=\"V\u00fdro\u010dn\u00ed tiskov\u00e1 konference 2023 | \u0160KODA AUTO\" width=\"500\" height=\"281\" src=\"https:\/\/www.youtube.com\/embed\/usef2fDeP_M?feature=oembed\" frameborder=\"0\" allow=\"accelerometer; autoplay; clipboard-write; encrypted-media; gyroscope; picture-in-picture; web-share\" referrerpolicy=\"strict-origin-when-cross-origin\" allowfullscreen><\/iframe><\/p>\n<\/div>\n<\/div>\n<\/div>\n<\/article>\n<\/div>\n<\/div>\n","protected":false},"excerpt":{"rendered":"<div class=\"mh-excerpt\"><p>\u0160koda Auto chyst\u00e1 na 16. b\u0159ezna konferenci, na kter\u00e9 p\u0159edstav\u00ed finan\u010dn\u00ed v\u00fdsledky za rok 2022. Krom\u011b toho automobilka poskytne v\u00fdhled sv\u00e9ho dal\u0161\u00edho v\u00fdvoje. Tiskovku je <a class=\"mh-excerpt-more\" href=\"https:\/\/www.automakersnews.cz\/index.php\/2023\/03\/16\/skoda-ma-vyrocni-tiskovou-konferenci\/\" title=\"\u0160koda m\u00e1 v\u00fdro\u010dn\u00ed tiskovou konferenci (VIDEO)\">[&#8230;]<\/a><\/p>\n<\/div>","protected":false},"author":1,"featured_media":1524,"comment_status":"open","ping_status":"open","sticky":false,"template":"","format":"standard","meta":{"footnotes":""},"categories":[50],"tags":[],"class_list":["post-30236","post","type-post","status-publish","format-standard","has-post-thumbnail","hentry","category-vysledky"],"_links":{"self":[{"href":"https:\/\/www.automakersnews.cz\/index.php\/wp-json\/wp\/v2\/posts\/30236","targetHints":{"allow":["GET"]}}],"collection":[{"href":"https:\/\/www.automakersnews.cz\/index.php\/wp-json\/wp\/v2\/posts"}],"about":[{"href":"https:\/\/www.automakersnews.cz\/index.php\/wp-json\/wp\/v2\/types\/post"}],"author":[{"embeddable":true,"href":"https:\/\/www.automakersnews.cz\/index.php\/wp-json\/wp\/v2\/users\/1"}],"replies":[{"embeddable":true,"href":"https:\/\/www.automakersnews.cz\/index.php\/wp-json\/wp\/v2\/comments?post=30236"}],"version-history":[{"count":0,"href":"https:\/\/www.automakersnews.cz\/index.php\/wp-json\/wp\/v2\/posts\/30236\/revisions"}],"wp:featuredmedia":[{"embeddable":true,"href":"https:\/\/www.automakersnews.cz\/index.php\/wp-json\/wp\/v2\/media\/1524"}],"wp:attachment":[{"href":"https:\/\/www.automakersnews.cz\/index.php\/wp-json\/wp\/v2\/media?parent=30236"}],"wp:term":[{"taxonomy":"category","embeddable":true,"href":"https:\/\/www.automakersnews.cz\/index.php\/wp-json\/wp\/v2\/categories?post=30236"},{"taxonomy":"post_tag","embeddable":true,"href":"https:\/\/www.automakersnews.cz\/index.php\/wp-json\/wp\/v2\/tags?post=30236"}],"curies":[{"name":"wp","href":"https:\/\/api.w.org\/{rel}","templated":true}]}}