{"id":30241,"date":"2023-03-16T06:45:06","date_gmt":"2023-03-16T06:45:06","guid":{"rendered":"https:\/\/www.automakersnews.cz\/?p=30241"},"modified":"2023-03-16T07:44:17","modified_gmt":"2023-03-16T07:44:17","slug":"zikmund-ukazal-novinky-subaru-v-sosnove","status":"publish","type":"post","link":"https:\/\/www.automakersnews.cz\/index.php\/2023\/03\/16\/zikmund-ukazal-novinky-subaru-v-sosnove\/","title":{"rendered":"Zikmund uk\u00e1zal novinky Subaru v\u00a0Sosnov\u00e9"},"content":{"rendered":"<p><strong>\u0160\u00e9f Subaru \u010cR Zden\u011bk Zikmund p\u0159edvedl ve st\u0159edu 15. b\u0159ezna v are\u00e1lu autodromu Sosnov\u00e1 novou generaci sportovn\u00edho kup\u00e9 BRZ a sou\u010dasn\u011b sezn\u00e1mil p\u0159\u00edtomn\u00e9 novin\u00e1\u0159e s dosavadn\u00edmi v\u00fdsledky, ale tak\u00e9 s pl\u00e1ny na leto\u0161n\u00ed rok.<\/strong><!--more--><\/p>\n<p>V\u00a0ohl\u00e9dnut\u00ed za minul\u00fdm rokem uvedl, \u017ee zna\u010dka Subaru loni prodala ve sv\u011bt\u011b celkem 849 tis\u00edc automobil\u016f, z\u00a0toho v\u00a0Evrop\u011b 16\u00a0296 kus\u016f, co\u017e jsou jen necel\u00e9 dv\u011b procenta jej\u00ed produkce.<\/p>\n<p>Je proto docela pochopiteln\u00e9, \u017ee pro zna\u010dku Subaru nen\u00ed Evropa obchodn\u011b tak zaj\u00edmav\u00e1, jako Amerika, zvl\u00e1\u0161\u0165 kdy\u017e je\u0161t\u011b vezmeme v\u00a0\u00favahu, jak\u00e9 si EU diktuje, pro ni dost \u0161patn\u011b pochopiteln\u00e9 p\u0159edpisy.<\/p>\n<p>Vyv\u00edjet cokoli extra pro 2 % produkce nen\u00ed obchodn\u011b v\u016fbec zaj\u00edmav\u00e9. V\u00a0\u010cR bylo prod\u00e1no podle Subaru 615 kus\u016f nov\u00fdch automobil\u016f (podle registrac\u00ed SDA to bylo 644 kus\u016f).<\/p>\n<p>Jen pro ilustraci je \u010cesk\u00e1 republika v\u00a0evropsk\u00e9m \u017eeb\u0159\u00ed\u010dku prodej\u016f voz\u016f Subaru na 7 a\u017e 8 m\u00edst\u011b, p\u0159ed Polskem a zem\u011bmi Beneluxu. Vede N\u011bmecko, p\u0159ed \u0160v\u00e9dskem, It\u00e1li\u00ed, \u0160v\u00fdcarskem a Brit\u00e1ni\u00ed.<\/p>\n<figure id=\"attachment_30246\" aria-describedby=\"caption-attachment-30246\" style=\"width: 1024px\" class=\"wp-caption alignnone\"><img loading=\"lazy\" decoding=\"async\" class=\"size-large wp-image-30246\" src=\"http:\/\/www.automakersnews.cz\/wp-content\/uploads\/2023\/03\/Zikmund_Subaru_Sosnova-1024x610.jpg\" alt=\"\" width=\"1024\" height=\"610\" \/><figcaption id=\"caption-attachment-30246\" class=\"wp-caption-text\">20230315_122621<\/figcaption><\/figure>\n<p>Jak \u0159editel Zikmund uvedl, leto\u0161n\u00ed rok by mohl b\u00fdt pro zna\u010dku Subaru lep\u0161\u00edm ne\u017e minul\u00fd u\u017e proto, \u017ee p\u0159ich\u00e1z\u00ed s\u00a0dv\u011bma z\u00e1kaznicky zaj\u00edmav\u00fdmi novinkami.<\/p>\n<p><img loading=\"lazy\" decoding=\"async\" class=\"alignnone size-full wp-image-30084\" src=\"http:\/\/www.automakersnews.cz\/wp-content\/uploads\/2023\/03\/Akce-nabidla-moznost-srovnani-MY-2018-a-2023-2.jpeg\" alt=\"\" width=\"574\" height=\"383\" srcset=\"https:\/\/www.automakersnews.cz\/wp-content\/uploads\/2023\/03\/Akce-nabidla-moznost-srovnani-MY-2018-a-2023-2.jpeg 574w, https:\/\/www.automakersnews.cz\/wp-content\/uploads\/2023\/03\/Akce-nabidla-moznost-srovnani-MY-2018-a-2023-2-300x200.jpeg 300w\" sizes=\"auto, (max-width: 574px) 100vw, 574px\" \/><\/p>\n<p>Nejatraktivn\u011bj\u0161\u00ed je inovovan\u00e9 sportovn\u00ed kup\u00e9 BRZ, kter\u00e9 m\u011blo \u010deskou novin\u00e1\u0159skou premi\u00e9ru pr\u00e1v\u011b v Sosnov\u00e9. O mimo\u0159\u00e1dn\u011b velk\u00e9m z\u00e1jmu nat\u011b\u0161en\u00fdch z\u00e1kazn\u00edk\u016f sv\u011bd\u010d\u00ed 191 z\u00e1jemc\u016f, kte\u0159\u00ed si tento v\u016fz u\u017e p\u0159edb\u011b\u017en\u011b objednali, ale mo\u017enosti dod\u00e1vek jsou zna\u010dn\u011b limitovan\u00e9 a je ot\u00e1zkou, zda se nov\u00e9ho BRZu letos do\u010dk\u00e1 pades\u00e1t \u010di mo\u017en\u00e1 n\u011bco p\u0159es 80 \u0161\u0165astlivc\u016f.<\/p>\n<figure id=\"attachment_30247\" aria-describedby=\"caption-attachment-30247\" style=\"width: 1024px\" class=\"wp-caption alignnone\"><img loading=\"lazy\" decoding=\"async\" class=\"size-large wp-image-30247\" src=\"http:\/\/www.automakersnews.cz\/wp-content\/uploads\/2023\/03\/Subaru_Brz-1024x622.jpg\" alt=\"\" width=\"1024\" height=\"622\" \/><figcaption id=\"caption-attachment-30247\" class=\"wp-caption-text\">20230315_150403<\/figcaption><\/figure>\n<p>Za nedlouho se objev\u00ed u dealer\u016f Subaru tak\u00e9 nov\u00fd model Crosstrek, kter\u00fd nahrad\u00ed dosavadn\u00ed model XV a m\u011bl by p\u0159isp\u011bt k v\u00fdrazn\u011bj\u0161\u00edmu n\u00e1r\u016fstu prodej\u016f.<\/p>\n<p><img loading=\"lazy\" decoding=\"async\" class=\"alignnone size-full wp-image-30086\" src=\"http:\/\/www.automakersnews.cz\/wp-content\/uploads\/2023\/03\/Subaru-Outback-a-Soltera-2.jpeg\" alt=\"\" width=\"575\" height=\"383\" srcset=\"https:\/\/www.automakersnews.cz\/wp-content\/uploads\/2023\/03\/Subaru-Outback-a-Soltera-2.jpeg 575w, https:\/\/www.automakersnews.cz\/wp-content\/uploads\/2023\/03\/Subaru-Outback-a-Soltera-2-300x200.jpeg 300w\" sizes=\"auto, (max-width: 575px) 100vw, 575px\" \/><\/p>\n<p>Leto\u0161n\u00ed nab\u00eddka zna\u010dky Subaru p\u0159edstavuje celkem pestr\u00fd v\u00fdb\u011br \u2013 v\u00a0prvn\u00edm pololet\u00ed je\u0161t\u011b doprodej modelu XV, pak zn\u00e1m\u00e9 bestselery Forester a Outback, pln\u011b elektrickou Solteru EV a ji\u017e zm\u00edn\u011bn\u00e9 novinky BRZ a Crosstrek. Pl\u00e1n po\u010d\u00edt\u00e1 s\u00a0leto\u0161n\u00edm odbytem cca 970 voz\u016f.<\/p>\n<p>Hv\u011bzda prezentace, \u010dist\u011b sportovn\u00ed 2+2m\u00edstn\u00e9 kup\u00e9 BRZ p\u0159edstavuje cenov\u011b atraktivn\u00ed v\u016fz, kter\u00fd nab\u00eddne sv\u00fdm u\u017eivatel\u016fm jedine\u010dn\u00e9 z\u00e1\u017eitky, d\u00edky v\u00fdkonn\u00e9mu motoru poh\u00e1n\u011bj\u00edmu zadn\u00ed kola. \u010cty\u0159v\u00e1lcov\u00fd boxer 2,4 l s\u00a0v\u00fdkonem 234 k, kombinovan\u00fd se\u00a0\u0161estistup\u0148ovou mechanickou nebo automatickou p\u0159evodovkou umo\u017e\u0148uje dosahovat zrychlen\u00ed z\u00a00 na 100 km\/h za 6,3 s\u00a0a nejv\u011bt\u0161\u00ed rychlost 226 km\/h.<\/p>\n<p><img loading=\"lazy\" decoding=\"async\" class=\"alignnone size-full wp-image-30088\" src=\"http:\/\/www.automakersnews.cz\/wp-content\/uploads\/2023\/03\/Subaru-BRZ-MY-2023-2.jpeg\" alt=\"\" width=\"575\" height=\"383\" srcset=\"https:\/\/www.automakersnews.cz\/wp-content\/uploads\/2023\/03\/Subaru-BRZ-MY-2023-2.jpeg 575w, https:\/\/www.automakersnews.cz\/wp-content\/uploads\/2023\/03\/Subaru-BRZ-MY-2023-2-300x200.jpeg 300w\" sizes=\"auto, (max-width: 575px) 100vw, 575px\" \/><\/p>\n<p>Chloubou BRZu jsou n\u00edzk\u00e9 t\u011b\u017ei\u0161t\u011b, rozlo\u017een\u00ed hmotnosti na ob\u011b n\u00e1pravy a mimo\u0159\u00e1dn\u00e9 j\u00edzdn\u00ed vlastnosti. Nechyb\u00ed mu ani bohat\u00e1 bezpe\u010dnostn\u00ed v\u00fdbava, stejn\u011b jako asisten\u010dn\u00ed syst\u00e9my a multimedi\u00e1ln\u00ed syst\u00e9m.<\/p>\n<p><strong>Ceny od milionu korun<\/strong><\/p>\n<p>Cena za\u010d\u00edn\u00e1 u verze Limited na 1 030 000 K\u010d, s automatickou p\u0159evodovkou o 50 tis\u00edc v\u00fd\u0161 a paket STI p\u0159ijde na 60 500 K\u010d. Krom\u011b prodlou\u017een\u00e9 z\u00e1ruky se za nic dal\u0161\u00edho u\u017e nep\u0159ipl\u00e1c\u00ed.<\/p>\n<p><img loading=\"lazy\" decoding=\"async\" class=\"alignnone size-full wp-image-30085\" src=\"http:\/\/www.automakersnews.cz\/wp-content\/uploads\/2023\/03\/Subaru-tiskovka-predsatveni-BRZ-MY-2023-2.jpeg\" alt=\"\" width=\"574\" height=\"383\" srcset=\"https:\/\/www.automakersnews.cz\/wp-content\/uploads\/2023\/03\/Subaru-tiskovka-predsatveni-BRZ-MY-2023-2.jpeg 574w, https:\/\/www.automakersnews.cz\/wp-content\/uploads\/2023\/03\/Subaru-tiskovka-predsatveni-BRZ-MY-2023-2-300x200.jpeg 300w\" sizes=\"auto, (max-width: 574px) 100vw, 574px\" \/><\/p>\n<p><strong>Karel Ber\u00e1nek, Sosnov\u00e1, FOTO: Lud\u011bk Kortus a autor\u00a0<\/strong><\/p>\n","protected":false},"excerpt":{"rendered":"<div class=\"mh-excerpt\"><p>\u0160\u00e9f Subaru \u010cR Zden\u011bk Zikmund p\u0159edvedl ve st\u0159edu 15. b\u0159ezna v are\u00e1lu autodromu Sosnov\u00e1 novou generaci sportovn\u00edho kup\u00e9 BRZ a sou\u010dasn\u011b sezn\u00e1mil p\u0159\u00edtomn\u00e9 novin\u00e1\u0159e s <a class=\"mh-excerpt-more\" href=\"https:\/\/www.automakersnews.cz\/index.php\/2023\/03\/16\/zikmund-ukazal-novinky-subaru-v-sosnove\/\" title=\"Zikmund uk\u00e1zal novinky Subaru v\u00a0Sosnov\u00e9\">[&#8230;]<\/a><\/p>\n<\/div>","protected":false},"author":1,"featured_media":30087,"comment_status":"open","ping_status":"open","sticky":false,"template":"","format":"standard","meta":{"footnotes":""},"categories":[44,29],"tags":[],"class_list":["post-30241","post","type-post","status-publish","format-standard","has-post-thumbnail","hentry","category-ceny-novinek","category-tiskovky"],"_links":{"self":[{"href":"https:\/\/www.automakersnews.cz\/index.php\/wp-json\/wp\/v2\/posts\/30241","targetHints":{"allow":["GET"]}}],"collection":[{"href":"https:\/\/www.automakersnews.cz\/index.php\/wp-json\/wp\/v2\/posts"}],"about":[{"href":"https:\/\/www.automakersnews.cz\/index.php\/wp-json\/wp\/v2\/types\/post"}],"author":[{"embeddable":true,"href":"https:\/\/www.automakersnews.cz\/index.php\/wp-json\/wp\/v2\/users\/1"}],"replies":[{"embeddable":true,"href":"https:\/\/www.automakersnews.cz\/index.php\/wp-json\/wp\/v2\/comments?post=30241"}],"version-history":[{"count":0,"href":"https:\/\/www.automakersnews.cz\/index.php\/wp-json\/wp\/v2\/posts\/30241\/revisions"}],"wp:featuredmedia":[{"embeddable":true,"href":"https:\/\/www.automakersnews.cz\/index.php\/wp-json\/wp\/v2\/media\/30087"}],"wp:attachment":[{"href":"https:\/\/www.automakersnews.cz\/index.php\/wp-json\/wp\/v2\/media?parent=30241"}],"wp:term":[{"taxonomy":"category","embeddable":true,"href":"https:\/\/www.automakersnews.cz\/index.php\/wp-json\/wp\/v2\/categories?post=30241"},{"taxonomy":"post_tag","embeddable":true,"href":"https:\/\/www.automakersnews.cz\/index.php\/wp-json\/wp\/v2\/tags?post=30241"}],"curies":[{"name":"wp","href":"https:\/\/api.w.org\/{rel}","templated":true}]}}