{"id":305,"date":"2022-07-25T17:26:32","date_gmt":"2022-07-25T17:26:32","guid":{"rendered":"http:\/\/www.automakersnews.cz\/?p=305"},"modified":"2022-07-25T17:26:32","modified_gmt":"2022-07-25T17:26:32","slug":"diessuv-konec-v-cele-vw-byl-planovany-narychlo","status":"publish","type":"post","link":"https:\/\/www.automakersnews.cz\/index.php\/2022\/07\/25\/diessuv-konec-v-cele-vw-byl-planovany-narychlo\/","title":{"rendered":"Diess\u016fv konec v \u010dele VW byl pl\u00e1novan\u00fd narychlo"},"content":{"rendered":"<p><strong>Odvol\u00e1n\u00ed \u0161\u00e9fa koncernu Volkswagen Herberta Diesse se za\u010dalo rodit v hlav\u00e1ch \u010dlen\u016f p\u0159edsednictva dozor\u010d\u00ed rady v dob\u011b, kdy Diess byl na slu\u017eebn\u00ed cest\u011b v USA. Tvrd\u00ed to web Automotive News Europe, kter\u00fd se odkazuje na nejmenovan\u00e9 d\u016fv\u011bryhodn\u00e9 zdroje. V\u0161echno \u00fadajn\u011b trvalo jen p\u00e1r dn\u00ed. Mana\u017eer z\u016fstane u koncernu jako poradce.<\/strong><!--more--><\/p>\n<div class=\"g_c9\">\n<p class=\"d_da\">Zd\u00e1nliv\u011b p\u0159ekvapiv\u00e9 zm\u011bny v nejvy\u0161\u0161\u00edch patrech veden\u00ed koncernu Volkswagen a automobilek v n\u011bm sdru\u017een\u00fdch nejsou zrovna v\u00fdjimkou. P\u0159esto zp\u016fsob, jak\u00fdm skon\u010dil gener\u00e1ln\u00ed \u0159editel cel\u00e9ho koncernu Herbert Diess, nen\u00ed zrovna obvykl\u00fd.<\/p>\n<\/div>\n<div class=\"g_c9\">\n<p class=\"d_da\">Akt\u00e9\u0159i ho toti\u017e, dle webu Automotive News Europe, kter\u00fd se odkazuje na agenturu Bloomberg, za\u010dali pl\u00e1novat za jeho z\u00e1dy &#8211; v dob\u011b, kdy byl na slu\u017eebn\u00ed cest\u011b v USA. A nav\u00edc bylo v\u0161echno pon\u011bkud narychlo.<\/p>\n<div class=\"g_c9\">\n<p class=\"d_da\">Rodinn\u00fd klan Porsche-Pi\u00ebch, kter\u00fd dr\u017e\u00ed v\u011bt\u0161inu akci\u00ed koncernu Volkswagen a tak\u00e9 \u0159adu pozic v jeho dozor\u010d\u00ed rad\u011b, za Diessem v\u017edy st\u00e1l. To Diessovi pomohlo p\u0159ekonat \u0159adu neshod se z\u00e1stupci odbor\u016f, kte\u0159\u00ed maj\u00ed v dozor\u010d\u00ed rad\u011b tak\u00e9 siln\u00e9 zastoupen\u00ed.<\/p>\n<\/div>\n<div class=\"g_c9\">\n<p class=\"d_da\">Posledn\u00ed dobou ale podpora ochabovala. O v\u00edkendu 16. a 17. \u010dervence m\u011bly za\u010d\u00edt v osmi\u010dlenn\u00e9m p\u0159edsednictvu dozor\u010d\u00ed rady debaty o tom, jestli by nebyl vhodn\u00fd term\u00edn Diesse nahradit, zat\u00edmco je v USA.<\/p>\n<\/div>\n<div class=\"g_c9\">\n<p class=\"d_da\">D\u016fle\u017eit\u00fdm dnem m\u011bla b\u00fdt st\u0159eda 20. \u010dervence &#8211; tehdy \u00fadajn\u011b padlo nap\u0159\u00ed\u010d dozor\u010d\u00ed radou rozhodnut\u00ed, \u017ee Diess mus\u00ed pry\u010d. A tak\u00e9, \u017ee vhodn\u00fdm n\u00e1stupcem bude Oliver Blume, kter\u00fd vede zna\u010dku Porsche od roku 2015.<\/p>\n<\/div>\n<div class=\"g_c9\">\n<p class=\"d_da\">Dozor\u010d\u00ed rada podle serveru sv\u00e9 rozhodnut\u00ed sd\u011blila Diessovi 21. \u010dervence, jen p\u00e1r hodin pot\u00e9, co se vr\u00e1til ze Spojen\u00fdch st\u00e1t\u016f. Dala mu 24 hodin na reakci a on po porad\u011b s pr\u00e1vn\u00edky souhlasil, \u017ee ke konci srpna odstoup\u00ed a p\u0159ed\u00e1 funkci Blumemu.<\/p>\n<\/div>\n<div class=\"g_c9\">\n<p class=\"d_da\">Neodch\u00e1z\u00ed v\u0161ak zcela a nejsp\u00ed\u0161 ani ve zl\u00e9m &#8211; z\u016fstane pro koncern Volkswagen poradcem, p\u00ed\u0161e agentura DPA s odvol\u00e1n\u00edm na nejmenovan\u00e9 zdroje. Diess m\u011bl uzav\u0159enou pracovn\u00ed smlouvu do podzimu 2025 a podle zdroj\u016f z\u016fstane v podniku a\u017e do jej\u00edho konce. Bude d\u00e1l pob\u00edrat mzdu.<\/p>\n<div class=\"h_gu\" data-dot=\"objekt_v_textu\">\n<article class=\"h_gv\" role=\"article\" aria-labelledby=\"accessibility-article\">\n<div class=\"h_gz\" data-dot-data=\"{&quot;component&quot;:&quot;article-content&quot;}\">\n<div class=\"g_d8\">\n<div class=\"g_c9\">\n<p class=\"d_da\">Diess p\u0159i\u0161el do koncernu VW v l\u00e9t\u011b roku 2015 jako \u0161\u00e9f zna\u010dky Volkswagen. Tehdej\u0161\u00ed gener\u00e1ln\u00ed \u0159editel koncernu Martin Winterkorn mu dal za \u00fakol b\u011bhem dvou let uspo\u0159it 5 miliard eur ro\u010dn\u011b. Pr\u00e1v\u011b za jeho veden\u00ed, v z\u00e1\u0159\u00ed 2015, se provalil emisn\u00ed skand\u00e1l koncernu VW v USA, kter\u00fd pozd\u011bji vstoupil do d\u011bjin jako Dieselgate.<\/p>\n<\/div>\n<div class=\"g_c9\">\n<p class=\"d_da\">V prosinci lo\u0148sk\u00e9ho roku Volkswagen pozm\u011bnil p\u0159edstavenstvo. Diess tehdy p\u0159i\u0161el o \u010d\u00e1st odpov\u011bdnosti, ov\u0161em dostal na starost veden\u00ed softwarov\u00e9 divize Cariad. Probl\u00e9my v jej\u00edm r\u00e1mci v\u0161ak odsunuly uveden\u00ed nov\u00e9, elektrick\u00e9 generace Porsche Macan na trh.<\/p>\n<\/div>\n<div class=\"g_c9\">\n<p class=\"d_da\">Diess se \u010dasto dost\u00e1val do spor\u016f s odborov\u00fdmi p\u0159ed\u00e1ky Volkswagenu, kte\u0159\u00ed v dozor\u010d\u00ed rad\u011b maj\u00ed polovinu hlas\u016f. Podle slov webu Automotive News Europe se v\u0161ak zd\u00e1, \u017ee pro jeho konec hovo\u0159ila siln\u011bji nespokojenost rodin Porsche a Pi\u00ebch\u016f s v\u00fdsledky Diessov\u00fdch multimiliardov\u00fdch investic do softwaru a elektromobil\u016f.<\/p>\n<\/div>\n<\/div>\n<\/div>\n<\/article>\n<\/div>\n<div class=\"h_f1\">\n<div class=\"h_f6\">\n<div class=\"h_f4\">\n<div class=\"d_Y\"><iframe src=\"about:0.17937509618928016\" data-mce-fragment=\"1\"><\/iframe><\/div>\n<\/div>\n<p><a class=\"d_a7 d_R h_f5\" href=\"https:\/\/www.novinky.cz\/auto\/diskuze\/diessuv-konec-v-cele-koncernu-vw-byl-planovany-narychlo-behem-jeho-sluzebni-cesty-40403919\" data-dot=\"atm-seznam-discussion-link\"><span class=\"atm-seznam-discussion-link__text\">Diskuze<\/span><span class=\"d_T\">17<\/span><\/a><\/div>\n<div class=\"h_f7\">\n<div class=\"h_f9\">Sd\u00edlejte\u00a0<span class=\"h_ga\">\u010dl\u00e1nek<\/span><\/div>\n<div class=\"g_ar h_f8\" data-dot=\"mol-social-share-buttons\"><\/div>\n<\/div>\n<div class=\"d_J h_f2\" data-dot=\"atm-info-bubble\"><a class=\"d_a7 d_K\" href=\"https:\/\/www.novinky.cz\/auto\/diskuze\/diessuv-konec-v-cele-koncernu-vw-byl-planovany-narychlo-behem-jeho-sluzebni-cesty-40403919\" data-dot=\"atm-info-bubble__inside\"><span class=\"d_M\">Vstoupit do diskuze<\/span><\/a><\/div>\n<\/div>\n<div class=\"h_fB h_fN h_ju\">\n<div class=\"h_an\">\n<div class=\"g_al js-ad\">\n<div class=\"g_an\" data-e2e-zoneid=\"191546\" data-e2e=\"mol-advert\" data-e2e-advert=\"RENDERED\">\n<p class=\"d_da d_am atm-paragraph-align-right\">REKLAMA<\/p>\n<div class=\"k_jC\">\n<div id=\"sznssp-191546-1\" class=\"g_ak adFull\">\n<div class=\"sssp-posCont\"><\/div>\n<\/div>\n<\/div>\n<\/div>\n<\/div>\n<\/div>\n<\/div>\n<\/div>\n<\/div>\n","protected":false},"excerpt":{"rendered":"<div class=\"mh-excerpt\"><p>Odvol\u00e1n\u00ed \u0161\u00e9fa koncernu Volkswagen Herberta Diesse se za\u010dalo rodit v hlav\u00e1ch \u010dlen\u016f p\u0159edsednictva dozor\u010d\u00ed rady v dob\u011b, kdy Diess byl na slu\u017eebn\u00ed cest\u011b v USA. <a class=\"mh-excerpt-more\" href=\"https:\/\/www.automakersnews.cz\/index.php\/2022\/07\/25\/diessuv-konec-v-cele-vw-byl-planovany-narychlo\/\" title=\"Diess\u016fv konec v \u010dele VW byl pl\u00e1novan\u00fd narychlo\">[&#8230;]<\/a><\/p>\n<\/div>","protected":false},"author":1,"featured_media":256,"comment_status":"open","ping_status":"open","sticky":false,"template":"","format":"standard","meta":{"footnotes":""},"categories":[1],"tags":[],"class_list":["post-305","post","type-post","status-publish","format-standard","has-post-thumbnail","hentry","category-uncategorized"],"_links":{"self":[{"href":"https:\/\/www.automakersnews.cz\/index.php\/wp-json\/wp\/v2\/posts\/305","targetHints":{"allow":["GET"]}}],"collection":[{"href":"https:\/\/www.automakersnews.cz\/index.php\/wp-json\/wp\/v2\/posts"}],"about":[{"href":"https:\/\/www.automakersnews.cz\/index.php\/wp-json\/wp\/v2\/types\/post"}],"author":[{"embeddable":true,"href":"https:\/\/www.automakersnews.cz\/index.php\/wp-json\/wp\/v2\/users\/1"}],"replies":[{"embeddable":true,"href":"https:\/\/www.automakersnews.cz\/index.php\/wp-json\/wp\/v2\/comments?post=305"}],"version-history":[{"count":0,"href":"https:\/\/www.automakersnews.cz\/index.php\/wp-json\/wp\/v2\/posts\/305\/revisions"}],"wp:featuredmedia":[{"embeddable":true,"href":"https:\/\/www.automakersnews.cz\/index.php\/wp-json\/wp\/v2\/media\/256"}],"wp:attachment":[{"href":"https:\/\/www.automakersnews.cz\/index.php\/wp-json\/wp\/v2\/media?parent=305"}],"wp:term":[{"taxonomy":"category","embeddable":true,"href":"https:\/\/www.automakersnews.cz\/index.php\/wp-json\/wp\/v2\/categories?post=305"},{"taxonomy":"post_tag","embeddable":true,"href":"https:\/\/www.automakersnews.cz\/index.php\/wp-json\/wp\/v2\/tags?post=305"}],"curies":[{"name":"wp","href":"https:\/\/api.w.org\/{rel}","templated":true}]}}