{"id":3100,"date":"2022-11-13T20:42:35","date_gmt":"2022-11-13T20:42:35","guid":{"rendered":"https:\/\/www.automakersnews.cz\/?p=3100"},"modified":"2022-11-13T20:42:35","modified_gmt":"2022-11-13T20:42:35","slug":"bmw-i4-flotilovym-elektroautem-2022","status":"publish","type":"post","link":"https:\/\/www.automakersnews.cz\/index.php\/2022\/11\/13\/bmw-i4-flotilovym-elektroautem-2022\/","title":{"rendered":"BMW i4 Flotilov\u00fdm elektroautem 2022"},"content":{"rendered":"<p><strong>BMW i4 bodovalo v\u00a0 anket\u011b Flotila roku 2022 \u010dasopisu Flotila, kdy\u017e zv\u00edt\u011bzilo v kategorii Flotilov\u00e9 elektroauto roku. Porazilo 12 dal\u0161\u00edch nominovan\u00fdch \u010dist\u011b elektrick\u00fdch model\u016f.. Kdo vybral v\u00edt\u011bze?<br \/>\n<\/strong><!--more--><\/p>\n<p>V\u00edt\u011bze vybralo na 150 fleetov\u00fdch mana\u017eer\u016f \u010desk\u00fdch firem, kte\u0159\u00ed se z\u00fa\u010dastnili testovac\u00edch j\u00edzd po\u0159\u00e1dan\u00fdch v z\u00e1\u0159\u00ed magaz\u00ednem Flotila v Hradci Kr\u00e1lov\u00e9.<\/p>\n<p>Partnerem leto\u0161n\u00edho 19. ro\u010dn\u00edku ankety Flotila roku 2022 je spole\u010dnost \u010cEZ ESCO. Ocen\u011bn\u00ed pro BMW i4 tak bylo p\u0159ed\u00e1no na st\u00e1nku spole\u010dnosti \u010cEZ v r\u00e1mci leto\u0161n\u00edho veletrhu \u010dist\u00e9 mobility e-SALON. Zde bylo tak\u00e9 do 13. listopadu 2022 vystaveno.<\/p>\n","protected":false},"excerpt":{"rendered":"<div class=\"mh-excerpt\"><p>BMW i4 bodovalo v\u00a0 anket\u011b Flotila roku 2022 \u010dasopisu Flotila, kdy\u017e zv\u00edt\u011bzilo v kategorii Flotilov\u00e9 elektroauto roku. Porazilo 12 dal\u0161\u00edch nominovan\u00fdch \u010dist\u011b elektrick\u00fdch model\u016f.. Kdo <a class=\"mh-excerpt-more\" href=\"https:\/\/www.automakersnews.cz\/index.php\/2022\/11\/13\/bmw-i4-flotilovym-elektroautem-2022\/\" title=\"BMW i4 Flotilov\u00fdm elektroautem 2022\">[&#8230;]<\/a><\/p>\n<\/div>","protected":false},"author":1,"featured_media":3101,"comment_status":"open","ping_status":"open","sticky":false,"template":"","format":"standard","meta":{"footnotes":""},"categories":[7,22],"tags":[],"class_list":["post-3100","post","type-post","status-publish","format-standard","has-post-thumbnail","hentry","category-ankety","category-elektromobily"],"_links":{"self":[{"href":"https:\/\/www.automakersnews.cz\/index.php\/wp-json\/wp\/v2\/posts\/3100","targetHints":{"allow":["GET"]}}],"collection":[{"href":"https:\/\/www.automakersnews.cz\/index.php\/wp-json\/wp\/v2\/posts"}],"about":[{"href":"https:\/\/www.automakersnews.cz\/index.php\/wp-json\/wp\/v2\/types\/post"}],"author":[{"embeddable":true,"href":"https:\/\/www.automakersnews.cz\/index.php\/wp-json\/wp\/v2\/users\/1"}],"replies":[{"embeddable":true,"href":"https:\/\/www.automakersnews.cz\/index.php\/wp-json\/wp\/v2\/comments?post=3100"}],"version-history":[{"count":0,"href":"https:\/\/www.automakersnews.cz\/index.php\/wp-json\/wp\/v2\/posts\/3100\/revisions"}],"wp:featuredmedia":[{"embeddable":true,"href":"https:\/\/www.automakersnews.cz\/index.php\/wp-json\/wp\/v2\/media\/3101"}],"wp:attachment":[{"href":"https:\/\/www.automakersnews.cz\/index.php\/wp-json\/wp\/v2\/media?parent=3100"}],"wp:term":[{"taxonomy":"category","embeddable":true,"href":"https:\/\/www.automakersnews.cz\/index.php\/wp-json\/wp\/v2\/categories?post=3100"},{"taxonomy":"post_tag","embeddable":true,"href":"https:\/\/www.automakersnews.cz\/index.php\/wp-json\/wp\/v2\/tags?post=3100"}],"curies":[{"name":"wp","href":"https:\/\/api.w.org\/{rel}","templated":true}]}}