{"id":31093,"date":"2023-03-22T07:06:42","date_gmt":"2023-03-22T07:06:42","guid":{"rendered":"https:\/\/www.automakersnews.cz\/?p=31093"},"modified":"2023-03-22T07:06:42","modified_gmt":"2023-03-22T07:06:42","slug":"karvinsky-jakl-s-produktovou-inovaci","status":"publish","type":"post","link":"https:\/\/www.automakersnews.cz\/index.php\/2023\/03\/22\/karvinsky-jakl-s-produktovou-inovaci\/","title":{"rendered":"Karvinsk\u00fd J\u00e4kl s produktovou inovac\u00ed"},"content":{"rendered":"<p><strong>Sou\u010dasn\u00e1 situace v evropsk\u00e9m a sv\u011btov\u00e9m ocel\u00e1\u0159stv\u00ed je st\u00e1le napjat\u00e1. D\u016fvodem jsou vysok\u00e9 ceny energi\u00ed a velk\u00e1 nejistota hlavn\u011b na automotive trz\u00edch na stran\u011b dodavatel\u016f i z\u00e1kazn\u00edk\u016f. <\/strong><!--more--><\/p>\n<p>ArcelorMittal Tubular Products Karvin\u00e1 se letos v\u00edce zam\u011b\u0159\u00ed na v\u00fdrobu produkt\u016f s vy\u0161\u0161\u00ed p\u0159idanou hodnotou a tak\u00e9 bude pokra\u010dovat ve sni\u017eov\u00e1n\u00ed energetick\u00e9 n\u00e1ro\u010dnosti v\u00fdroby.<\/p>\n<p>Turbulentn\u00ed a t\u011b\u017eko p\u0159edv\u00eddateln\u00fd v\u00fdvoj na evropsk\u00fdch a sv\u011btov\u00fdch trz\u00edch v ocel\u00e1\u0159sk\u00e9m odv\u011btv\u00ed v\u00fdznamn\u011b ovliv\u0148uje v\u00fdrobu trubek a profil\u016f ve spole\u010dnosti ArcelorMittal Tubular Products Karvin\u00e1, kter\u00e1 situaci pr\u016fb\u011b\u017en\u011b p\u0159izp\u016fsobuje vlastn\u00ed v\u00fdrobn\u00ed a obchodn\u00ed strategii.<\/p>\n<p>\u201eLetos chceme v\u00fdrazn\u011b nav\u00fd\u0161it pod\u00edl produkt\u016f s vy\u0161\u0161\u00ed p\u0159idanou hodnotou. Jedn\u00e1 se nap\u0159\u00edklad o trubky pro tlakov\u00e1 za\u0159\u00edzen\u00ed, a to zejm\u00e9na v lakovan\u00e9m proveden\u00ed. Spolu s dal\u0161\u00edmi opat\u0159en\u00edmi pro zv\u00fd\u0161en\u00ed efektivity v\u00fdroby t\u00edm reagujeme na kol\u00eds\u00e1n\u00ed popt\u00e1vek na trhu b\u011bhem roku,\u201c uv\u00e1d\u00ed Ren\u00e9 Fabik, gener\u00e1ln\u00ed \u0159editel spole\u010dnosti ArcelorMittal Tubular Products Karvin\u00e1.<\/p>\n<p><img loading=\"lazy\" decoding=\"async\" class=\"alignnone wp-image-31095\" src=\"http:\/\/www.automakersnews.cz\/wp-content\/uploads\/2023\/03\/ArcelorMittal-Tubular-Products-Karvina_small-2-300x225.jpg\" alt=\"\" width=\"907\" height=\"680\" srcset=\"https:\/\/www.automakersnews.cz\/wp-content\/uploads\/2023\/03\/ArcelorMittal-Tubular-Products-Karvina_small-2-300x225.jpg 300w, https:\/\/www.automakersnews.cz\/wp-content\/uploads\/2023\/03\/ArcelorMittal-Tubular-Products-Karvina_small-2-1024x768.jpg 1024w, https:\/\/www.automakersnews.cz\/wp-content\/uploads\/2023\/03\/ArcelorMittal-Tubular-Products-Karvina_small-2-768x576.jpg 768w, https:\/\/www.automakersnews.cz\/wp-content\/uploads\/2023\/03\/ArcelorMittal-Tubular-Products-Karvina_small-2-1536x1152.jpg 1536w, https:\/\/www.automakersnews.cz\/wp-content\/uploads\/2023\/03\/ArcelorMittal-Tubular-Products-Karvina_small-2-678x509.jpg 678w, https:\/\/www.automakersnews.cz\/wp-content\/uploads\/2023\/03\/ArcelorMittal-Tubular-Products-Karvina_small-2-326x245.jpg 326w, https:\/\/www.automakersnews.cz\/wp-content\/uploads\/2023\/03\/ArcelorMittal-Tubular-Products-Karvina_small-2-80x60.jpg 80w, https:\/\/www.automakersnews.cz\/wp-content\/uploads\/2023\/03\/ArcelorMittal-Tubular-Products-Karvina_small-2.jpg 1843w\" sizes=\"auto, (max-width: 907px) 100vw, 907px\" \/><\/p>\n<p>V\u00fdrobce ocelov\u00fdch trubek a profil\u016f J\u00e4kl pat\u0159\u00ed k pr\u016fmyslov\u00fdm provoz\u016fm, kter\u00fdm se v\u00fdrazn\u011b nav\u00fd\u0161ily n\u00e1klady na energie v pr\u016fb\u011bhu minul\u00e9ho roku a z\u00e1sadn\u011b tak ovlivnily podnik\u00e1n\u00ed a ekonomick\u00e9 v\u00fdsledky karvinsk\u00e9 spole\u010dnosti. Ve srovn\u00e1n\u00ed s pr\u016fm\u011brn\u00fdmi n\u00e1klady v p\u0159ede\u0161l\u00fdch letech narostly spole\u010dnosti ArcelorMittal Tubular Products Karvin\u00e1 v roce 2022 n\u00e1klady na energie o v\u00edce ne\u017e 110 %.<\/p>\n<p>\u201eV\u00fdvoj cen energi\u00ed bude i v leto\u0161n\u00edm roce velkou nezn\u00e1mou. Abychom dok\u00e1zali sn\u00ed\u017eit negativn\u00ed dopady v\u00fdkyv\u016f cen energi\u00ed, mus\u00edme pokra\u010dovat v \u00fasporn\u00fdch opat\u0159en\u00edch. Instalujeme \u00fasporn\u00e9 osv\u011btlen\u00ed v provozu, hled\u00e1me efektivn\u011bj\u0161\u00ed zp\u016fsoby vyt\u00e1p\u011bn\u00ed, jako jsou kondenza\u010dn\u00ed kotle nebo teplovzdu\u0161n\u00e9 jednotky,\u201c \u0159\u00edk\u00e1 Ren\u00e9 Fabik a dod\u00e1v\u00e1: \u201eSni\u017eov\u00e1n\u00ed energetick\u00e9 n\u00e1ro\u010dnosti v\u00fdroby m\u00e1 tak\u00e9 p\u0159\u00edm\u00fd vliv na omezov\u00e1n\u00ed vlivu v\u00fdroby na \u017eivotn\u00ed prost\u0159ed\u00ed. Nap\u0159\u00edklad se n\u00e1m poda\u0159ilo meziro\u010dn\u011b sn\u00ed\u017eit emise CO2 o 37 %.\u201c<\/p>\n<p>Karvinsk\u00fd v\u00fdrobn\u00ed z\u00e1vod je rozd\u011blen\u00fd na dv\u011b strategick\u00e9 obchodn\u00ed jednotky. Ve SBU Mechanical, kter\u00e1 vyr\u00e1b\u00ed trubky a profily pro konstruk\u010dn\u00ed a stroj\u00edrensk\u00e9 \u00fa\u010dely, se zat\u00edm v prvn\u00edm kvart\u00e1le 2023 da\u0159\u00ed napl\u0148ovat v\u00fdrobn\u00ed a obchodn\u00ed pl\u00e1ny. Obt\u00ed\u017en\u011bj\u0161\u00ed je situace ve SBU Automotive, kter\u00e1 dod\u00e1v\u00e1 trubky a profily zejm\u00e9na pro automobilov\u00fd pr\u016fmysl. \u201eZa pl\u00e1novan\u00fdm objemem zak\u00e1zek jsme pozadu. U b\u011b\u017e\u00edc\u00edch projekt\u016f se situace \u010d\u00e1ste\u010dn\u011b stabilizovala. U nov\u00fdch projekt\u016f jsou zat\u00edm dod\u00e1vky nejasn\u00e9 a posunuj\u00ed se do dal\u0161\u00edch obdob\u00ed,\u201c up\u0159es\u0148uje Ren\u00e9 Fabik.<\/p>\n<p><img loading=\"lazy\" decoding=\"async\" class=\"alignnone wp-image-31096\" src=\"http:\/\/www.automakersnews.cz\/wp-content\/uploads\/2023\/03\/ArcelorMittal-Tubular-Products-Karvina_small-3-300x300.jpg\" alt=\"\" width=\"730\" height=\"730\" srcset=\"https:\/\/www.automakersnews.cz\/wp-content\/uploads\/2023\/03\/ArcelorMittal-Tubular-Products-Karvina_small-3-300x300.jpg 300w, https:\/\/www.automakersnews.cz\/wp-content\/uploads\/2023\/03\/ArcelorMittal-Tubular-Products-Karvina_small-3-1024x1024.jpg 1024w, https:\/\/www.automakersnews.cz\/wp-content\/uploads\/2023\/03\/ArcelorMittal-Tubular-Products-Karvina_small-3-150x150.jpg 150w, https:\/\/www.automakersnews.cz\/wp-content\/uploads\/2023\/03\/ArcelorMittal-Tubular-Products-Karvina_small-3-768x768.jpg 768w, https:\/\/www.automakersnews.cz\/wp-content\/uploads\/2023\/03\/ArcelorMittal-Tubular-Products-Karvina_small-3-1536x1536.jpg 1536w, https:\/\/www.automakersnews.cz\/wp-content\/uploads\/2023\/03\/ArcelorMittal-Tubular-Products-Karvina_small-3.jpg 1976w\" sizes=\"auto, (max-width: 730px) 100vw, 730px\" \/><\/p>\n","protected":false},"excerpt":{"rendered":"<div class=\"mh-excerpt\"><p>Sou\u010dasn\u00e1 situace v evropsk\u00e9m a sv\u011btov\u00e9m ocel\u00e1\u0159stv\u00ed je st\u00e1le napjat\u00e1. D\u016fvodem jsou vysok\u00e9 ceny energi\u00ed a velk\u00e1 nejistota hlavn\u011b na automotive trz\u00edch na stran\u011b dodavatel\u016f <a class=\"mh-excerpt-more\" href=\"https:\/\/www.automakersnews.cz\/index.php\/2023\/03\/22\/karvinsky-jakl-s-produktovou-inovaci\/\" title=\"Karvinsk\u00fd J\u00e4kl s produktovou inovac\u00ed\">[&#8230;]<\/a><\/p>\n<\/div>","protected":false},"author":4,"featured_media":31094,"comment_status":"open","ping_status":"open","sticky":false,"template":"","format":"standard","meta":{"footnotes":""},"categories":[2],"tags":[],"class_list":["post-31093","post","type-post","status-publish","format-standard","has-post-thumbnail","hentry","category-news"],"_links":{"self":[{"href":"https:\/\/www.automakersnews.cz\/index.php\/wp-json\/wp\/v2\/posts\/31093","targetHints":{"allow":["GET"]}}],"collection":[{"href":"https:\/\/www.automakersnews.cz\/index.php\/wp-json\/wp\/v2\/posts"}],"about":[{"href":"https:\/\/www.automakersnews.cz\/index.php\/wp-json\/wp\/v2\/types\/post"}],"author":[{"embeddable":true,"href":"https:\/\/www.automakersnews.cz\/index.php\/wp-json\/wp\/v2\/users\/4"}],"replies":[{"embeddable":true,"href":"https:\/\/www.automakersnews.cz\/index.php\/wp-json\/wp\/v2\/comments?post=31093"}],"version-history":[{"count":0,"href":"https:\/\/www.automakersnews.cz\/index.php\/wp-json\/wp\/v2\/posts\/31093\/revisions"}],"wp:featuredmedia":[{"embeddable":true,"href":"https:\/\/www.automakersnews.cz\/index.php\/wp-json\/wp\/v2\/media\/31094"}],"wp:attachment":[{"href":"https:\/\/www.automakersnews.cz\/index.php\/wp-json\/wp\/v2\/media?parent=31093"}],"wp:term":[{"taxonomy":"category","embeddable":true,"href":"https:\/\/www.automakersnews.cz\/index.php\/wp-json\/wp\/v2\/categories?post=31093"},{"taxonomy":"post_tag","embeddable":true,"href":"https:\/\/www.automakersnews.cz\/index.php\/wp-json\/wp\/v2\/tags?post=31093"}],"curies":[{"name":"wp","href":"https:\/\/api.w.org\/{rel}","templated":true}]}}