{"id":311,"date":"2022-09-18T19:32:32","date_gmt":"2022-09-18T19:32:32","guid":{"rendered":"http:\/\/www.automakersnews.cz\/?p=311"},"modified":"2022-09-18T19:35:09","modified_gmt":"2022-09-18T19:35:09","slug":"volvo-bere-celni-skla-do-xc40-z-chuderic","status":"publish","type":"post","link":"https:\/\/www.automakersnews.cz\/index.php\/2022\/09\/18\/volvo-bere-celni-skla-do-xc40-z-chuderic\/","title":{"rendered":"Volvo bere \u010deln\u00ed skla do XC40 z Chude\u0159ic"},"content":{"rendered":"<h3><strong>Evropsk\u00e9 auto roku <\/strong><strong>Volvo XC40 <\/strong><strong>m\u00e1 i \u010deskou stopu. Bo\u010dn\u00ed skla pro n\u011bj dod\u00e1v\u00e1 u\u017e del\u0161\u00ed dobu chude\u0159ick\u00e1 AGC Automotive Czech. Nyn\u00ed za\u010dal \u010desk\u00fd v\u00fdrobce d\u00edky stamilionov\u00e9 investici do modern\u00ed linky dod\u00e1vat tak\u00e9 \u010deln\u00ed skla.<\/strong> \u00a0<span id=\"more-153687\"><\/span><!--more--><\/h3>\n<p><strong>Lud\u011bk Stekl\u00fd, \u010dlen p\u0159edstavenstva AGC Automotive Czech: <\/strong><em>\u201eJde v\u016fbec o prvn\u00ed \u010deln\u00ed sklo, kter\u00e9 z\u00a0Chude\u0159ic dod\u00e1v\u00e1me pro \u0161v\u00e9dskou automobilku Volvo, kter\u00e1 je pro mnoho lid\u00ed symbolem bezpe\u010dnosti a kvality. Jsem r\u00e1d, \u017ee i my v\u00a0AGC Automotive Czech m\u016f\u017eeme p\u0159isp\u011bt k\u00a0pos\u00edlen\u00ed kvality tohoto automobilu.\u201c <\/em><\/p>\n<p><em>\u00a0<\/em>Chude\u0159ick\u00fd v\u00fdrobce autoskel, kter\u00fd pat\u0159\u00ed do nejv\u011bt\u0161\u00ed sv\u011btov\u00e9 skl\u00e1\u0159sk\u00e9 skupiny AGC, ji\u017e n\u011bkolik let do \u00fasp\u011b\u0161n\u00e9ho modelu seversk\u00e9 automobilky dod\u00e1v\u00e1 bo\u010dn\u00ed skla. D\u00edky investici v\u00a0minul\u00fdch letech, kter\u00e1 p\u0159es\u00e1hla 600 milion\u016f korun, AGC Automotive Czech v\u00fdznamn\u011b roz\u0161\u00ed\u0159ila sv\u00e9 mo\u017enosti ve v\u00fdrob\u011b \u010deln\u00edch skel.<\/p>\n<p><em>\u201eD\u00edky t\u00e9to investici jsme pro automobilky v\u00fdznamn\u011b roz\u0161\u00ed\u0159ili nab\u00eddku i technologii \u010deln\u00edch autoskel, kter\u00e9 se svou plochou k\u00a0celkov\u00e9mu rozm\u011bru vozu st\u00e1vaj\u00ed st\u00e1le d\u016fle\u017eit\u011bj\u0161\u00ed pro instalaci pokro\u010dil\u00fdch prvk\u016f konektivy a autonomn\u00edho \u0159\u00edzen\u00ed,\u201c<\/em> dopl\u0148uje <strong>Lud\u011bk Stekl\u00fd<\/strong>.<\/p>\n<p>\u0160v\u00e9dsk\u00e1 automobilka letos zm\u011bnila vzhled sv\u00e9ho nejmen\u0161\u00edho SUV modelu, kter\u00fd je nyn\u00ed modern\u011bj\u0161\u00ed a m\u00e1 stejn\u00fd design p\u0159edn\u00ed masky jako elektrick\u00fd model C40 Recharge.<\/p>\n<p>Nejdostupn\u011bj\u0161\u00ed Volvo se na \u010desk\u00e9m trhu za\u010dalo prod\u00e1vat na podzim 2017 a v\u00a0hned v\u00a0n\u00e1sleduj\u00edc\u00edm roce z\u00edskalo titul Evropsk\u00e9 auto roku.<\/p>\n","protected":false},"excerpt":{"rendered":"<div class=\"mh-excerpt\"><p>Evropsk\u00e9 auto roku Volvo XC40 m\u00e1 i \u010deskou stopu. Bo\u010dn\u00ed skla pro n\u011bj dod\u00e1v\u00e1 u\u017e del\u0161\u00ed dobu chude\u0159ick\u00e1 AGC Automotive Czech. Nyn\u00ed za\u010dal \u010desk\u00fd v\u00fdrobce <a class=\"mh-excerpt-more\" href=\"https:\/\/www.automakersnews.cz\/index.php\/2022\/09\/18\/volvo-bere-celni-skla-do-xc40-z-chuderic\/\" title=\"Volvo bere \u010deln\u00ed skla do XC40 z Chude\u0159ic\">[&#8230;]<\/a><\/p>\n<\/div>","protected":false},"author":1,"featured_media":312,"comment_status":"open","ping_status":"open","sticky":false,"template":"","format":"standard","meta":{"footnotes":""},"categories":[2],"tags":[],"class_list":["post-311","post","type-post","status-publish","format-standard","has-post-thumbnail","hentry","category-news"],"_links":{"self":[{"href":"https:\/\/www.automakersnews.cz\/index.php\/wp-json\/wp\/v2\/posts\/311","targetHints":{"allow":["GET"]}}],"collection":[{"href":"https:\/\/www.automakersnews.cz\/index.php\/wp-json\/wp\/v2\/posts"}],"about":[{"href":"https:\/\/www.automakersnews.cz\/index.php\/wp-json\/wp\/v2\/types\/post"}],"author":[{"embeddable":true,"href":"https:\/\/www.automakersnews.cz\/index.php\/wp-json\/wp\/v2\/users\/1"}],"replies":[{"embeddable":true,"href":"https:\/\/www.automakersnews.cz\/index.php\/wp-json\/wp\/v2\/comments?post=311"}],"version-history":[{"count":0,"href":"https:\/\/www.automakersnews.cz\/index.php\/wp-json\/wp\/v2\/posts\/311\/revisions"}],"wp:featuredmedia":[{"embeddable":true,"href":"https:\/\/www.automakersnews.cz\/index.php\/wp-json\/wp\/v2\/media\/312"}],"wp:attachment":[{"href":"https:\/\/www.automakersnews.cz\/index.php\/wp-json\/wp\/v2\/media?parent=311"}],"wp:term":[{"taxonomy":"category","embeddable":true,"href":"https:\/\/www.automakersnews.cz\/index.php\/wp-json\/wp\/v2\/categories?post=311"},{"taxonomy":"post_tag","embeddable":true,"href":"https:\/\/www.automakersnews.cz\/index.php\/wp-json\/wp\/v2\/tags?post=311"}],"curies":[{"name":"wp","href":"https:\/\/api.w.org\/{rel}","templated":true}]}}