{"id":31105,"date":"2023-03-22T06:43:48","date_gmt":"2023-03-22T06:43:48","guid":{"rendered":"https:\/\/www.automakersnews.cz\/?p=31105"},"modified":"2023-03-22T06:43:48","modified_gmt":"2023-03-22T06:43:48","slug":"scania-predala-prvni-elektromobil-ve-stredni-evrope","status":"publish","type":"post","link":"https:\/\/www.automakersnews.cz\/index.php\/2023\/03\/22\/scania-predala-prvni-elektromobil-ve-stredni-evrope\/","title":{"rendered":"Scania p\u0159edala prvn\u00ed elektromobil ve st\u0159edn\u00ed Evrop\u011b"},"content":{"rendered":"<p><strong>Scania dodala sv\u016fj prvn\u00ed pln\u011b elektrick\u00fd n\u00e1kladn\u00ed v\u016fz v Ma\u010farsku a v cel\u00e9m regionu CER, kter\u00fd zahrnuje tak\u00e9 \u010ceskou republiku a Slovensko. WIN Capital p\u0159evzala toto vozidlo na speci\u00e1ln\u00edm galave\u010deru za p\u0159\u00edtomnosti Matse Gunnarssona, v\u00fdkonn\u00e9ho viceprezidenta Scania. Vozidlo bude slou\u017eit k z\u00e1sobov\u00e1n\u00ed prodejen Aldi v Budape\u0161ti.<\/strong><!--more--><\/p>\n<p>\u201eVe Scanii jsme pln\u011b odhodl\u00e1ni dos\u00e1hnout na\u0161ich v\u011bdecky podlo\u017een\u00fdch c\u00edl\u016f, nap\u0159\u00edklad sn\u00ed\u017eit emise CO2 z pou\u017e\u00edv\u00e1n\u00ed na\u0161ich v\u00fdrobk\u016f o 20 % do roku 2025. Akumul\u00e1torov\u00e1 elektrick\u00e1 n\u00e1kladn\u00ed vozidla jsou v t\u00e9to v\u011bci kl\u00ed\u010dov\u00e1, proto\u017ee v roce 2025 by m\u011bla tvo\u0159it 10 % na\u0161eho celosv\u011btov\u00e9ho prodeje. M\u00e1me produkty a slu\u017eby, abychom tohoto c\u00edle dos\u00e1hli, ale pot\u0159ebujeme tak\u00e9 prvn\u00ed partnery, z\u00e1kazn\u00edky, kte\u0159\u00ed jsou odhodl\u00e1ni pod\u00edlet se na t\u00e9to zm\u011bn\u011b s n\u00e1mi. A jsem opravdu nad\u0161en\u00fd, \u017ee jsme na\u0161li prvn\u00edho z\u00e1kazn\u00edka v Ma\u010farsku ve firm\u011b WIN Capital a jej\u00ed dce\u0159in\u00e9 spole\u010dnosti Happy Cargo,\u201c \u0159ekl Mats Gunnarsson.<\/p>\n<p>Je to proto, \u017ee ob\u011b spole\u010dnosti sd\u00edlej\u00ed podobnou vizi. \u201eC\u00edlem na\u0161\u00ed spole\u010dnosti je vytv\u00e1\u0159et udr\u017eiteln\u011bj\u0161\u00ed dopravn\u00ed \u0159e\u0161en\u00ed pro na\u0161e z\u00e1kazn\u00edky a v kone\u010dn\u00e9m d\u016fsledku pro celou spole\u010dnost. Akumul\u00e1torov\u00e1 elektrick\u00e1 n\u00e1kladn\u00ed vozidla, jako je na\u0161e nov\u00e1 Scania, jsou nejudr\u017eiteln\u011bj\u0161\u00edm \u0159e\u0161en\u00edm na trhu. Na firm\u011b Scania se mi l\u00edb\u00ed, \u017ee nedodali pouze n\u00e1kladn\u00ed vozidlo, ale tak\u00e9 nab\u00edje\u010dku a syst\u00e9m \u0159\u00edzen\u00ed nab\u00edjen\u00ed. Dostali jsme kompletn\u00ed servis,\u201c dodal Lor\u00e1nd Szemerey, zakladatel CEO WIN Capital Kft.<\/p>\n<p>Pro zna\u010dku Scania je Ma\u010farsko pr\u016fkopn\u00edkem v regionu. \u201eB\u011bhem lo\u0148sk\u00e9ho roku jsme pro spole\u010dnost HAVI dodali dv\u011b hybridn\u00ed vozidla. Tentokr\u00e1t p\u0159ed\u00e1v\u00e1me kl\u00ed\u010de od na\u0161eho prvn\u00edho bateriov\u00e9ho elektrick\u00e9ho automobilu. Jsem velmi hrd\u00fd na sv\u016fj t\u00fdm, \u017ee jsme toho dos\u00e1hli a vkro\u010dili do nov\u00e9 budoucnosti cel\u00e9ho odv\u011btv\u00ed dopravy. Douf\u00e1m, \u017ee \u00fasp\u011bch tohoto vozidla uk\u00e1\u017ee v\u0161em na\u0161im z\u00e1kazn\u00edk\u016fm, \u017ee budoucnost je elektrick\u00e1,\u201c uvedl Andr\u00e1s Vass, \u0159editel obchodn\u00edho zastoupen\u00ed Scania pro v\u00fdchodn\u00ed Ma\u010farsko.<\/p>\n<p><strong>N\u00e1vrhu vozidla p\u0159edch\u00e1zela d\u016fkladn\u00e1 anal\u00fdza<\/strong><\/p>\n<p>Prvn\u00ed akumul\u00e1torov\u00e9 elektrick\u00e9 vozidlo Scania v Ma\u010farsku je t\u0159\u00edn\u00e1pravov\u00fd podvozek s ozna\u010den\u00edm 25 P a celkovou hmotnost\u00ed 27 tun, denn\u00ed kabinou a chladic\u00ed sk\u0159\u00ed\u0148ovou n\u00e1stavbou od spole\u010dnosti Thermosol Kft. Je navr\u017eeno tak, aby v tichosti p\u0159epravovalo chlazen\u00e9 zbo\u017e\u00ed po m\u011bst\u011b a jeho okol\u00ed, a to s nulov\u00fdmi emisemi CO2 (p\u0159i nab\u00edjen\u00ed elekt\u0159inou z obnoviteln\u00fdch zdroj\u016f) a nulov\u00fdmi emisemi \u0161kodlivin, jako jsou pevn\u00e9 \u010d\u00e1stice nebo oxidy dus\u00edku.<\/p>\n<p>Vozidlo je vybaveno elektrick\u00fdm agreg\u00e1tem o v\u00fdkonu 230 kW a dev\u00edti akumul\u00e1torov\u00fdmi moduly o celkov\u00e9 kapacit\u011b 300 kWh. Tato kombinace umo\u017e\u0148uje pln\u011b nalo\u017een\u00e9mu n\u00e1kladn\u00edmu vozu s chlad\u00edc\u00edm boxem absolvovat v\u0161echny \u00fakoly jednoho pracovn\u00edho dne. Ne\u017e bylo vozidlo objedn\u00e1no, Scania provedla d\u016fkladnou anal\u00fdzu provozu v Happy Cargo, aby se ujistila, \u017ee konkr\u00e9tn\u00ed specifikace automobilu vyhov\u00ed ka\u017edodenn\u00edm \u00fakol\u016fm a mo\u017enostem nab\u00edjen\u00ed t\u00e9to firmy.<\/p>\n<p>Spole\u010dn\u011b s vozidlem Scania poskytla tak\u00e9 nab\u00edjec\u00ed syst\u00e9m pro depo Happy Cargo. Syst\u00e9m se skl\u00e1d\u00e1 z jedn\u00e9 mobiln\u00ed 40kW nab\u00edje\u010dky Kempower, kter\u00e1 m\u016f\u017ee dob\u00edt n\u00e1kladn\u00ed automobil p\u0159es noc, a syst\u00e9mu \u0159\u00edzen\u00ed nab\u00edjen\u00ed ChargeEye, kter\u00fd umo\u017e\u0148uje z\u00e1kazn\u00edkovi \u0159\u00eddit a monitorovat proces nab\u00edjen\u00ed na d\u00e1lku, nap\u0159\u00edklad aby se zabr\u00e1nilo p\u0159et\u00ed\u017een\u00ed elektrick\u00e9 s\u00edt\u011b v depu nebo aby se vozidlo nab\u00edjelo v \u010dase, kdy jsou ceny elekt\u0159iny ni\u017e\u0161\u00ed. Toto \u0159e\u0161en\u00ed je jedn\u00edm z nejskromn\u011bj\u0161\u00edch, kter\u00e9 Scania dok\u00e1\u017ee nab\u00eddnout: spole\u010dnost je p\u0159ipravena zajistit anal\u00fdzu mo\u017enost\u00ed nab\u00edjen\u00ed a n\u00e1sledn\u011b navrhnout a dodat vhodnou a \u0161k\u00e1lovatelnou dob\u00edjec\u00ed infrastrukturu i pro velk\u00e9 flotily elektrick\u00fdch n\u00e1kladn\u00edch vozidel.<\/p>\n<p>Krom\u011b nab\u00edjen\u00ed lze s elektrick\u00fdm n\u00e1kladn\u00edm vozidlem Scania dodat i dal\u0161\u00ed slu\u017eby, jako jsou smlouvy na \u00fadr\u017ebu, kter\u00e9 mohou pokr\u00fdvat i neo\u010dek\u00e1van\u00e9 ud\u00e1losti, a financov\u00e1n\u00ed.<\/p>\n<p><img loading=\"lazy\" decoding=\"async\" class=\"alignnone wp-image-31107\" src=\"http:\/\/www.automakersnews.cz\/wp-content\/uploads\/2023\/03\/Scania_WinCapital_medium005-small-2-300x200.jpg\" alt=\"\" width=\"968\" height=\"645\" srcset=\"https:\/\/www.automakersnews.cz\/wp-content\/uploads\/2023\/03\/Scania_WinCapital_medium005-small-2-300x200.jpg 300w, https:\/\/www.automakersnews.cz\/wp-content\/uploads\/2023\/03\/Scania_WinCapital_medium005-small-2-1024x683.jpg 1024w, https:\/\/www.automakersnews.cz\/wp-content\/uploads\/2023\/03\/Scania_WinCapital_medium005-small-2-768x512.jpg 768w, https:\/\/www.automakersnews.cz\/wp-content\/uploads\/2023\/03\/Scania_WinCapital_medium005-small-2-1536x1025.jpg 1536w, https:\/\/www.automakersnews.cz\/wp-content\/uploads\/2023\/03\/Scania_WinCapital_medium005-small-2-2048x1366.jpg 2048w\" sizes=\"auto, (max-width: 968px) 100vw, 968px\" \/><\/p>\n","protected":false},"excerpt":{"rendered":"<div class=\"mh-excerpt\"><p>Scania dodala sv\u016fj prvn\u00ed pln\u011b elektrick\u00fd n\u00e1kladn\u00ed v\u016fz v Ma\u010farsku a v cel\u00e9m regionu CER, kter\u00fd zahrnuje tak\u00e9 \u010ceskou republiku a Slovensko. WIN Capital p\u0159evzala <a class=\"mh-excerpt-more\" href=\"https:\/\/www.automakersnews.cz\/index.php\/2023\/03\/22\/scania-predala-prvni-elektromobil-ve-stredni-evrope\/\" title=\"Scania p\u0159edala prvn\u00ed elektromobil ve st\u0159edn\u00ed Evrop\u011b\">[&#8230;]<\/a><\/p>\n<\/div>","protected":false},"author":4,"featured_media":31106,"comment_status":"open","ping_status":"open","sticky":false,"template":"","format":"standard","meta":{"footnotes":""},"categories":[22],"tags":[],"class_list":["post-31105","post","type-post","status-publish","format-standard","has-post-thumbnail","hentry","category-elektromobily"],"_links":{"self":[{"href":"https:\/\/www.automakersnews.cz\/index.php\/wp-json\/wp\/v2\/posts\/31105","targetHints":{"allow":["GET"]}}],"collection":[{"href":"https:\/\/www.automakersnews.cz\/index.php\/wp-json\/wp\/v2\/posts"}],"about":[{"href":"https:\/\/www.automakersnews.cz\/index.php\/wp-json\/wp\/v2\/types\/post"}],"author":[{"embeddable":true,"href":"https:\/\/www.automakersnews.cz\/index.php\/wp-json\/wp\/v2\/users\/4"}],"replies":[{"embeddable":true,"href":"https:\/\/www.automakersnews.cz\/index.php\/wp-json\/wp\/v2\/comments?post=31105"}],"version-history":[{"count":0,"href":"https:\/\/www.automakersnews.cz\/index.php\/wp-json\/wp\/v2\/posts\/31105\/revisions"}],"wp:featuredmedia":[{"embeddable":true,"href":"https:\/\/www.automakersnews.cz\/index.php\/wp-json\/wp\/v2\/media\/31106"}],"wp:attachment":[{"href":"https:\/\/www.automakersnews.cz\/index.php\/wp-json\/wp\/v2\/media?parent=31105"}],"wp:term":[{"taxonomy":"category","embeddable":true,"href":"https:\/\/www.automakersnews.cz\/index.php\/wp-json\/wp\/v2\/categories?post=31105"},{"taxonomy":"post_tag","embeddable":true,"href":"https:\/\/www.automakersnews.cz\/index.php\/wp-json\/wp\/v2\/tags?post=31105"}],"curies":[{"name":"wp","href":"https:\/\/api.w.org\/{rel}","templated":true}]}}