{"id":3136,"date":"2022-11-13T21:17:16","date_gmt":"2022-11-13T21:17:16","guid":{"rendered":"https:\/\/www.automakersnews.cz\/?p=3136"},"modified":"2022-11-13T21:17:16","modified_gmt":"2022-11-13T21:17:16","slug":"vystavni-premiera-konceptu-vision-7s","status":"publish","type":"post","link":"https:\/\/www.automakersnews.cz\/index.php\/2022\/11\/13\/vystavni-premiera-konceptu-vision-7s\/","title":{"rendered":"V\u00fdstavn\u00ed premi\u00e9ra konceptu VISION 7S"},"content":{"rendered":"<div class=\"entry-summary\"><\/div>\n<div class=\"entry-content\">\n<p><strong>Nejv\u011bt\u0161\u00ed \u010desk\u00e1 automobilka m\u011bla na e-SALONu v\u00fdstavn\u00ed premi\u00e9ru konceptu VISION 7S. Na st\u00e1nku se uk\u00e1zalo 6 expon\u00e1t\u016f modelov\u00e9 \u0159ady ENYAQ iV v obou karos\u00e1\u0159sk\u00fdch variant\u00e1ch v\u010detn\u011b proveden\u00ed Sportline a RS.<\/strong><\/p>\n<p>Jejich dojezd p\u0159esahuje 530 km (v z\u00e1vislosti na konkr\u00e9tn\u00ed verzi) a nabit\u00ed na 80 % trv\u00e1 jen lehce p\u0159es p\u016fl hodiny. Krom\u011b dom\u00e1c\u00edho nab\u00edjen\u00ed lze vyu\u017e\u00edt n\u011bkter\u00e9ho z v\u00edce ne\u017e 3600 ve\u0159ejn\u00fdch dob\u00edjec\u00edch bod\u016f, jejich\u017e po\u010det st\u00e1le roste. Pro soukrom\u00e9 u\u017eivatele vytvo\u0159ila \u0160KODA AUTO platformu Powerpass, d\u00edky n\u00ed\u017e se d\u00e1 s jednou kartou nab\u00edjet u v\u00edce ne\u017e 330 000 dob\u00edjec\u00edch stanic po cel\u00e9 Evropsk\u00e9 unii. Firemn\u00ed z\u00e1kazn\u00edci zase ocen\u00ed v\u00fdhody sd\u00edlen\u00e9 platformy Chargee.<!--more--><!--more--><\/p>\n<\/div>\n","protected":false},"excerpt":{"rendered":"<div class=\"mh-excerpt\"><p>Nejv\u011bt\u0161\u00ed \u010desk\u00e1 automobilka m\u011bla na e-SALONu v\u00fdstavn\u00ed premi\u00e9ru konceptu VISION 7S. Na st\u00e1nku se uk\u00e1zalo 6 expon\u00e1t\u016f modelov\u00e9 \u0159ady ENYAQ iV v obou karos\u00e1\u0159sk\u00fdch variant\u00e1ch <a class=\"mh-excerpt-more\" href=\"https:\/\/www.automakersnews.cz\/index.php\/2022\/11\/13\/vystavni-premiera-konceptu-vision-7s\/\" title=\"V\u00fdstavn\u00ed premi\u00e9ra konceptu VISION 7S\">[&#8230;]<\/a><\/p>\n<\/div>","protected":false},"author":1,"featured_media":3137,"comment_status":"open","ping_status":"open","sticky":false,"template":"","format":"standard","meta":{"footnotes":""},"categories":[22,28],"tags":[],"class_list":["post-3136","post","type-post","status-publish","format-standard","has-post-thumbnail","hentry","category-elektromobily","category-vystavy"],"_links":{"self":[{"href":"https:\/\/www.automakersnews.cz\/index.php\/wp-json\/wp\/v2\/posts\/3136","targetHints":{"allow":["GET"]}}],"collection":[{"href":"https:\/\/www.automakersnews.cz\/index.php\/wp-json\/wp\/v2\/posts"}],"about":[{"href":"https:\/\/www.automakersnews.cz\/index.php\/wp-json\/wp\/v2\/types\/post"}],"author":[{"embeddable":true,"href":"https:\/\/www.automakersnews.cz\/index.php\/wp-json\/wp\/v2\/users\/1"}],"replies":[{"embeddable":true,"href":"https:\/\/www.automakersnews.cz\/index.php\/wp-json\/wp\/v2\/comments?post=3136"}],"version-history":[{"count":0,"href":"https:\/\/www.automakersnews.cz\/index.php\/wp-json\/wp\/v2\/posts\/3136\/revisions"}],"wp:featuredmedia":[{"embeddable":true,"href":"https:\/\/www.automakersnews.cz\/index.php\/wp-json\/wp\/v2\/media\/3137"}],"wp:attachment":[{"href":"https:\/\/www.automakersnews.cz\/index.php\/wp-json\/wp\/v2\/media?parent=3136"}],"wp:term":[{"taxonomy":"category","embeddable":true,"href":"https:\/\/www.automakersnews.cz\/index.php\/wp-json\/wp\/v2\/categories?post=3136"},{"taxonomy":"post_tag","embeddable":true,"href":"https:\/\/www.automakersnews.cz\/index.php\/wp-json\/wp\/v2\/tags?post=3136"}],"curies":[{"name":"wp","href":"https:\/\/api.w.org\/{rel}","templated":true}]}}