{"id":3140,"date":"2022-11-12T21:38:30","date_gmt":"2022-11-12T21:38:30","guid":{"rendered":"https:\/\/www.automakersnews.cz\/?p=3140"},"modified":"2022-11-13T21:39:18","modified_gmt":"2022-11-13T21:39:18","slug":"opel-dovezl-na-e-salon-astru-phev","status":"publish","type":"post","link":"https:\/\/www.automakersnews.cz\/index.php\/2022\/11\/12\/opel-dovezl-na-e-salon-astru-phev\/","title":{"rendered":"Opel dovezl na e-SALON Astru PHEV"},"content":{"rendered":"<p><strong>Opel vystavil na e-SALONu Astru PHEV, kompaktn\u00ed elektromobily Corsa-e a Mokka-e s dojezdem a\u017e 353 kilometr\u016f a dal\u0161\u00ed PHEV i BEV modely, v\u010detn\u011b u\u017eitkov\u00fdch.<\/strong><!--more--><\/p>\n<p>Pat\u0159il k nim luxusn\u00ed elektrick\u00fd minibus Zafira-e a plug-in hybridn\u00ed Grandland PHEV, kter\u00e9 kombinuje pohon na benzin a elekt\u0159inu stejn\u011b jako nov\u00e1 Astra PHEV.<\/p>\n","protected":false},"excerpt":{"rendered":"<div class=\"mh-excerpt\"><p>Opel vystavil na e-SALONu Astru PHEV, kompaktn\u00ed elektromobily Corsa-e a Mokka-e s dojezdem a\u017e 353 kilometr\u016f a dal\u0161\u00ed PHEV i BEV modely, v\u010detn\u011b u\u017eitkov\u00fdch.<\/p>\n<\/div>","protected":false},"author":1,"featured_media":3141,"comment_status":"open","ping_status":"open","sticky":false,"template":"","format":"standard","meta":{"footnotes":""},"categories":[32,28],"tags":[],"class_list":["post-3140","post","type-post","status-publish","format-standard","has-post-thumbnail","hentry","category-hybridy","category-vystavy"],"_links":{"self":[{"href":"https:\/\/www.automakersnews.cz\/index.php\/wp-json\/wp\/v2\/posts\/3140","targetHints":{"allow":["GET"]}}],"collection":[{"href":"https:\/\/www.automakersnews.cz\/index.php\/wp-json\/wp\/v2\/posts"}],"about":[{"href":"https:\/\/www.automakersnews.cz\/index.php\/wp-json\/wp\/v2\/types\/post"}],"author":[{"embeddable":true,"href":"https:\/\/www.automakersnews.cz\/index.php\/wp-json\/wp\/v2\/users\/1"}],"replies":[{"embeddable":true,"href":"https:\/\/www.automakersnews.cz\/index.php\/wp-json\/wp\/v2\/comments?post=3140"}],"version-history":[{"count":0,"href":"https:\/\/www.automakersnews.cz\/index.php\/wp-json\/wp\/v2\/posts\/3140\/revisions"}],"wp:featuredmedia":[{"embeddable":true,"href":"https:\/\/www.automakersnews.cz\/index.php\/wp-json\/wp\/v2\/media\/3141"}],"wp:attachment":[{"href":"https:\/\/www.automakersnews.cz\/index.php\/wp-json\/wp\/v2\/media?parent=3140"}],"wp:term":[{"taxonomy":"category","embeddable":true,"href":"https:\/\/www.automakersnews.cz\/index.php\/wp-json\/wp\/v2\/categories?post=3140"},{"taxonomy":"post_tag","embeddable":true,"href":"https:\/\/www.automakersnews.cz\/index.php\/wp-json\/wp\/v2\/tags?post=3140"}],"curies":[{"name":"wp","href":"https:\/\/api.w.org\/{rel}","templated":true}]}}