{"id":31614,"date":"2023-03-21T05:53:09","date_gmt":"2023-03-21T05:53:09","guid":{"rendered":"https:\/\/www.automakersnews.cz\/?p=31614"},"modified":"2023-03-21T05:53:09","modified_gmt":"2023-03-21T05:53:09","slug":"dopravni-radio-dalnice-na-fm-konci","status":"publish","type":"post","link":"https:\/\/www.automakersnews.cz\/index.php\/2023\/03\/21\/dopravni-radio-dalnice-na-fm-konci\/","title":{"rendered":"Dopravn\u00ed R\u00e1dio D\u00e1lnice na FM kon\u010d\u00ed"},"content":{"rendered":"<p><strong>Na konci b\u0159ezna skon\u010d\u00ed vys\u00edl\u00e1n\u00ed dopravn\u00edho R\u00e1dia D\u00e1lnice na frekvenc\u00edch FM. B\u011bhem n\u00e1sleduj\u00edc\u00edch m\u011bs\u00edc\u016f se stanice p\u0159em\u011bn\u00ed v\u00a0digit\u00e1ln\u00ed produkt\u00a0<em>Podcasty na cesty<\/em>. Medi\u00e1ln\u00ed skupina Pohoda, kter\u00e1 r\u00e1dio provozuje, to ohl\u00e1sila na webu.<\/strong><!--more--><\/p>\n<p>Uvedla, \u017ee se tak rozhodla kv\u016fli tomu, \u017ee se st\u00e1le znateln\u011bji m\u011bn\u00ed zp\u016fsob, jak poslucha\u010di na cest\u00e1ch konzumuj\u00ed obsah, a\u00a0tak\u00e9 kv\u016fli aktu\u00e1ln\u00ed metodice m\u011b\u0159en\u00ed poslechovosti, kter\u00e1 nereflektuje mobiln\u00ed poslucha\u010de:<\/p>\n<p>\u201eTato kombinace p\u0159estala b\u00fdt vn\u00edm\u00e1na jako trvale udr\u017eiteln\u00e1 a\u00a0\u017e\u00e1douc\u00ed k\u00a0tomu, aby dopravn\u00ed platforma fungovala na vln\u00e1ch FM.\u201c<\/p>\n<p>\u201eD\u00e1lnice, jak ji zn\u00e1me, jako r\u00e1dio, kter\u00e9 si nalad\u00edte pomoc\u00ed FM p\u0159ij\u00edma\u010d\u016f v\u00a0aut\u011b, ukon\u010d\u00ed ke konci b\u0159ezna \u010dinnost, p\u0159esto\u017ee jsme historicky dos\u00e1hli nejv\u011bt\u0161\u00ed poslechovosti. V\u0161ichni to v\u0161ak vn\u00edm\u00e1me jako pozitivn\u00ed zpr\u00e1vu, proto\u017ee situace a\u00a0pot\u0159eby poslucha\u010d\u016f se rapidn\u011b m\u011bn\u00ed. U\u017e brzy se na na\u0161ich soci\u00e1ln\u00edch s\u00edt\u00edch za\u010dne postupn\u011b zve\u0159ej\u0148ovat, co se chyst\u00e1 d\u00e1l. Na v\u00fdb\u011br budou m\u00edt poslucha\u010di z\u00a0\u0161irok\u00e9 palety podcast\u016f na\u0161\u00ed produkce, ale i\u00a0obsah extern\u00edch tv\u016frc\u016f, p\u0159ekvapen\u00edm bude i\u00a0hudebn\u00ed slo\u017eka,\u201c uvedla spolumajitelka Pohody\u00a0<strong>Katka Pa\u0159\u00edzkov\u00e1<\/strong>.<\/p>\n<p>Posledn\u00edch \u0161est let nab\u00edzelo R\u00e1dio D\u00e1lnice poslucha\u010d\u016fm pravideln\u00fd dopravn\u00ed servis a\u00a0nejnov\u011bj\u0161\u00ed informace z\u00a0tuzemsk\u00fdch silnic a\u00a0d\u00e1lnic. Dopravn\u00ed zpr\u00e1vy v\u00a0\u010desk\u00e9m a\u00a0anglick\u00e9m jazyce p\u0159in\u00e1\u0161elo \u0159idi\u010d\u016fm ka\u017edou \u010dtvrthodinu. D\u00edky hust\u00e9 s\u00edti vys\u00edla\u010d\u016f bylo mo\u017en\u00e9 p\u0159ij\u00edmat stanici po t\u00e9m\u011b\u0159 cel\u00e9 trase \u010desk\u00e9 d\u00e1lni\u010dn\u00ed s\u00edt\u011b. Licenci na prvn\u00ed kmito\u010det\u00a0<a href=\"https:\/\/www.mediar.cz\/parizkovo-radio-dalnice-dostalo-36-kmitoctu\/\">z\u00edskala stanice u\u017e na p\u0159elomu let 2008 a\u00a02009<\/a>,\u00a0<a href=\"https:\/\/www.mediar.cz\/radio-dalnice-po-10-letech-sporu-zacina-naostro\/\">ostr\u00fd start ohl\u00e1sila a\u017e v\u00a0roce 2018<\/a>. M\u00e1 tak\u00e9 st\u00e1le platnou licenci na digit\u00e1ln\u00ed rozhlasov\u00e9 vys\u00edl\u00e1n\u00ed DAB+, do dubna 2027.<\/p>\n","protected":false},"excerpt":{"rendered":"<div class=\"mh-excerpt\"><p>Na konci b\u0159ezna skon\u010d\u00ed vys\u00edl\u00e1n\u00ed dopravn\u00edho R\u00e1dia D\u00e1lnice na frekvenc\u00edch FM. B\u011bhem n\u00e1sleduj\u00edc\u00edch m\u011bs\u00edc\u016f se stanice p\u0159em\u011bn\u00ed v\u00a0digit\u00e1ln\u00ed produkt\u00a0Podcasty na cesty. Medi\u00e1ln\u00ed skupina Pohoda, kter\u00e1 <a class=\"mh-excerpt-more\" href=\"https:\/\/www.automakersnews.cz\/index.php\/2023\/03\/21\/dopravni-radio-dalnice-na-fm-konci\/\" title=\"Dopravn\u00ed R\u00e1dio D\u00e1lnice na FM kon\u010d\u00ed\">[&#8230;]<\/a><\/p>\n<\/div>","protected":false},"author":1,"featured_media":31615,"comment_status":"open","ping_status":"open","sticky":false,"template":"","format":"standard","meta":{"footnotes":""},"categories":[27],"tags":[],"class_list":["post-31614","post","type-post","status-publish","format-standard","has-post-thumbnail","hentry","category-media"],"_links":{"self":[{"href":"https:\/\/www.automakersnews.cz\/index.php\/wp-json\/wp\/v2\/posts\/31614","targetHints":{"allow":["GET"]}}],"collection":[{"href":"https:\/\/www.automakersnews.cz\/index.php\/wp-json\/wp\/v2\/posts"}],"about":[{"href":"https:\/\/www.automakersnews.cz\/index.php\/wp-json\/wp\/v2\/types\/post"}],"author":[{"embeddable":true,"href":"https:\/\/www.automakersnews.cz\/index.php\/wp-json\/wp\/v2\/users\/1"}],"replies":[{"embeddable":true,"href":"https:\/\/www.automakersnews.cz\/index.php\/wp-json\/wp\/v2\/comments?post=31614"}],"version-history":[{"count":0,"href":"https:\/\/www.automakersnews.cz\/index.php\/wp-json\/wp\/v2\/posts\/31614\/revisions"}],"wp:featuredmedia":[{"embeddable":true,"href":"https:\/\/www.automakersnews.cz\/index.php\/wp-json\/wp\/v2\/media\/31615"}],"wp:attachment":[{"href":"https:\/\/www.automakersnews.cz\/index.php\/wp-json\/wp\/v2\/media?parent=31614"}],"wp:term":[{"taxonomy":"category","embeddable":true,"href":"https:\/\/www.automakersnews.cz\/index.php\/wp-json\/wp\/v2\/categories?post=31614"},{"taxonomy":"post_tag","embeddable":true,"href":"https:\/\/www.automakersnews.cz\/index.php\/wp-json\/wp\/v2\/tags?post=31614"}],"curies":[{"name":"wp","href":"https:\/\/api.w.org\/{rel}","templated":true}]}}