{"id":31647,"date":"2023-03-21T08:18:16","date_gmt":"2023-03-21T08:18:16","guid":{"rendered":"https:\/\/www.automakersnews.cz\/?p=31647"},"modified":"2023-03-21T08:52:47","modified_gmt":"2023-03-21T08:52:47","slug":"acea-unor-prinesl-rust-prodeju-novych-aut","status":"publish","type":"post","link":"https:\/\/www.automakersnews.cz\/index.php\/2023\/03\/21\/acea-unor-prinesl-rust-prodeju-novych-aut\/","title":{"rendered":"ACEA: prodeje nov\u00fdch aut v EU rostou"},"content":{"rendered":"<p><strong>Prodej nov\u00fdch osobn\u00edch automobil\u016f v\u00a0<span class=\"e1id0 advancedHighlight\" data-id=\"0\" data-classic=\"false\">Evropsk\u00e9<\/span>\u00a0<span class=\"e1id0 advancedHighlight\" data-id=\"0\" data-classic=\"false\">unii<\/span>\u00a0se v \u00fanoru meziro\u010dn\u011b zv\u00fd\u0161il o 11,5 procenta na 802 763 voz\u016f, r\u016fst vyk\u00e1zal u\u017e sedm\u00fd m\u011bs\u00edc za sebou. Vypl\u00fdv\u00e1 to z \u00fadaj\u016f , kter\u00e9 v \u00fater\u00fd zve\u0159ejnilo Evropsk\u00e9 sdru\u017een\u00ed v\u00fdrobc\u016f automobil\u016f (<span class=\"advancedHighlight SearchKeywordHighlight\" data-classic=\"true\">ACEA<\/span>).<\/strong> <!--more--><\/p>\n<p>S v\u00fdjimkou\u00a0<span class=\"e0id0 advancedHighlight\" data-id=\"3\" data-classic=\"false\">\u010cesk\u00e9<\/span>\u00a0<span class=\"e0id0 advancedHighlight\" data-id=\"3\" data-classic=\"false\">republiky<\/span>\u00a0a\u00a0<span class=\"e0id1 advancedHighlight\" data-id=\"5\" data-classic=\"false\">Slovenska<\/span>\u00a0se ve v\u0161ech ostatn\u00edch zem\u00edch d\u00e1l zvy\u0161oval pod\u00edl bateriov\u00fdch elektromobil\u016f.<\/p>\n<p>Za leden a \u00fanor prodej aut v\u00a0<span class=\"e1id0 advancedHighlight\" data-id=\"0\" data-classic=\"false\">EU<\/span>\u00a0meziro\u010dn\u011b vzrostl o 11,4 procenta na 1,563 milionu. Sdru\u017een\u00ed\u00a0<span class=\"advancedHighlight SearchKeywordHighlight\" data-classic=\"true\">ACEA<\/span>\u00a0nicm\u00e9n\u011b upozornilo, \u017ee za r\u016fstem z velk\u00e9 \u010d\u00e1sti st\u00e1la n\u00edzk\u00e1 \u00farove\u0148 prodeje na za\u010d\u00e1tku lo\u0148sk\u00e9ho roku, kdy se automobilov\u00fd pr\u016fmysl pot\u00fdkal s nedostatkem polovodi\u010d\u016f.<\/p>\n<p>\u010cesk\u00fd\u00a0<span class=\"e1id3 e4id0 advancedHighlight\" data-id=\"8\" data-classic=\"false\">Svaz<\/span>\u00a0<span class=\"e1id3 e4id0 advancedHighlight\" data-id=\"8\" data-classic=\"false\">dovozc\u016f<\/span>\u00a0<span class=\"e1id3 e4id0 advancedHighlight\" data-id=\"8\" data-classic=\"false\">automobil\u016f<\/span>\u00a0u\u017e d\u0159\u00edve ozn\u00e1mil, \u017ee prodej nov\u00fdch osobn\u00edch aut v\u00a0<span class=\"e0id0 advancedHighlight\" data-id=\"3\" data-classic=\"false\">\u010cesk\u00e9<\/span>\u00a0<span class=\"e0id0 advancedHighlight\" data-id=\"3\" data-classic=\"false\">republice<\/span>\u00a0za prvn\u00ed dva m\u011bs\u00edce leto\u0161n\u00edho roku stoupl meziro\u010dn\u011b o 11,4 procenta na 33 963 voz\u016f. V samotn\u00e9m \u00fanoru se meziro\u010dn\u011b zv\u00fd\u0161il o 18,3 procenta na 16 826 aut.<\/p>\n<p>Sdru\u017een\u00ed\u00a0<span class=\"advancedHighlight SearchKeywordHighlight\" data-classic=\"true\">ACEA<\/span>\u00a0v \u00fater\u00fd uvedlo, \u017ee prodej elektromobil\u016f v\u00a0<span class=\"e1id0 advancedHighlight\" data-id=\"0\" data-classic=\"false\">EU<\/span>\u00a0se v \u00fanoru meziro\u010dn\u011b zv\u00fd\u0161il o 39,7 procenta na 97 300 voz\u016f. Upozornilo, \u017ee prodej rostl ve v\u0161ech \u010dlensk\u00fdch zem\u00edch s v\u00fdjimkou\u00a0<span class=\"e0id0 advancedHighlight\" data-id=\"3\" data-classic=\"false\">\u010cesk\u00e9<\/span>\u00a0<span class=\"e0id0 advancedHighlight\" data-id=\"3\" data-classic=\"false\">republiky<\/span>\u00a0a\u00a0<span class=\"e0id1 advancedHighlight\" data-id=\"5\" data-classic=\"false\">Slovenska<\/span>. V\u00a0<span class=\"e0id0 advancedHighlight\" data-id=\"3\" data-classic=\"false\">\u010cesku<\/span>\u00a0se sn\u00ed\u017eil o 3,2 procenta na 299 voz\u016f.<\/p>\n<p>Pod\u00edl elektromobil\u016f na celkov\u00e9m prodeji aut v\u00a0<span class=\"e1id0 advancedHighlight\" data-id=\"0\" data-classic=\"false\">EU<\/span>\u00a0v \u00fanoru vzrostl na 12,1 procenta z 9,7 procenta p\u0159ed rokem.<\/p>\n<p>Automobilka\u00a0<span class=\"e1id1 e4id0 advancedHighlight\" data-id=\"20\" data-classic=\"false\">\u0160koda<\/span>\u00a0<span class=\"e1id1 e4id0 advancedHighlight\" data-id=\"20\" data-classic=\"false\">Auto<\/span>, kter\u00e1 je sou\u010d\u00e1st\u00ed skupiny\u00a0<span class=\"e1id2 e4id0 advancedHighlight\" data-id=\"22\" data-classic=\"false\">Volkswagen<\/span>, v \u00fanoru prodej v zem\u00edch\u00a0<span class=\"e1id0 advancedHighlight\" data-id=\"0\" data-classic=\"false\">EU<\/span>\u00a0meziro\u010dn\u011b zv\u00fd\u0161ila o 18,4 procenta na 44 993 voz\u016f. Pod\u00edl t\u00e9to zna\u010dky na unijn\u00edm trhu se tak zv\u00fd\u0161il na 5,6 procenta z 5,3 procenta p\u0159ed rokem, uvedla\u00a0<span class=\"advancedHighlight SearchKeywordHighlight\" data-classic=\"true\">ACEA<\/span>.<\/p>\n<p>V cel\u00e9m lo\u0148sk\u00e9m roce souhrnn\u00fd prodej nov\u00fdch osobn\u00edch automobil\u016f v\u00a0<span class=\"e1id0 advancedHighlight\" data-id=\"0\" data-classic=\"false\">Evropsk\u00e9<\/span>\u00a0<span class=\"e1id0 advancedHighlight\" data-id=\"0\" data-classic=\"false\">unii<\/span>\u00a0klesl o 4,6 procenta zhruba na 9,3 milionu voz\u016f, co\u017e je nejm\u00e9n\u011b od roku 1993. Hlavn\u00ed p\u0159\u00ed\u010dinou byl nedostatek sou\u010d\u00e1stek v prvn\u00edm pololet\u00ed, od srpna do prosince u\u017e trh vykazoval r\u016fst.<\/p>\n<p>Sdru\u017een\u00ed\u00a0<span class=\"advancedHighlight SearchKeywordHighlight\" data-classic=\"true\">ACEA<\/span>\u00a0koncem ledna p\u0159edpov\u011bd\u011blo, \u017ee v leto\u0161n\u00edm roce se prodej zv\u00fd\u0161\u00ed o p\u011bt procent asi na 9,8 milionu voz\u016f. Z\u00e1rove\u0148 ale varovalo p\u0159ed negativn\u00edmi d\u016fsledky pl\u00e1novan\u00e9 p\u0159\u00edsn\u011bj\u0161\u00ed emisn\u00ed normy\u00a0<span class=\"e3id0 advancedHighlight\" data-id=\"28\" data-classic=\"false\">Euro<\/span>\u00a0<span class=\"e3id0 advancedHighlight\" data-id=\"28\" data-classic=\"false\">7<\/span>, kter\u00e1 by podle n\u011bj mohla zdra\u017eit automobily v pr\u016fm\u011bru o 2000 eur (zhruba 48 tis\u00edc K\u010d) a podkopat popt\u00e1vku.<\/p>\n<p><strong>Zdroj: ACEA<\/strong><\/p>\n","protected":false},"excerpt":{"rendered":"<div class=\"mh-excerpt\"><p>Prodej nov\u00fdch osobn\u00edch automobil\u016f v\u00a0Evropsk\u00e9\u00a0unii\u00a0se v \u00fanoru meziro\u010dn\u011b zv\u00fd\u0161il o 11,5 procenta na 802 763 voz\u016f, r\u016fst vyk\u00e1zal u\u017e sedm\u00fd m\u011bs\u00edc za sebou. Vypl\u00fdv\u00e1 to <a class=\"mh-excerpt-more\" href=\"https:\/\/www.automakersnews.cz\/index.php\/2023\/03\/21\/acea-unor-prinesl-rust-prodeju-novych-aut\/\" title=\"ACEA: prodeje nov\u00fdch aut v EU rostou\">[&#8230;]<\/a><\/p>\n<\/div>","protected":false},"author":1,"featured_media":715,"comment_status":"open","ping_status":"open","sticky":false,"template":"","format":"standard","meta":{"footnotes":""},"categories":[8],"tags":[],"class_list":["post-31647","post","type-post","status-publish","format-standard","has-post-thumbnail","hentry","category-statistika"],"_links":{"self":[{"href":"https:\/\/www.automakersnews.cz\/index.php\/wp-json\/wp\/v2\/posts\/31647","targetHints":{"allow":["GET"]}}],"collection":[{"href":"https:\/\/www.automakersnews.cz\/index.php\/wp-json\/wp\/v2\/posts"}],"about":[{"href":"https:\/\/www.automakersnews.cz\/index.php\/wp-json\/wp\/v2\/types\/post"}],"author":[{"embeddable":true,"href":"https:\/\/www.automakersnews.cz\/index.php\/wp-json\/wp\/v2\/users\/1"}],"replies":[{"embeddable":true,"href":"https:\/\/www.automakersnews.cz\/index.php\/wp-json\/wp\/v2\/comments?post=31647"}],"version-history":[{"count":0,"href":"https:\/\/www.automakersnews.cz\/index.php\/wp-json\/wp\/v2\/posts\/31647\/revisions"}],"wp:featuredmedia":[{"embeddable":true,"href":"https:\/\/www.automakersnews.cz\/index.php\/wp-json\/wp\/v2\/media\/715"}],"wp:attachment":[{"href":"https:\/\/www.automakersnews.cz\/index.php\/wp-json\/wp\/v2\/media?parent=31647"}],"wp:term":[{"taxonomy":"category","embeddable":true,"href":"https:\/\/www.automakersnews.cz\/index.php\/wp-json\/wp\/v2\/categories?post=31647"},{"taxonomy":"post_tag","embeddable":true,"href":"https:\/\/www.automakersnews.cz\/index.php\/wp-json\/wp\/v2\/tags?post=31647"}],"curies":[{"name":"wp","href":"https:\/\/api.w.org\/{rel}","templated":true}]}}