{"id":31677,"date":"2023-03-21T08:48:09","date_gmt":"2023-03-21T08:48:09","guid":{"rendered":"https:\/\/www.automakersnews.cz\/?p=31677"},"modified":"2023-03-21T08:51:23","modified_gmt":"2023-03-21T08:51:23","slug":"citroen-a-peugeot-predaly-vozy-charite","status":"publish","type":"post","link":"https:\/\/www.automakersnews.cz\/index.php\/2023\/03\/21\/citroen-a-peugeot-predaly-vozy-charite\/","title":{"rendered":"Citro\u00ebn a Peugeot p\u0159edaly vozy charit\u011b"},"content":{"rendered":"<p lang=\"cs-CZ\" align=\"LEFT\"><span style=\"color: #00000a;\"><span style=\"font-family: Times New Roman, serif;\"><span style=\"font-size: medium;\"><b>Zna\u010dky CITRO\u00cbN a PEUGEOT p\u0159edaly v\u00a0r\u00e1mci programu HANDYCARS auta charit\u011b. HANDYCARS, program mobility osob se zdravotn\u00edm posti\u017een\u00edm, je spole\u010dn\u00fdm<\/b><span style=\"color: #131313;\"><b> projektem zna\u010dek CITRO\u00cbN, PEUGEOT a OPEL. Kdo p\u0159ed\u00e1val kl\u00ed\u010dky?<\/b><\/span><\/span><\/span><\/span><!--more--><\/p>\n<p lang=\"cs-CZ\" align=\"LEFT\"><span style=\"color: #00000a;\"><span style=\"font-family: Times New Roman, serif;\"><span style=\"font-size: medium;\"><span style=\"color: #131313;\"> Jeho smyslem je nab\u00eddka komplexn\u00edch slu\u017eeb a podpora osob se zdravotn\u00edm posti\u017een\u00edm \u2013 od prvotn\u00edho poradenstv\u00ed p\u0159i v\u00fdb\u011bru vhodn\u00e9ho vozu p\u0159es za\u0159\u00edzen\u00ed jeho p\u0159estavby a\u017e po financov\u00e1n\u00ed a poji\u0161t\u011bn\u00ed, v\u0161e na jednom m\u00edst\u011b v\u00a0r\u00e1mci prodejn\u00ed s\u00edt\u011b zna\u010dek.<\/span><\/span><\/span><\/span><\/p>\n<p lang=\"cs-CZ\" align=\"LEFT\"><span style=\"color: #00000a;\"><span style=\"font-family: Times New Roman, serif;\"><span style=\"font-size: medium;\">CITRO\u00cbN zap\u016fj\u010dil velkokapacitn\u00ed elektrick\u00fd model \u00eb-SpaceTourer Obchodn\u00ed akademii Olgy Havlov\u00e9 v J\u00e1nsk\u00fdch L\u00e1zn\u00edch. Speci\u00e1ln\u00ed odborn\u00e1 a praktick\u00e1 \u0161kola Olgy Havlov\u00e9 je p\u0159\u00edsp\u011bvkovou organizac\u00ed, kter\u00e1 poskytuje st\u0159edn\u00ed vzd\u011bl\u00e1v\u00e1n\u00ed pro \u017e\u00e1ky s t\u011blesn\u00fdm posti\u017een\u00edm a soub\u011b\u017en\u00fdm posti\u017een\u00edm v\u00edce vadami, t\u00e9\u017e pro \u017e\u00e1ky s autismem, poruchami u\u010den\u00ed a chov\u00e1n\u00ed a ment\u00e1ln\u00edm posti\u017een\u00edm. <\/span><\/span><\/span><\/p>\n<p lang=\"cs-CZ\" align=\"LEFT\"><span style=\"color: #00000a;\"><span style=\"font-family: Times New Roman, serif;\"><span style=\"font-size: medium;\"><span style=\"color: #000000;\">V\u016fz SpaceTourer s nadstandardn\u00ed v\u00fdbavou a elektrick\u00fdm pohonem nab\u00edz\u00ed j\u00edzdu s nulov\u00fdmi emisemi CO2, dojezd a\u017e 330 km.<\/span><\/span><\/span><\/span><\/p>\n<p lang=\"cs-CZ\" align=\"LEFT\"><span style=\"color: #00000a;\"><span style=\"font-family: Times New Roman, serif;\"><span style=\"font-size: medium;\">Ka\u017ed\u00e9 z nez\u00e1visle posuvn\u00fdch sedadel m\u00e1 sklopn\u00e9 op\u011bradlo s op\u011brkou hlavy a loketn\u00ed op\u011brkou pro optim\u00e1ln\u00ed pohodl\u00ed. Zadn\u00ed sedadla je mo\u017en\u00e9 posouvat dop\u0159edu i dozadu a upravit tak prostor podle aktu\u00e1ln\u00edch pot\u0159eb.<\/span><\/span><\/span><\/p>\n<p lang=\"cs-CZ\" align=\"LEFT\"><img loading=\"lazy\" decoding=\"async\" class=\"alignnone size-large wp-image-31680\" src=\"http:\/\/www.automakersnews.cz\/wp-content\/uploads\/2023\/03\/Citroen-Hosek-Charita-1024x683.jpg\" alt=\"\" width=\"1024\" height=\"683\" srcset=\"https:\/\/www.automakersnews.cz\/wp-content\/uploads\/2023\/03\/Citroen-Hosek-Charita-1024x683.jpg 1024w, https:\/\/www.automakersnews.cz\/wp-content\/uploads\/2023\/03\/Citroen-Hosek-Charita-300x200.jpg 300w, https:\/\/www.automakersnews.cz\/wp-content\/uploads\/2023\/03\/Citroen-Hosek-Charita-768x512.jpg 768w, https:\/\/www.automakersnews.cz\/wp-content\/uploads\/2023\/03\/Citroen-Hosek-Charita.jpg 1200w\" sizes=\"auto, (max-width: 1024px) 100vw, 1024px\" \/><\/p>\n<p lang=\"cs-CZ\" align=\"LEFT\"><span style=\"color: #00000a;\"><span style=\"font-family: Times New Roman, serif;\"><span style=\"font-size: medium;\"> <span style=\"color: #000000;\">Kl\u00ed\u010dky na \u0161est m\u011bs\u00edc\u016f p\u0159evzala \u0159editelka \u0161koly Mgr. Jana Honz\u00edkov\u00e1 od \u0159editele B2B v\u0161ech zna\u010dek skupiny Emil Frey Luk\u00e1\u0161e Ho\u0161ka. <\/span><\/span><\/span><\/span><\/p>\n<p lang=\"cs-CZ\" align=\"LEFT\"><img loading=\"lazy\" decoding=\"async\" class=\"alignnone size-large wp-image-31683\" src=\"http:\/\/www.automakersnews.cz\/wp-content\/uploads\/2023\/03\/Peugeot-handy-cars-charita-1024x768.jpg\" alt=\"\" width=\"1024\" height=\"768\" \/><\/p>\n<p lang=\"cs-CZ\" align=\"LEFT\"><span style=\"color: #00000a;\"><span style=\"font-family: Times New Roman, serif;\"><span style=\"font-size: medium;\">PEUGEOT dlouhodob\u011b podporuje\u00a0nada\u010dn\u00ed fond KlaPeto, jemu\u017e na rok poskytl model <\/span><span style=\"color: #000000;\"><span style=\"font-size: medium;\">3008. Tento v\u016fz vyst\u0159\u00edd\u00e1 <\/span><\/span><a href=\"https:\/\/www.media.stellantis.com\/cz-cs\/peugeot\/press\/peugeot-5008-ve-sluzbach-nadace-klapeto\"><span style=\"font-size: medium;\">Peugeot 5008, kter\u00fd slou\u017eil nadaci KlaPeto<\/span><\/a><span style=\"color: #000000;\"><span style=\"font-size: medium;\"> od poloviny roku 2021. Krom\u011b dlouhodob\u00fdch bezplatn\u00fdch z\u00e1p\u016fj\u010dek voz\u016f zna\u010dka Peugeot tak\u00e9 finan\u010dn\u011b podporuje hlavn\u00ed charitativn\u00ed akci nada\u010dn\u00edho fondu Klapeto, ka\u017edoro\u010dn\u00ed v\u00fdstup na Sn\u011b\u017eku.<\/span><\/span><\/span><\/span><\/p>\n<p lang=\"cs-CZ\" align=\"LEFT\"><span style=\"color: #00000a;\"><span style=\"font-family: Times New Roman, serif;\"><span style=\"font-size: medium;\"><span style=\"color: #000000;\">Nada\u010dn\u00ed fond KlaPeto poskytuje p\u0159\u00edsp\u011bvky posti\u017een\u00fdm d\u011btem do 18 let a za dobu sv\u00e9 existence vybral p\u0159es 9 milion\u016f korun a pomohl tak des\u00edtk\u00e1m handicapovan\u00fdch d\u011bt\u00ed. P\u0159\u00edsp\u011bvky putuj\u00ed zejm\u00e9na na neurorehabilita\u010dn\u00ed pobyty a zdravotn\u00ed a kompenza\u010dn\u00ed pom\u016fcky, kter\u00e9 nehrad\u00ed zdravotn\u00ed poji\u0161\u0165ovny. <\/span><\/span><\/span><\/span><\/p>\n<p lang=\"cs-CZ\" align=\"LEFT\"><img loading=\"lazy\" decoding=\"async\" class=\"alignnone size-large wp-image-31682\" src=\"http:\/\/www.automakersnews.cz\/wp-content\/uploads\/2023\/03\/Peugeot-klape-to-1024x768.jpg\" alt=\"\" width=\"1024\" height=\"768\" \/><\/p>\n<p lang=\"cs-CZ\" align=\"LEFT\"><span style=\"color: #00000a;\"><span style=\"font-family: Times New Roman, serif;\"><span style=\"font-size: medium;\"> Peugeot 3008 p\u0159ezval z\u00a0rukou Luk\u00e1\u0161e Ho\u0161ka <\/span><span style=\"color: #000000;\"><span style=\"font-size: medium;\">spoluzakladatel nada\u010dn\u00edho fondu KlaPeto a mezin\u00e1rodn\u011b \u00fasp\u011b\u0161n\u00fd handicapovan\u00fd atlet Jaroslav Petrou\u0161.<\/span><\/span><\/span><\/span><\/p>\n","protected":false},"excerpt":{"rendered":"<div class=\"mh-excerpt\"><p>Zna\u010dky CITRO\u00cbN a PEUGEOT p\u0159edaly v\u00a0r\u00e1mci programu HANDYCARS auta charit\u011b. HANDYCARS, program mobility osob se zdravotn\u00edm posti\u017een\u00edm, je spole\u010dn\u00fdm projektem zna\u010dek CITRO\u00cbN, PEUGEOT a OPEL. <a class=\"mh-excerpt-more\" href=\"https:\/\/www.automakersnews.cz\/index.php\/2023\/03\/21\/citroen-a-peugeot-predaly-vozy-charite\/\" title=\"Citro\u00ebn a Peugeot p\u0159edaly vozy charit\u011b\">[&#8230;]<\/a><\/p>\n<\/div>","protected":false},"author":1,"featured_media":31678,"comment_status":"open","ping_status":"open","sticky":false,"template":"","format":"standard","meta":{"footnotes":""},"categories":[60],"tags":[],"class_list":["post-31677","post","type-post","status-publish","format-standard","has-post-thumbnail","hentry","category-spolecenska-zodpovednost"],"_links":{"self":[{"href":"https:\/\/www.automakersnews.cz\/index.php\/wp-json\/wp\/v2\/posts\/31677","targetHints":{"allow":["GET"]}}],"collection":[{"href":"https:\/\/www.automakersnews.cz\/index.php\/wp-json\/wp\/v2\/posts"}],"about":[{"href":"https:\/\/www.automakersnews.cz\/index.php\/wp-json\/wp\/v2\/types\/post"}],"author":[{"embeddable":true,"href":"https:\/\/www.automakersnews.cz\/index.php\/wp-json\/wp\/v2\/users\/1"}],"replies":[{"embeddable":true,"href":"https:\/\/www.automakersnews.cz\/index.php\/wp-json\/wp\/v2\/comments?post=31677"}],"version-history":[{"count":0,"href":"https:\/\/www.automakersnews.cz\/index.php\/wp-json\/wp\/v2\/posts\/31677\/revisions"}],"wp:featuredmedia":[{"embeddable":true,"href":"https:\/\/www.automakersnews.cz\/index.php\/wp-json\/wp\/v2\/media\/31678"}],"wp:attachment":[{"href":"https:\/\/www.automakersnews.cz\/index.php\/wp-json\/wp\/v2\/media?parent=31677"}],"wp:term":[{"taxonomy":"category","embeddable":true,"href":"https:\/\/www.automakersnews.cz\/index.php\/wp-json\/wp\/v2\/categories?post=31677"},{"taxonomy":"post_tag","embeddable":true,"href":"https:\/\/www.automakersnews.cz\/index.php\/wp-json\/wp\/v2\/tags?post=31677"}],"curies":[{"name":"wp","href":"https:\/\/api.w.org\/{rel}","templated":true}]}}