{"id":31690,"date":"2023-03-21T09:07:21","date_gmt":"2023-03-21T09:07:21","guid":{"rendered":"https:\/\/www.automakersnews.cz\/?p=31690"},"modified":"2023-03-21T10:32:44","modified_gmt":"2023-03-21T10:32:44","slug":"golfista-babicky-amabsadorem-citroenu","status":"publish","type":"post","link":"https:\/\/www.automakersnews.cz\/index.php\/2023\/03\/21\/golfista-babicky-amabsadorem-citroenu\/","title":{"rendered":"Golfista Babick\u00fd ambasadorem Citro\u00ebnu"},"content":{"rendered":"<p><strong>Import\u00e9rsk\u00fd speci\u00e1l Automakers p\u00e1tral po leto\u0161n\u00edch novink\u00e1ch ve sponzorsk\u00e9 st\u00e1ji Citro\u00ebnu. Zna\u010dka se letos rozhodla spojit s golfov\u00fdm prost\u0159ed\u00edm model Citro\u00ebn C5 X. Nov\u00fdm ambasadorem vozu je Alan Babick\u00fd, kter\u00fd zalo\u017eil organizaci v\u011bnuj\u00edc\u00ed se propagaci a v\u00fduce golfu.<\/strong><!--more--><\/p>\n<p>Sb\u00edral \u00fasp\u011bchy jako hr\u00e1\u010d a posl\u00e9ze i jako tren\u00e9r a hr\u00e1\u010dsk\u00fd agent. Mezi jeho \u017e\u00e1ky byla spousta zn\u00e1m\u00fdch osobnost\u00ed. Spoluorganizoval p\u0159es dv\u011b stovky golfov\u00fdch turnaj\u016f a v\u011bnuje se k tomu tak\u00e9 p\u0159ekladu odborn\u00fdch golfov\u00fdch knih. Sport gentleman\u016f komentuje i v televizi. Alan si p\u0159evzal nov\u00fd v\u016fz ve specifikaci C5 X SHINE PACK PLUG-IN HYBRID 225 \u00eb-EAT8.<\/p>\n<p>\u201eJ\u00edzdn\u00ed vlastnosti jsou opravdu skv\u011bl\u00e9 a ve v\u00fdbav\u011b je snad v\u0161echno, o \u010dem jsem kdy sly\u0161el. Od vyh\u0159\u00edvan\u00e9ho volantu a\u017e po otev\u00edr\u00e1n\u00ed kufru nohou&#8230; Najezd\u00edm desetitis\u00edce kilometr\u016f ro\u010dn\u011b, a tak oce\u0148uji v\u0161echny mo\u017en\u00e9 asisten\u010dn\u00ed slu\u017eby pro znaven\u00e9 \u0159idi\u010de a dal\u0161\u00ed vychyt\u00e1vky, nicm\u00e9n\u011b u m\u011b v\u00edt\u011bz\u00ed mas\u00e1\u017en\u00ed provzdu\u0161n\u011bn\u00e9 seda\u010dky s n\u011bkolika programy pro unaven\u00e1 z\u00e1da. Do tohoto pohodln\u00e9ho a prostorn\u00e9ho vozu se vejdou m\u00e9 3 d\u011bti a v\u0161echny jejich golfov\u00e9 a tenisov\u00e9 bagy. A je to prvn\u00ed auto po dlouh\u00e9 dob\u011b, kam se do kufru vejde m\u016fj golfov\u00fd bag i v travel coveru. Plug in Hybrid je budoucnost p\u0159epravy, kter\u00e1 s sebou nav\u00edc p\u0159in\u00e1\u0161\u00ed \u00falevy parkov\u00e1n\u00ed v Praze, co\u017e je velk\u00e1 v\u00fdhoda&#8230; Prost\u011b pro sportovn\u011b lad\u011bn\u00e9ho t\u00e1tu velk\u00e9 rodiny se jedn\u00e1 o naprosto ide\u00e1ln\u00ed auto,\u201c okomentoval sv\u016fj v\u00fdb\u011br Babick\u00fd.<\/p>\n<p><strong>Zdroj: Import\u00e9rsk\u00fd speci\u00e1l Automakers<\/strong><\/p>\n","protected":false},"excerpt":{"rendered":"<div class=\"mh-excerpt\"><p>Import\u00e9rsk\u00fd speci\u00e1l Automakers p\u00e1tral po leto\u0161n\u00edch novink\u00e1ch ve sponzorsk\u00e9 st\u00e1ji Citro\u00ebnu. Zna\u010dka se letos rozhodla spojit s golfov\u00fdm prost\u0159ed\u00edm model Citro\u00ebn C5 X. Nov\u00fdm ambasadorem <a class=\"mh-excerpt-more\" href=\"https:\/\/www.automakersnews.cz\/index.php\/2023\/03\/21\/golfista-babicky-amabsadorem-citroenu\/\" title=\"Golfista Babick\u00fd ambasadorem Citro\u00ebnu\">[&#8230;]<\/a><\/p>\n<\/div>","protected":false},"author":1,"featured_media":31691,"comment_status":"open","ping_status":"open","sticky":false,"template":"","format":"standard","meta":{"footnotes":""},"categories":[18],"tags":[],"class_list":["post-31690","post","type-post","status-publish","format-standard","has-post-thumbnail","hentry","category-sponzoring"],"_links":{"self":[{"href":"https:\/\/www.automakersnews.cz\/index.php\/wp-json\/wp\/v2\/posts\/31690","targetHints":{"allow":["GET"]}}],"collection":[{"href":"https:\/\/www.automakersnews.cz\/index.php\/wp-json\/wp\/v2\/posts"}],"about":[{"href":"https:\/\/www.automakersnews.cz\/index.php\/wp-json\/wp\/v2\/types\/post"}],"author":[{"embeddable":true,"href":"https:\/\/www.automakersnews.cz\/index.php\/wp-json\/wp\/v2\/users\/1"}],"replies":[{"embeddable":true,"href":"https:\/\/www.automakersnews.cz\/index.php\/wp-json\/wp\/v2\/comments?post=31690"}],"version-history":[{"count":0,"href":"https:\/\/www.automakersnews.cz\/index.php\/wp-json\/wp\/v2\/posts\/31690\/revisions"}],"wp:featuredmedia":[{"embeddable":true,"href":"https:\/\/www.automakersnews.cz\/index.php\/wp-json\/wp\/v2\/media\/31691"}],"wp:attachment":[{"href":"https:\/\/www.automakersnews.cz\/index.php\/wp-json\/wp\/v2\/media?parent=31690"}],"wp:term":[{"taxonomy":"category","embeddable":true,"href":"https:\/\/www.automakersnews.cz\/index.php\/wp-json\/wp\/v2\/categories?post=31690"},{"taxonomy":"post_tag","embeddable":true,"href":"https:\/\/www.automakersnews.cz\/index.php\/wp-json\/wp\/v2\/tags?post=31690"}],"curies":[{"name":"wp","href":"https:\/\/api.w.org\/{rel}","templated":true}]}}