{"id":318,"date":"2022-08-02T08:31:39","date_gmt":"2022-08-02T08:31:39","guid":{"rendered":"http:\/\/www.automakersnews.cz\/?p=318"},"modified":"2022-08-02T08:31:39","modified_gmt":"2022-08-02T08:31:39","slug":"zmena-v-komunikaci-skoda-auto","status":"publish","type":"post","link":"https:\/\/www.automakersnews.cz\/index.php\/2022\/08\/02\/zmena-v-komunikaci-skoda-auto\/","title":{"rendered":"Zm\u011bna v komunikaci \u0160KODA AUTO"},"content":{"rendered":"<p><strong>V\u00edt\u011bzslav Kodym p\u0159evzal od 1. srpna veden\u00ed celosv\u011btov\u00e9 Komunikace produktu spole\u010dnosti \u0160KODA AUTO a bude tak zodpov\u00eddat za\u00a0<\/strong><strong>tematick\u00e9 okruhy technika, produkty a motorsport.<\/strong><span id=\"more-153725\"><\/span><!--more--><\/p>\n<p>Kodym bude p\u0159\u00edmo pod\u0159\u00edzen vedouc\u00ed komunikace Ariane Kilian. Ve funkci vyst\u0159\u00edd\u00e1 Christiana Heubnera, kter\u00fd p\u0159evezme veden\u00ed odd\u011blen\u00ed Communication Experience zna\u010dky Volkswagen ve Wolfsburgu.<\/p>\n<p>V\u00edt\u011bzslav Kodym pracuje v odd\u011blen\u00ed komunikace spole\u010dnosti \u0160KODA AUTO od roku 2013, naposledy ve funkci vedouc\u00edho Managementu komunikace. V t\u00e9to funkci zodpov\u00eddal za strategick\u00e9 pl\u00e1nov\u00e1n\u00ed a koordinaci celosv\u011btov\u00fdch komunika\u010dn\u00edch aktivit. Od 1. srpna bude jako vedouc\u00ed Komunikace produktu zodpov\u00eddat za tematick\u00e9 okruhy technika, produkty a motorsport.<\/p>\n<p>Ariane Kilian, vedouc\u00ed komunikace spole\u010dnosti \u0160KODA AUTO, zd\u016fraznila: \u201eD\u011bkuji Christianu Heubnerovi, kter\u00fd Komunikaci produktu v posledn\u00edm roce a p\u016fl vynikaj\u00edc\u00edm zp\u016fsobem formoval a vnesl do n\u00ed impulzy zejm\u00e9na v podob\u011b inovativn\u00edch digit\u00e1ln\u00edch form\u00e1t\u016f, a p\u0159eji mu jen to nejlep\u0161\u00ed p\u0159i jeho nov\u00e9m \u00fakolu. Z\u00e1rove\u0148 se t\u011b\u0161\u00edm na spolupr\u00e1ci s V\u00edt\u011bzslavem Kodymem. V jeho osob\u011b jsme pro tento \u00fakol z\u00edskali uzn\u00e1van\u00e9ho produktov\u00e9ho experta, kter\u00fd d\u00edky sv\u00e9 dlouholet\u00e9 zku\u0161enosti motoristick\u00e9ho novin\u00e1\u0159e p\u0159inese nov\u00e9 n\u00e1pady. Zam\u011b\u0159\u00ed se hlavn\u011b na je\u0161t\u011b digit\u00e1ln\u011bj\u0161\u00ed, agiln\u011bj\u0161\u00ed a efektivn\u011bj\u0161\u00ed uspo\u0159\u00e1d\u00e1n\u00ed Komunikace produktu, kter\u00e9 maxim\u00e1ln\u011b spln\u00ed po\u017eadavky novin\u00e1\u0159\u016f. V tom mu p\u0159eji hodn\u011b \u00fasp\u011bch\u016f a radosti.\u201c<\/p>\n","protected":false},"excerpt":{"rendered":"<div class=\"mh-excerpt\"><p>V\u00edt\u011bzslav Kodym p\u0159evzal od 1. srpna veden\u00ed celosv\u011btov\u00e9 Komunikace produktu spole\u010dnosti \u0160KODA AUTO a bude tak zodpov\u00eddat za\u00a0tematick\u00e9 okruhy technika, produkty a motorsport.<\/p>\n<\/div>","protected":false},"author":1,"featured_media":319,"comment_status":"open","ping_status":"open","sticky":false,"template":"","format":"standard","meta":{"footnotes":""},"categories":[1],"tags":[],"class_list":["post-318","post","type-post","status-publish","format-standard","has-post-thumbnail","hentry","category-uncategorized"],"_links":{"self":[{"href":"https:\/\/www.automakersnews.cz\/index.php\/wp-json\/wp\/v2\/posts\/318","targetHints":{"allow":["GET"]}}],"collection":[{"href":"https:\/\/www.automakersnews.cz\/index.php\/wp-json\/wp\/v2\/posts"}],"about":[{"href":"https:\/\/www.automakersnews.cz\/index.php\/wp-json\/wp\/v2\/types\/post"}],"author":[{"embeddable":true,"href":"https:\/\/www.automakersnews.cz\/index.php\/wp-json\/wp\/v2\/users\/1"}],"replies":[{"embeddable":true,"href":"https:\/\/www.automakersnews.cz\/index.php\/wp-json\/wp\/v2\/comments?post=318"}],"version-history":[{"count":0,"href":"https:\/\/www.automakersnews.cz\/index.php\/wp-json\/wp\/v2\/posts\/318\/revisions"}],"wp:featuredmedia":[{"embeddable":true,"href":"https:\/\/www.automakersnews.cz\/index.php\/wp-json\/wp\/v2\/media\/319"}],"wp:attachment":[{"href":"https:\/\/www.automakersnews.cz\/index.php\/wp-json\/wp\/v2\/media?parent=318"}],"wp:term":[{"taxonomy":"category","embeddable":true,"href":"https:\/\/www.automakersnews.cz\/index.php\/wp-json\/wp\/v2\/categories?post=318"},{"taxonomy":"post_tag","embeddable":true,"href":"https:\/\/www.automakersnews.cz\/index.php\/wp-json\/wp\/v2\/tags?post=318"}],"curies":[{"name":"wp","href":"https:\/\/api.w.org\/{rel}","templated":true}]}}