{"id":31949,"date":"2023-03-22T07:11:33","date_gmt":"2023-03-22T07:11:33","guid":{"rendered":"https:\/\/www.automakersnews.cz\/?p=31949"},"modified":"2023-03-22T07:16:34","modified_gmt":"2023-03-22T07:16:34","slug":"ford-mel-premieru-elektrickeho-exploreru-video","status":"publish","type":"post","link":"https:\/\/www.automakersnews.cz\/index.php\/2023\/03\/22\/ford-mel-premieru-elektrickeho-exploreru-video\/","title":{"rendered":"Ford m\u011bl premi\u00e9ru e-Exploreru (VIDEO)"},"content":{"rendered":"<p><strong>Ford p\u0159edstavil 21. b\u0159ezna ve sv\u011btov\u00e9 premi\u00e9\u0159e nov\u00fd elektrick\u00fd Explorer \u2013 elektromobil, kter\u00fd m\u00e1 kombinovat n\u011bmeckou konstruk\u010dn\u00ed vysp\u011blost (vyr\u00e1b\u00ed se v Kol\u00edn\u011b nad R\u00fdnem) s americk\u00fdm stylem. Prezentaci moderoval evropsk\u00fd mana\u017eer FMC Martin Sander.<\/strong><!--more--><\/p>\n<p>Explorer je podle Sandera prvn\u00ed z vlny nov\u00fdch inovativn\u00edch elektromobil\u016f zna\u010dky Ford a otev\u00edr\u00e1 cestu k naprost\u00e9mu p\u0159erodu zna\u010dky Ford v Evrop\u011b. Crossover st\u0159edn\u00ed t\u0159\u00eddy nab\u00edz\u00ed p\u011bt m\u00edst k sezen\u00ed ve dvou \u0159ad\u00e1ch sedadel a je vybaven v\u0161\u00edm pot\u0159ebn\u00fdm k rodinn\u00fdm cest\u00e1m za dobrodru\u017estv\u00edm.<\/p>\n<p><a href=\"https:\/\/www.youtube.com\/watch?v=AoYHfeeVl74\">Tohle je nov\u00fd pln\u011b elektrick\u00fd Ford Explorer. Objevujte jinak. &#8211; YouTube<\/a><\/p>\n<p>Pln\u011b elektrick\u00fd Explorer byl zkonstruov\u00e1n v N\u011bmecku, kde se bude tak\u00e9 vyr\u00e1b\u011bt. Cel\u00e9 pos\u00e1dce nab\u00edz\u00ed vynikaj\u00edc\u00ed digit\u00e1ln\u00ed u\u017eivatelskou zku\u0161enost. K nejzaj\u00edmav\u011bj\u0161\u00edm nov\u00fdm prvk\u016fm v\u00fdbavy pat\u0159\u00ed rozm\u011brn\u00e1 pohybliv\u00e1 dotykov\u00e1 obrazovka SYNC Move, online infotainment s akustikou p\u0159izp\u016fsobenou interi\u00e9ru, bezdr\u00e1tov\u00e1 integrace aplikac\u00ed a pokro\u010dil\u00e9 asisten\u010dn\u00ed technologie.<\/p>\n<p><img loading=\"lazy\" decoding=\"async\" class=\"alignnone size-full wp-image-31952\" src=\"http:\/\/www.automakersnews.cz\/wp-content\/uploads\/2023\/03\/ford-2.webp\" alt=\"\" width=\"746\" height=\"560\" srcset=\"https:\/\/www.automakersnews.cz\/wp-content\/uploads\/2023\/03\/ford-2.webp 746w, https:\/\/www.automakersnews.cz\/wp-content\/uploads\/2023\/03\/ford-2-300x225.webp 300w, https:\/\/www.automakersnews.cz\/wp-content\/uploads\/2023\/03\/ford-2-678x509.webp 678w, https:\/\/www.automakersnews.cz\/wp-content\/uploads\/2023\/03\/ford-2-326x245.webp 326w, https:\/\/www.automakersnews.cz\/wp-content\/uploads\/2023\/03\/ford-2-80x60.webp 80w\" sizes=\"auto, (max-width: 746px) 100vw, 746px\" \/><\/p>\n<p>D\u00edky koncepci p\u0159ipraven\u00e9 na dobrodru\u017estv\u00ed a objemu zavazadlov\u00e9ho prostoru p\u0159ibli\u017en\u011b 470 litr\u016f v p\u011btim\u00edstn\u00e9 konfiguraci je nejnov\u011bj\u0161\u00ed elektromobil zna\u010dky Ford ide\u00e1ln\u00ed pro objevov\u00e1n\u00ed m\u011bsta i odlehlej\u0161\u00edch oblast\u00ed. Do 17litrov\u00e9 konzoly mezi \u0159idi\u010dem a spolujezdcem se vejde 15palcov\u00fd notebook. Ukl\u00e1d\u00e1n\u00ed a p\u0159epravu men\u0161\u00edch i v\u011bt\u0161\u00edch p\u0159edm\u011bt\u016f usnad\u0148uje tak\u00e9 skryt\u00e1 schr\u00e1nka a bezdotykov\u00e9 ovl\u00e1d\u00e1n\u00ed p\u00e1t\u00fdch dve\u0159\u00ed.<\/p>\n<p>S futuristick\u00fdm designem exteri\u00e9ru koresponduje ultramodern\u00ed interi\u00e9r s pr\u00e9miov\u00fdmi materi\u00e1ly a modern\u00edmi prvky, jako jsou v\u00fdrazn\u011b tvarovan\u00e1 sportovn\u00ed sedadla nebo sofistikovan\u00fd soundbar, jak\u00fd by bylo mo\u017en\u00e9 o\u010dek\u00e1vat sp\u00ed\u0161e v revolu\u010dn\u00edm koncep\u010dn\u00edm automobilu ne\u017e v s\u00e9riov\u011b vyr\u00e1b\u011bn\u00e9m rodinn\u00e9m voze. To v\u0161e je spojeno se schopnost\u00ed rychl\u00e9ho nab\u00edjen\u00ed z 10 na 80 % za pouh\u00fdch 25 minut a p\u0159\u00edstupem k 500 000 nab\u00edjec\u00edch m\u00edst (od p\u0159\u00ed\u0161t\u00edho roku) po cel\u00e9 Evrop\u011b.<\/p>\n<p>\u201eExplorer je pr\u016fkopn\u00edkem nov\u00e9 generace vzru\u0161uj\u00edc\u00edch elektromobil\u016f Ford. Vych\u00e1z\u00ed z na\u0161ich americk\u00fdch ko\u0159en\u016f, ale vyr\u00e1b\u00ed se v Kol\u00edn\u011b nad R\u00fdnem pro evropsk\u00e9 z\u00e1kazn\u00edky, je p\u0159ipraven na velk\u00e1 dobrodru\u017estv\u00ed a je pln\u011b vybaven v\u0161\u00edm, co budou na\u0161i z\u00e1kazn\u00edci pot\u0159ebovat v ka\u017edodenn\u00edm \u017eivot\u011b,\u201c \u0159ekl Martin Sander, gener\u00e1ln\u00ed \u0159editel Ford Model e pro Evropu.<\/p>\n<p><img loading=\"lazy\" decoding=\"async\" class=\"alignnone wp-image-31954\" src=\"http:\/\/www.automakersnews.cz\/wp-content\/uploads\/2023\/03\/ford-5-300x181.webp\" alt=\"\" width=\"844\" height=\"509\" srcset=\"https:\/\/www.automakersnews.cz\/wp-content\/uploads\/2023\/03\/ford-5-300x181.webp 300w, https:\/\/www.automakersnews.cz\/wp-content\/uploads\/2023\/03\/ford-5.webp 746w\" sizes=\"auto, (max-width: 844px) 100vw, 844px\" \/><\/p>\n<p><strong>Stylov\u00fd, inteligentn\u00ed a p\u0159ipraven\u00fd na del\u0161\u00ed cesty<\/strong><\/p>\n<p>Nov\u00fd elektrick\u00fd Explorer je prvn\u00edm elektromobilem, kter\u00fd Ford velkos\u00e9riov\u011b vyr\u00e1b\u00ed ve sv\u00e9m nov\u00e9m centru v\u00fdroby elektromobil\u016f v n\u011bmeck\u00e9m Kol\u00edn\u011b nad R\u00fdnem. Spole\u010dnost se ji\u017e d\u0159\u00edve zav\u00e1zala, \u017ee od roku 2030 bude v Evrop\u011b nab\u00edzet osobn\u00ed vozy v\u00fdhradn\u011b s elektrick\u00fdm pohonem.<\/p>\n<p>Aerodynamick\u00fd exteri\u00e9r transformuje ducha a asertivn\u00ed styl ikonick\u00e9ho americk\u00e9ho SUV pro novou elektrickou \u00e9ru. Definuj\u00edc\u00edm prvkem je zde v\u00fdrazn\u00fd \u201e\u0161t\u00edt\u201c na m\u00edst\u011b tradi\u010dn\u00ed masky chladi\u010de.<\/p>\n<p>Informa\u010dn\u00ed a z\u00e1bavn\u00ed syst\u00e9m SYNC Move v Exploreru je vybaven pohyblivou 15palcovou pohyblivou obrazovkou, kter\u00e1 se m\u016f\u017ee podle pot\u0159eby \u0159idi\u010de plynule posouvat nahoru a dol\u016f a skr\u00fdv\u00e1 tajn\u00fd \u00falo\u017en\u00fd prostor na cenn\u00e9 v\u011bci. P\u0159ihr\u00e1dka pro dva velk\u00e9 chytr\u00e9 telefony je standardn\u011b dod\u00e1v\u00e1na s bezdr\u00e1tovou nab\u00edje\u010dkou<sup>4<\/sup>\u00a0a syst\u00e9m SYNC Move poskytuje bezdr\u00e1tovou kompatibilitu s Android Auto i Apple CarPlay.<\/p>\n<p>Nab\u00edjen\u00ed na cest\u00e1ch i doma bude rychl\u00e9 a snadn\u00e9. Explorer toti\u017e pom\u016f\u017ee \u0159idi\u010di napl\u00e1novat nejvhodn\u011bj\u0161\u00ed zast\u00e1vky na nab\u00edjen\u00ed pod\u00e9l trasy. Nab\u00edjen\u00ed doma lze na\u010dasovat tak, aby se vyu\u017eila levn\u011bj\u0161\u00ed elekt\u0159ina, pokud je k dispozici, a aby p\u0159i rann\u00edm odjezdu m\u011bla baterie i kabina optim\u00e1ln\u00ed teplotu.<\/p>\n<p>Explorer, kter\u00fd bude dostupn\u00fd s pohonem zadn\u00ed n\u00e1pravy nebo ve verzi s pohonem v\u0161ech kol, nab\u00edz\u00ed tak\u00e9 \u0159adu funkc\u00ed, kter\u00e9 zajist\u00ed, \u017ee cel\u00e1 pos\u00e1dka bude po p\u0159\u00edjezdu do c\u00edle stejn\u011b sv\u011b\u017e\u00ed a energick\u00e1 jako na za\u010d\u00e1tku. Standardn\u011b dod\u00e1van\u00e1 komfortn\u00ed v\u00fdbava zahrnuje vyh\u0159\u00edv\u00e1n\u00ed p\u0159edn\u00edch sedadel a volantu, mas\u00e1\u017en\u00ed sedadlo \u0159idi\u010de a dvouz\u00f3novou klimatizaci. Ke standardn\u011b dod\u00e1van\u00e9mu bezkl\u00ed\u010dov\u00e9mu odemyk\u00e1n\u00ed lze na p\u0159\u00e1n\u00ed doplnit bezdotykov\u00e9 ovl\u00e1d\u00e1n\u00ed p\u00e1t\u00fdch dve\u0159\u00ed, se kter\u00fdm mohou majitel\u00e9 otev\u0159\u00edt zavazadlov\u00fd prostor m\u00e1vnut\u00edm nohou pod zadn\u00edm n\u00e1razn\u00edkem, kdy\u017e p\u0159ijdou k vozu s plnou n\u00e1ru\u010d\u00ed nap\u0159\u00edklad sportovn\u00edho vybaven\u00ed.<\/p>\n<p>V sad\u011b asisten\u010dn\u00edch syst\u00e9m\u016f se poprv\u00e9 v evropsk\u00e9 nab\u00eddce zna\u010dky Ford objevuje asistent zm\u011bny j\u00edzdn\u00edho pruhu,<sup>\u00a03<\/sup>\u00a0kter\u00fd umo\u017e\u0148uje plynulou a bezpe\u010dnou zm\u011bnu j\u00edzdn\u00edho pruhu pouh\u00fdm zapnut\u00edm ukazatele sm\u011bru, a asistent bezpe\u010dn\u00e9ho vystupov\u00e1n\u00ed,<sup>3<\/sup>\u00a0kter\u00fd p\u0159ed otev\u0159en\u00edm dve\u0159\u00ed v ru\u0161n\u00fdch centrech m\u011bst varuje p\u0159ed bl\u00ed\u017e\u00edc\u00edmi se cyklisty.<\/p>\n<p><strong>Dobrodru\u017estv\u00ed ve skute\u010dn\u00e9m sv\u011bt\u011b<\/strong><\/p>\n<p>Aby Ford demonstroval p\u0159ednosti Exploreru, nav\u00e1zal spolupr\u00e1ci s influencerkou a cestovatelkou Lexie Alfordovou a napl\u00e1noval s n\u00ed glob\u00e1ln\u00ed expedici v elektrick\u00e9m Exploreru. Alfordov\u00e1, milion\u016fm lid\u00ed zn\u00e1m\u00e1 tak\u00e9 jako Lexie Limitless, je nejmlad\u0161\u00edm \u010dlov\u011bkem, kter\u00fd nav\u0161t\u00edvil v\u0161echny zem\u011b sv\u011bta. Jej\u00ed cesta kolem sv\u011bta za\u010dne je\u0161t\u011b letos a je inspirovan\u00e1 v\u00fdpravou cestovatelsk\u00e9 rekordmanky Alohy Wanderwell ve Fordu Model T, kterou p\u0159ed 100 lety sponzoroval Ford.<\/p>\n<p>Z\u00e1kazn\u00edci si mohou ze sv\u00e9ho po\u010d\u00edta\u010de nebo mobiln\u00edho za\u0159\u00edzen\u00ed vyzkou\u0161et <a href=\"https:\/\/www.driveelectricexplorer.com\/\" target=\"_blank\" rel=\"noopener\">virtu\u00e1ln\u00ed testovac\u00ed j\u00edzdy elektrick\u00fdm Explorerem<\/a>\u00a0v r\u016fzn\u00fdch prost\u0159ed\u00edch.<\/p>\n<p><img loading=\"lazy\" decoding=\"async\" class=\"alignnone wp-image-31953\" src=\"http:\/\/www.automakersnews.cz\/wp-content\/uploads\/2023\/03\/ford-3-300x225.webp\" alt=\"\" width=\"823\" height=\"617\" srcset=\"https:\/\/www.automakersnews.cz\/wp-content\/uploads\/2023\/03\/ford-3-300x225.webp 300w, https:\/\/www.automakersnews.cz\/wp-content\/uploads\/2023\/03\/ford-3-678x509.webp 678w, https:\/\/www.automakersnews.cz\/wp-content\/uploads\/2023\/03\/ford-3-326x245.webp 326w, https:\/\/www.automakersnews.cz\/wp-content\/uploads\/2023\/03\/ford-3-80x60.webp 80w, https:\/\/www.automakersnews.cz\/wp-content\/uploads\/2023\/03\/ford-3.webp 746w\" sizes=\"auto, (max-width: 823px) 100vw, 823px\" \/><\/p>\n","protected":false},"excerpt":{"rendered":"<div class=\"mh-excerpt\"><p>Ford p\u0159edstavil 21. b\u0159ezna ve sv\u011btov\u00e9 premi\u00e9\u0159e nov\u00fd elektrick\u00fd Explorer \u2013 elektromobil, kter\u00fd m\u00e1 kombinovat n\u011bmeckou konstruk\u010dn\u00ed vysp\u011blost (vyr\u00e1b\u00ed se v Kol\u00edn\u011b nad R\u00fdnem) s <a class=\"mh-excerpt-more\" href=\"https:\/\/www.automakersnews.cz\/index.php\/2023\/03\/22\/ford-mel-premieru-elektrickeho-exploreru-video\/\" title=\"Ford m\u011bl premi\u00e9ru e-Exploreru (VIDEO)\">[&#8230;]<\/a><\/p>\n<\/div>","protected":false},"author":4,"featured_media":32092,"comment_status":"open","ping_status":"open","sticky":false,"template":"","format":"standard","meta":{"footnotes":""},"categories":[22],"tags":[],"class_list":["post-31949","post","type-post","status-publish","format-standard","has-post-thumbnail","hentry","category-elektromobily"],"_links":{"self":[{"href":"https:\/\/www.automakersnews.cz\/index.php\/wp-json\/wp\/v2\/posts\/31949","targetHints":{"allow":["GET"]}}],"collection":[{"href":"https:\/\/www.automakersnews.cz\/index.php\/wp-json\/wp\/v2\/posts"}],"about":[{"href":"https:\/\/www.automakersnews.cz\/index.php\/wp-json\/wp\/v2\/types\/post"}],"author":[{"embeddable":true,"href":"https:\/\/www.automakersnews.cz\/index.php\/wp-json\/wp\/v2\/users\/4"}],"replies":[{"embeddable":true,"href":"https:\/\/www.automakersnews.cz\/index.php\/wp-json\/wp\/v2\/comments?post=31949"}],"version-history":[{"count":0,"href":"https:\/\/www.automakersnews.cz\/index.php\/wp-json\/wp\/v2\/posts\/31949\/revisions"}],"wp:featuredmedia":[{"embeddable":true,"href":"https:\/\/www.automakersnews.cz\/index.php\/wp-json\/wp\/v2\/media\/32092"}],"wp:attachment":[{"href":"https:\/\/www.automakersnews.cz\/index.php\/wp-json\/wp\/v2\/media?parent=31949"}],"wp:term":[{"taxonomy":"category","embeddable":true,"href":"https:\/\/www.automakersnews.cz\/index.php\/wp-json\/wp\/v2\/categories?post=31949"},{"taxonomy":"post_tag","embeddable":true,"href":"https:\/\/www.automakersnews.cz\/index.php\/wp-json\/wp\/v2\/tags?post=31949"}],"curies":[{"name":"wp","href":"https:\/\/api.w.org\/{rel}","templated":true}]}}