{"id":31962,"date":"2023-03-24T08:42:55","date_gmt":"2023-03-24T08:42:55","guid":{"rendered":"https:\/\/www.automakersnews.cz\/?p=31962"},"modified":"2023-03-24T08:42:55","modified_gmt":"2023-03-24T08:42:55","slug":"janik-motorsport-2x-na-stupnich-vitezu","status":"publish","type":"post","link":"https:\/\/www.automakersnews.cz\/index.php\/2023\/03\/24\/janik-motorsport-2x-na-stupnich-vitezu\/","title":{"rendered":"Jan\u00edk Motorsport 2x na stupn\u00edch v\u00edt\u011bz\u016f"},"content":{"rendered":"<p><strong>Ji\u017e druh\u00fd podnik z celkov\u00e9 trojice vytrvalostn\u00ed s\u00e9rie 4 HOURS MOST odstartovala v ned\u011bli 19. 3. 2023 na mosteck\u00e9m Automotodromu. Na startovn\u00ed ro\u0161t se zde za Jan\u00edk Motorsport postavily hned 3 t\u00fdmov\u00e9 vozy Hyundai i30N.<\/strong><!--more--><\/p>\n<p>Seda\u010dku prvn\u00edho z nich pro sebe stejn\u011b jako v lednov\u00e9m z\u00e1vodu obsadil Petr Koukola, kter\u00fd naprosto zku\u0161en\u011b krou\u017eil po okruhu cel\u00e9 4 hodiny a jeho sebejist\u00e1 j\u00edzda ho op\u011btovn\u011b vynesla na vynikaj\u00edc\u00ed st\u0159\u00edbrn\u00fd stup\u00ednek v\u00edt\u011bz\u016f.<\/p>\n<p>Dal\u0161\u00ed pos\u00e1dku tvo\u0159ilo \u201ezdrav\u00e9 j\u00e1dro\u201c , takt\u00e9\u017e ji\u017e ost\u0159\u00edlen\u00fdch matador\u016f z p\u0159edchoz\u00edho lednov\u00e9ho z\u00e1vodu &#8211; Jarom\u00edr Mal\u00fd a Jakub Luke\u0161, ke kter\u00fdm se p\u0159ipojili Ale\u0161 Seidl spolu s Janem Luke\u0161em. D\u00edky sv\u00e9 vyrovnan\u00e9 a bezchybn\u00e9 j\u00edzd\u011b vybojovali bronzovou p\u0159\u00ed\u010dku a podstatn\u011b t\u00edm vylep\u0161ili sv\u00e9 um\u00edst\u011bn\u00ed z p\u0159ede\u0161l\u00e9ho podniku.<\/p>\n<p>Posledn\u00edm \u201e\u017eel\u00edzkem v ohni\u201c t\u00fdmu Jan\u00edk Motorsport byla \u010dtve\u0159ice jezdc\u016f, zastupuj\u00edc\u00ed na\u0161eho obchodn\u00edho partnera Hyundai Motor Czech s.r.o.. Nov\u00e1\u010dk\u016fm se nad ve\u0161ker\u00e1 o\u010dek\u00e1v\u00e1n\u00ed da\u0159ilo velmi dob\u0159e, bohu\u017eel v\u0161ak d\u00edky nepl\u00e1novan\u00e9 v\u00fdm\u011bn\u011b brzdov\u00fdch desti\u010dek nabrali \u010dasovou ztr\u00e1tu, kterou ji\u017e nebylo re\u00e1ln\u00e9 dohnat a v\u00fdsledkem tak bylo kone\u010dn\u00e9 13. m\u00edsto.<\/p>\n<p>Nyn\u00ed ji\u017e t\u00fdm soust\u0159ed\u00ed ve\u0161ker\u00e9 sv\u00e9 s\u00edly na vstup do nov\u00e9 z\u00e1vodn\u00ed sez\u00f3ny, kdy se piln\u011b p\u0159ipravuje na prvn\u00ed leto\u0161n\u00ed 3-denn\u00ed testov\u00e1n\u00ed t\u00e9m\u011b\u0159 kompletn\u00ed t\u00fdmov\u00e9 z\u00e1vodn\u00ed techniky, na kter\u00e9 pak nav\u00e1\u017ee dlouho o\u010dek\u00e1van\u00fd prvn\u00ed vrcha\u0159sk\u00fd podnik \u201eVI. GMS PROLOG AUTOMOTODROM BRNO \u2013 \u010cR\u201c, to v\u0161e v term\u00ednu 29.3.-02.04.2023.<\/p>\n<p><img loading=\"lazy\" decoding=\"async\" class=\"alignnone wp-image-31964\" src=\"http:\/\/www.automakersnews.cz\/wp-content\/uploads\/2023\/03\/4-HOURS-MOST-small-1-1-300x200.jpg\" alt=\"\" width=\"831\" height=\"554\" srcset=\"https:\/\/www.automakersnews.cz\/wp-content\/uploads\/2023\/03\/4-HOURS-MOST-small-1-1-300x200.jpg 300w, https:\/\/www.automakersnews.cz\/wp-content\/uploads\/2023\/03\/4-HOURS-MOST-small-1-1-1024x683.jpg 1024w, https:\/\/www.automakersnews.cz\/wp-content\/uploads\/2023\/03\/4-HOURS-MOST-small-1-1-768x512.jpg 768w, https:\/\/www.automakersnews.cz\/wp-content\/uploads\/2023\/03\/4-HOURS-MOST-small-1-1.jpg 1500w\" sizes=\"auto, (max-width: 831px) 100vw, 831px\" \/><\/p>\n","protected":false},"excerpt":{"rendered":"<div class=\"mh-excerpt\"><p>Ji\u017e druh\u00fd podnik z celkov\u00e9 trojice vytrvalostn\u00ed s\u00e9rie 4 HOURS MOST odstartovala v ned\u011bli 19. 3. 2023 na mosteck\u00e9m Automotodromu. Na startovn\u00ed ro\u0161t se zde <a class=\"mh-excerpt-more\" href=\"https:\/\/www.automakersnews.cz\/index.php\/2023\/03\/24\/janik-motorsport-2x-na-stupnich-vitezu\/\" title=\"Jan\u00edk Motorsport 2x na stupn\u00edch v\u00edt\u011bz\u016f\">[&#8230;]<\/a><\/p>\n<\/div>","protected":false},"author":4,"featured_media":31966,"comment_status":"open","ping_status":"open","sticky":false,"template":"","format":"standard","meta":{"footnotes":""},"categories":[16,50],"tags":[],"class_list":["post-31962","post","type-post","status-publish","format-standard","has-post-thumbnail","hentry","category-motorsport","category-vysledky"],"_links":{"self":[{"href":"https:\/\/www.automakersnews.cz\/index.php\/wp-json\/wp\/v2\/posts\/31962","targetHints":{"allow":["GET"]}}],"collection":[{"href":"https:\/\/www.automakersnews.cz\/index.php\/wp-json\/wp\/v2\/posts"}],"about":[{"href":"https:\/\/www.automakersnews.cz\/index.php\/wp-json\/wp\/v2\/types\/post"}],"author":[{"embeddable":true,"href":"https:\/\/www.automakersnews.cz\/index.php\/wp-json\/wp\/v2\/users\/4"}],"replies":[{"embeddable":true,"href":"https:\/\/www.automakersnews.cz\/index.php\/wp-json\/wp\/v2\/comments?post=31962"}],"version-history":[{"count":0,"href":"https:\/\/www.automakersnews.cz\/index.php\/wp-json\/wp\/v2\/posts\/31962\/revisions"}],"wp:featuredmedia":[{"embeddable":true,"href":"https:\/\/www.automakersnews.cz\/index.php\/wp-json\/wp\/v2\/media\/31966"}],"wp:attachment":[{"href":"https:\/\/www.automakersnews.cz\/index.php\/wp-json\/wp\/v2\/media?parent=31962"}],"wp:term":[{"taxonomy":"category","embeddable":true,"href":"https:\/\/www.automakersnews.cz\/index.php\/wp-json\/wp\/v2\/categories?post=31962"},{"taxonomy":"post_tag","embeddable":true,"href":"https:\/\/www.automakersnews.cz\/index.php\/wp-json\/wp\/v2\/tags?post=31962"}],"curies":[{"name":"wp","href":"https:\/\/api.w.org\/{rel}","templated":true}]}}