{"id":31967,"date":"2023-03-22T07:09:36","date_gmt":"2023-03-22T07:09:36","guid":{"rendered":"https:\/\/www.automakersnews.cz\/?p=31967"},"modified":"2023-03-22T07:09:36","modified_gmt":"2023-03-22T07:09:36","slug":"peugeot-jede-promo-akci-7-dni","status":"publish","type":"post","link":"https:\/\/www.automakersnews.cz\/index.php\/2023\/03\/22\/peugeot-jede-promo-akci-7-dni\/","title":{"rendered":"Peugeot jede promo akci 7 dn\u00ed"},"content":{"rendered":"<p><strong>Po dvoulet\u00e9 p\u0159est\u00e1vce se op\u011bt kon\u00e1 akce 7 dn\u00ed Peugeot, ud\u00e1lost, kter\u00e1 prov\u00e1zela Peugeot v \u010cR po mnoho let a pro\u0161la mnoha obm\u011bnami. P\u0159in\u00e1\u0161\u00ed jako\u017eto sign\u00e1l, \u017ee automobilov\u00fd sv\u011bt se op\u011bt vrac\u00ed do norm\u00e1lu. 7 dn\u00ed Peugeot za\u010dne 24. b\u0159ezna.<\/strong><!--more--><\/p>\n<p>\u201eM\u00e1me za sebou turbulentn\u00ed obdob\u00ed nedostatku nov\u00fdch voz\u016f a nekone\u010dn\u00fdch dodac\u00edch lh\u016ft. Nyn\u00ed, kdy\u017e m\u00e1me op\u011bt dostate\u010dn\u00e9 skladov\u00e9 z\u00e1soby a jsme schopni realizovat dod\u00e1n\u00ed nov\u00fdch voz\u016f ve standardn\u00edch 3 a\u017e 4 m\u011bs\u00edc\u00edch od objedn\u00e1n\u00ed do v\u00fdroby, nastal \u010das restartovat n\u00e1\u0161 business a d\u00e1t mu nov\u00fd impuls. Proto jsme se rozhodli uspo\u0159\u00e1dat na\u0161i tradi\u010dn\u00ed akci 7 dn\u00ed Peugeot a pozvat z\u00e1kazn\u00edky, aby si p\u0159i\u0161li vybrat z na\u0161\u00ed bohat\u00e9 a velice atraktivn\u00ed nab\u00eddky nov\u00fdch voz\u016f a technologi\u00ed,\u201c \u0159ekl Marco Venturini, \u0159editel zna\u010dky Peugeot v \u010cR.<\/p>\n<figure id=\"attachment_20778\" aria-describedby=\"caption-attachment-20778\" style=\"width: 1024px\" class=\"wp-caption alignnone\"><img loading=\"lazy\" decoding=\"async\" class=\"size-large wp-image-20778\" src=\"http:\/\/www.automakersnews.cz\/wp-content\/uploads\/2023\/02\/Peugeot-408-Venturini-1024x674.jpg\" alt=\"\" width=\"1024\" height=\"674\" \/><figcaption id=\"caption-attachment-20778\" class=\"wp-caption-text\">Marco Venturini<\/figcaption><\/figure>\n<p>V r\u00e1mci akce 7 dn\u00ed Peugeot budou klienti v prodejn\u00ed s\u00edti zna\u010dky moci zakoupit nejprod\u00e1van\u011bj\u0161\u00ed model na evropsk\u00e9m trhu, Peugeot 208, v \u00farovni v\u00fdbavy Active Pack ji\u017e za 382 000 K\u010d. \u010cesk\u00fd bestseller zna\u010dky, m\u011bstsk\u00e9 SUV Peugeot 2008, lze po\u0159\u00eddit za 514 800 K\u010d. Ak\u010dn\u00ed ceny se vztahuj\u00ed jak na benz\u00ednov\u00e9 a dieselov\u00e9 verze, tak i na 100% elektromobily, kter\u00e9 nav\u00edc dostanou prodlou\u017eenou osmiletou z\u00e1ruku (120 000 km).<\/p>\n<p>Tak\u00e9 z\u00e1kladn\u00ed pil\u00ed\u0159e modelov\u00e9 \u0159ady zna\u010dky, obl\u00edben\u00e1 SUV Peugeot 3008 a 5008, jsou nab\u00edzena s ak\u010dn\u00edmi slevami. Model 3008 s benz\u00ednov\u00fdm motorem 1.2 PureTech lze po\u0159\u00eddit za 722 100 K\u010d, plug-in hybrid pak za 1 053 400 K\u010d a s osmiletou z\u00e1rukou (120 000 km). Sedmim\u00edstn\u00e9 SUV Peugeot 5008 je v r\u00e1mci 7 dn\u00ed Peugeot v prodeji od 765 400 K\u010d.<\/p>\n<p>Akce 7 dn\u00ed Peugeot prob\u011bhne od 24. do 31. b\u0159ezna 2023 v cel\u00e9 prodejn\u00ed s\u00edti zna\u010dky Peugeot. P\u0159ehled v\u0161ech ak\u010dn\u00edch cen je k dispozici na peugeot.cz<\/p>\n","protected":false},"excerpt":{"rendered":"<div class=\"mh-excerpt\"><p>Po dvoulet\u00e9 p\u0159est\u00e1vce se op\u011bt kon\u00e1 akce 7 dn\u00ed Peugeot, ud\u00e1lost, kter\u00e1 prov\u00e1zela Peugeot v \u010cR po mnoho let a pro\u0161la mnoha obm\u011bnami. P\u0159in\u00e1\u0161\u00ed jako\u017eto <a class=\"mh-excerpt-more\" href=\"https:\/\/www.automakersnews.cz\/index.php\/2023\/03\/22\/peugeot-jede-promo-akci-7-dni\/\" title=\"Peugeot jede promo akci 7 dn\u00ed\">[&#8230;]<\/a><\/p>\n<\/div>","protected":false},"author":4,"featured_media":31968,"comment_status":"open","ping_status":"open","sticky":false,"template":"","format":"standard","meta":{"footnotes":""},"categories":[10],"tags":[],"class_list":["post-31967","post","type-post","status-publish","format-standard","has-post-thumbnail","hentry","category-eventy"],"_links":{"self":[{"href":"https:\/\/www.automakersnews.cz\/index.php\/wp-json\/wp\/v2\/posts\/31967","targetHints":{"allow":["GET"]}}],"collection":[{"href":"https:\/\/www.automakersnews.cz\/index.php\/wp-json\/wp\/v2\/posts"}],"about":[{"href":"https:\/\/www.automakersnews.cz\/index.php\/wp-json\/wp\/v2\/types\/post"}],"author":[{"embeddable":true,"href":"https:\/\/www.automakersnews.cz\/index.php\/wp-json\/wp\/v2\/users\/4"}],"replies":[{"embeddable":true,"href":"https:\/\/www.automakersnews.cz\/index.php\/wp-json\/wp\/v2\/comments?post=31967"}],"version-history":[{"count":0,"href":"https:\/\/www.automakersnews.cz\/index.php\/wp-json\/wp\/v2\/posts\/31967\/revisions"}],"wp:featuredmedia":[{"embeddable":true,"href":"https:\/\/www.automakersnews.cz\/index.php\/wp-json\/wp\/v2\/media\/31968"}],"wp:attachment":[{"href":"https:\/\/www.automakersnews.cz\/index.php\/wp-json\/wp\/v2\/media?parent=31967"}],"wp:term":[{"taxonomy":"category","embeddable":true,"href":"https:\/\/www.automakersnews.cz\/index.php\/wp-json\/wp\/v2\/categories?post=31967"},{"taxonomy":"post_tag","embeddable":true,"href":"https:\/\/www.automakersnews.cz\/index.php\/wp-json\/wp\/v2\/tags?post=31967"}],"curies":[{"name":"wp","href":"https:\/\/api.w.org\/{rel}","templated":true}]}}