{"id":32151,"date":"2023-03-22T11:35:54","date_gmt":"2023-03-22T11:35:54","guid":{"rendered":"https:\/\/www.automakersnews.cz\/?p=32151"},"modified":"2023-03-22T11:35:54","modified_gmt":"2023-03-22T11:35:54","slug":"ek-povoli-motory-na-synteticka-paliva","status":"publish","type":"post","link":"https:\/\/www.automakersnews.cz\/index.php\/2023\/03\/22\/ek-povoli-motory-na-synteticka-paliva\/","title":{"rendered":"EK povol\u00ed motory na syntetick\u00e1 paliva"},"content":{"rendered":"<p><strong><span style=\"color: #000000;\"><span style=\"font-family: Times New Roman, serif;\"><span style=\"font-size: medium;\">Evropsk\u00fd parlament letos v \u00fanoru definitivn\u011b schv\u00e1lil dohodu s \u010dlensk\u00fdmi st\u00e1ty Evropsk\u00e9 unie o tom, \u017ee od roku 2035 m\u00e1 b\u00fdt v \u010dlensk\u00fdch zem\u00edch z ekologick\u00fdch d\u016fvod\u016f nemo\u017en\u00e9 si po\u0159\u00eddit nov\u00fd automobil se spalovac\u00edm motorem. Je\u0161t\u011b neskon\u010dil b\u0159ezen a spalovac\u00edm pohon\u016fm v silni\u010dn\u00edch vozidlech se p\u0159eci jen otev\u00edr\u00e1 cesta k p\u0159e\u017eit\u00ed.<\/span><\/span><\/span><\/strong><!--more--><\/p>\n<p><span style=\"color: #000000;\"><span style=\"font-family: Times New Roman, serif;\"><span style=\"font-size: medium;\">Evropsk\u00e1 komise (EK) vyhov\u011bla podle informac\u00ed Reuters n\u011bkter\u00fdm st\u00e1t\u016fm a navrhla povolit po roce 2035 prodej nov\u00fdch osobn\u00edch aut se spalovac\u00edmi motory, pokud budou jezdit na takzvan\u00e1 syntetick\u00e1 paliva. Agentura<\/span><\/span><\/span> <span style=\"color: #000000;\"><span style=\"font-family: Times New Roman, serif;\"><span style=\"font-size: medium;\">p\u00ed\u0161e, \u017ee EK podlehla n\u011bmeck\u00e9mu tlaku na povolen\u00ed t\u011bchto pohonn\u00fdch hmot s podm\u00ednkou, \u017ee auta budou disponovat technologi\u00ed, kter\u00e1 jim zabr\u00e1n\u00ed vyu\u017e\u00edvat benz\u00edn, naftu \u010di jin\u00e1 paliva. K lobbingu za tatoi paliva se m\u011blo p\u0159ipojit i \u010cesko a dal\u0161\u00ed st\u00e1ty. <\/span><\/span><\/span><\/p>\n<p><span style=\"color: #000000;\"><span style=\"font-family: Times New Roman, serif;\"><span style=\"font-size: medium;\">Co to je syntetick\u00e9 palivo a m\u016f\u017ee zachr\u00e1nit pro evropsk\u00e9 \u0159idi\u010de spalovac\u00ed motor? <span style=\"color: #222222;\">Zat\u00edmco b\u011b\u017en\u00e9 palivo vznik\u00e1 rafinac\u00ed ropy, um\u011bl\u00e1 paliva vznikaj\u00ed chemickou reakc\u00ed (nej\u010dast\u011bji elektrol\u00fdzou vody na kysl\u00edk a vod\u00edk, n\u00e1sledn\u011b slou\u010den\u00ed vod\u00edku s CO2). Jejich spalov\u00e1n\u00ed produkuje v\u00fdrazn\u011b \u010dist\u0161\u00ed emise (bez s\u00edry a aromatick\u00fdch uhlovod\u00edk\u016f), vyu\u017eit\u00ed CO2 pro v\u00fdrobu (odpad z pr\u016fmyslov\u00e9 v\u00fdroby nebo p\u0159\u00edmo ze vzduchu) z nich d\u011bl\u00e1 uhl\u00edkov\u011b neutr\u00e1ln\u00ed palivo. Pokud se nav\u00edc vyr\u00e1b\u011bj\u00ed s vyu\u017eit\u00edm energie z obnoviteln\u00fdch zdroj\u016f, je i uhl\u00edkov\u00e1 stopa t\u00e9to produkce ni\u017e\u0161\u00ed ne\u017e u klasick\u00fdch paliv. <\/span><\/span><\/span><\/span><\/p>\n<p><span style=\"color: #000000;\"><span style=\"font-family: Times New Roman, serif;\"><span style=\"font-size: medium;\"><span style=\"color: #222222;\">Technologicky jsou tedy schopn\u00e1 nahradit ropn\u00e9 produkty, proto\u017ee jejich vyu\u017eit\u00ed si vynut\u00ed pouze \u010d\u00e1ste\u010dnou \u00fapravu klasick\u00fdch spalovac\u00edch motor\u016f.<\/span><\/span><\/span><\/span><\/p>\n<p><span style=\"color: #000000;\"><span style=\"font-family: Times New Roman, serif;\"><span style=\"font-size: medium;\"><span style=\"color: #222222;\"> \u201eJe tu ale h\u00e1\u010dek. Produkce um\u011bl\u00fdch paliv je velmi energeticky n\u00e1ro\u010dn\u00e1 a drah\u00e1. Jejich masov\u00e1 v\u00fdroba pro automobilovou doprtavu je praktiky nere\u00e1ln\u00e1,\u201c upozornil T\u00fdden\u00edk Euro motoristick\u00fd publicista Vladim\u00edr Rybeck\u00fd.<\/span><\/span><\/span><\/span><\/p>\n<p><span style=\"color: #000000;\"><span style=\"font-family: Times New Roman, serif;\"><span style=\"font-size: medium;\">Budoucnost spalovac\u00edch motor\u016f neohro\u017euje jen jejich omezen\u00ed pro rok 2035. U\u017e o deset let d\u0159\u00edve by v p\u0159\u00edpad\u011b schv\u00e1len\u00ed \u010dlensk\u00fdmi st\u00e1ty EU mohla platit nov\u00e1 norma Euro 7, kter\u00e1 ur\u010duje novou metodiku m\u011b\u0159en\u00ed emis\u00ed z provozu osobn\u00edch aut. N\u00e1vrh je tak p\u0159\u00edsn\u00fd, \u017ee by prakticky z trhu vym\u00fdtil mal\u00e9 vozy a ty v\u011bt\u0161\u00ed prodra\u017eil o des\u00edtky tis\u00edc korun. <\/span><\/span><\/span><\/p>\n<p><span style=\"color: #000000;\"><span style=\"font-family: Times New Roman, serif;\"><span style=\"font-size: medium;\">Nap\u0159\u00edklad \u010dlen p\u0159edstavenstva automobilky \u0160koda Auto pro prodej a marketing Martin Jahn \u0159ekl, \u017ee v p\u0159\u00edpad\u011b zaveden\u00ed normy Euro 7 bude podnik muset zav\u0159\u00edt jednu v\u00fdrobn\u00ed halu a o pr\u00e1ci p\u0159\u00edmo u automobilky p\u0159ijde 3000\u00a0lid\u00ed.<\/span><\/span><\/span><\/p>\n<p>&nbsp;<\/p>\n","protected":false},"excerpt":{"rendered":"<div class=\"mh-excerpt\"><p>Evropsk\u00fd parlament letos v \u00fanoru definitivn\u011b schv\u00e1lil dohodu s \u010dlensk\u00fdmi st\u00e1ty Evropsk\u00e9 unie o tom, \u017ee od roku 2035 m\u00e1 b\u00fdt v \u010dlensk\u00fdch zem\u00edch z <a class=\"mh-excerpt-more\" href=\"https:\/\/www.automakersnews.cz\/index.php\/2023\/03\/22\/ek-povoli-motory-na-synteticka-paliva\/\" title=\"EK povol\u00ed motory na syntetick\u00e1 paliva\">[&#8230;]<\/a><\/p>\n<\/div>","protected":false},"author":1,"featured_media":12303,"comment_status":"open","ping_status":"open","sticky":false,"template":"","format":"standard","meta":{"footnotes":""},"categories":[55,21],"tags":[],"class_list":["post-32151","post","type-post","status-publish","format-standard","has-post-thumbnail","hentry","category-alternativni-pohony","category-legislativa"],"_links":{"self":[{"href":"https:\/\/www.automakersnews.cz\/index.php\/wp-json\/wp\/v2\/posts\/32151","targetHints":{"allow":["GET"]}}],"collection":[{"href":"https:\/\/www.automakersnews.cz\/index.php\/wp-json\/wp\/v2\/posts"}],"about":[{"href":"https:\/\/www.automakersnews.cz\/index.php\/wp-json\/wp\/v2\/types\/post"}],"author":[{"embeddable":true,"href":"https:\/\/www.automakersnews.cz\/index.php\/wp-json\/wp\/v2\/users\/1"}],"replies":[{"embeddable":true,"href":"https:\/\/www.automakersnews.cz\/index.php\/wp-json\/wp\/v2\/comments?post=32151"}],"version-history":[{"count":0,"href":"https:\/\/www.automakersnews.cz\/index.php\/wp-json\/wp\/v2\/posts\/32151\/revisions"}],"wp:featuredmedia":[{"embeddable":true,"href":"https:\/\/www.automakersnews.cz\/index.php\/wp-json\/wp\/v2\/media\/12303"}],"wp:attachment":[{"href":"https:\/\/www.automakersnews.cz\/index.php\/wp-json\/wp\/v2\/media?parent=32151"}],"wp:term":[{"taxonomy":"category","embeddable":true,"href":"https:\/\/www.automakersnews.cz\/index.php\/wp-json\/wp\/v2\/categories?post=32151"},{"taxonomy":"post_tag","embeddable":true,"href":"https:\/\/www.automakersnews.cz\/index.php\/wp-json\/wp\/v2\/tags?post=32151"}],"curies":[{"name":"wp","href":"https:\/\/api.w.org\/{rel}","templated":true}]}}