{"id":32153,"date":"2023-03-27T07:22:09","date_gmt":"2023-03-27T07:22:09","guid":{"rendered":"https:\/\/www.automakersnews.cz\/?p=32153"},"modified":"2023-03-28T08:59:36","modified_gmt":"2023-03-28T08:59:36","slug":"zachrani-synteticka-paliva-spalovaci-motor","status":"publish","type":"post","link":"https:\/\/www.automakersnews.cz\/index.php\/2023\/03\/27\/zachrani-synteticka-paliva-spalovaci-motor\/","title":{"rendered":"Zachr\u00e1n\u00ed syntetick\u00e1 paliva spalovac\u00ed motor?"},"content":{"rendered":"<p><strong><span style=\"color: #000000;\"><span style=\"font-family: Times New Roman, serif;\"><span style=\"font-size: medium;\">Evropsk\u00e1 komise (EK) minul\u00fd t\u00fdden vyhov\u011bla n\u011bkter\u00fdm st\u00e1t\u016fm (hlavn\u011b N\u011bmecku, ale i\u00a0 \u010cesku) a navrhla povolit po roce 2035 prodej nov\u00fdch osobn\u00edch aut se spalovac\u00edmi motory, pokud budou jezdit na syntetick\u00e1 paliva. &#8222;Masovou v\u00fdrobu spalovac\u00edch motor\u016f to ale nezachr\u00e1n\u00ed,&#8220; m\u00edn\u00ed publicista Vladim\u00edr Rybeck\u00fd v aktu\u00e1ln\u00edm vyd\u00e1n\u00ed t\u00fdden\u00edku Euro.<\/span><\/span><\/span><\/strong><!--more--><\/p>\n<p><span style=\"color: #000000;\"><span style=\"font-family: Times New Roman, serif;\"><span style=\"font-size: medium;\">Agentura<\/span><\/span><\/span> <span style=\"color: #000000;\"><span style=\"font-family: Times New Roman, serif;\"><span style=\"font-size: medium;\">p\u00ed\u0161e, \u017ee EK podlehla n\u011bmeck\u00e9mu tlaku na povolen\u00ed t\u011bchto pohonn\u00fdch hmot s podm\u00ednkou, \u017ee auta budou disponovat technologi\u00ed, kter\u00e1 jim zabr\u00e1n\u00ed vyu\u017e\u00edvat benz\u00edn, naftu \u010di jin\u00e1 paliva. K lobbingu za tatoi paliva se m\u011blo p\u0159ipojit i \u010cesko a dal\u0161\u00ed st\u00e1ty. <\/span><\/span><\/span><\/p>\n<p><span style=\"color: #000000;\"><span style=\"font-family: Times New Roman, serif;\"><span style=\"font-size: medium;\">Co to je syntetick\u00e9 palivo a m\u016f\u017ee zachr\u00e1nit pro evropsk\u00e9 \u0159idi\u010de spalovac\u00ed motor? <span style=\"color: #222222;\">Zat\u00edmco b\u011b\u017en\u00e9 palivo vznik\u00e1 rafinac\u00ed ropy, um\u011bl\u00e1 paliva vznikaj\u00ed chemickou reakc\u00ed (nej\u010dast\u011bji elektrol\u00fdzou vody na kysl\u00edk a vod\u00edk, n\u00e1sledn\u011b slou\u010den\u00ed vod\u00edku s CO2). Jejich spalov\u00e1n\u00ed produkuje v\u00fdrazn\u011b \u010dist\u0161\u00ed emise (bez s\u00edry a aromatick\u00fdch uhlovod\u00edk\u016f), vyu\u017eit\u00ed CO2 pro v\u00fdrobu (odpad z pr\u016fmyslov\u00e9 v\u00fdroby nebo p\u0159\u00edmo ze vzduchu) z nich d\u011bl\u00e1 uhl\u00edkov\u011b neutr\u00e1ln\u00ed palivo. Pokud se nav\u00edc vyr\u00e1b\u011bj\u00ed s vyu\u017eit\u00edm energie z obnoviteln\u00fdch zdroj\u016f, je i uhl\u00edkov\u00e1 stopa t\u00e9to produkce ni\u017e\u0161\u00ed ne\u017e u klasick\u00fdch paliv. Technologicky jsou tedy schopn\u00e1 nahradit ropn\u00e9 produkty, proto\u017ee jejich vyu\u017eit\u00ed si vynut\u00ed pouze \u010d\u00e1ste\u010dnou \u00fapravu klasick\u00fdch spalovac\u00edch motor\u016f. <\/span><\/span><\/span><\/span><\/p>\n<p><strong>Rybeck\u00fd: produkce paliv je p\u0159\u00edli\u0161 drah\u00e1<\/strong><\/p>\n<p><span style=\"color: #000000;\"><span style=\"font-family: Times New Roman, serif;\"><span style=\"font-size: medium;\"><span style=\"color: #222222;\">\u201eJe tu ale h\u00e1\u010dek. Produkce um\u011bl\u00fdch paliv je velmi energeticky n\u00e1ro\u010dn\u00e1 a drah\u00e1. Jejich masov\u00e1 v\u00fdroba pro automobilovou dopravu je praktiky nere\u00e1ln\u00e1,\u201c upozornil T\u00fdden\u00edk Euro motoristick\u00fd publicista Vladim\u00edr Rybeck\u00fd.<\/span><\/span><\/span><\/span><\/p>\n<p>Podobn\u00e1 paliva vyr\u00e1b\u011blo za druh\u00e9 sv\u011btov\u00e9 v\u00e1lky N\u011bmecko z uhl\u00ed, proto\u017ee ke konci konfliktu trp\u011blo nedostatkem dov\u00e1\u017een\u00e9 ropy. Ani um\u011bl\u00e9 palivo z uhl\u00ed ho ale od por\u00e1\u017eky nezachr\u00e1nilo!<\/p>\n<p><span style=\"color: #000000;\"><span style=\"font-family: Times New Roman, serif;\"><span style=\"font-size: medium;\">Budoucnost spalovac\u00edch motor\u016f neohro\u017euje jen jejich omezen\u00ed pro rok 2035. U\u017e o deset let d\u0159\u00edve by v p\u0159\u00edpad\u011b schv\u00e1len\u00ed \u010dlensk\u00fdmi st\u00e1ty EU mohla platit nov\u00e1 norma Euro 7, kter\u00e1 ur\u010duje novou metodiku m\u011b\u0159en\u00ed emis\u00ed z provozu osobn\u00edch aut. N\u00e1vrh je tak p\u0159\u00edsn\u00fd, \u017ee by prakticky z trhu vym\u00fdtil mal\u00e9 vozy a ty v\u011bt\u0161\u00ed prodra\u017eil o des\u00edtky tis\u00edc korun. Automobilky by tak musely propustit \u010d\u00e1st zam\u011bstnanc\u016f.<\/span><\/span><\/span><\/p>\n<p><img loading=\"lazy\" decoding=\"async\" class=\"alignnone size-full wp-image-28403\" src=\"http:\/\/www.automakersnews.cz\/wp-content\/uploads\/2023\/03\/Motory.jpg\" alt=\"\" width=\"1000\" height=\"750\" srcset=\"https:\/\/www.automakersnews.cz\/wp-content\/uploads\/2023\/03\/Motory.jpg 1000w, https:\/\/www.automakersnews.cz\/wp-content\/uploads\/2023\/03\/Motory-300x225.jpg 300w, https:\/\/www.automakersnews.cz\/wp-content\/uploads\/2023\/03\/Motory-768x576.jpg 768w, https:\/\/www.automakersnews.cz\/wp-content\/uploads\/2023\/03\/Motory-678x509.jpg 678w, https:\/\/www.automakersnews.cz\/wp-content\/uploads\/2023\/03\/Motory-326x245.jpg 326w, https:\/\/www.automakersnews.cz\/wp-content\/uploads\/2023\/03\/Motory-80x60.jpg 80w\" sizes=\"auto, (max-width: 1000px) 100vw, 1000px\" \/><\/p>\n<p>&nbsp;<\/p>\n","protected":false},"excerpt":{"rendered":"<div class=\"mh-excerpt\"><p>Evropsk\u00e1 komise (EK) minul\u00fd t\u00fdden vyhov\u011bla n\u011bkter\u00fdm st\u00e1t\u016fm (hlavn\u011b N\u011bmecku, ale i\u00a0 \u010cesku) a navrhla povolit po roce 2035 prodej nov\u00fdch osobn\u00edch aut se spalovac\u00edmi <a class=\"mh-excerpt-more\" href=\"https:\/\/www.automakersnews.cz\/index.php\/2023\/03\/27\/zachrani-synteticka-paliva-spalovaci-motor\/\" title=\"Zachr\u00e1n\u00ed syntetick\u00e1 paliva spalovac\u00ed motor?\">[&#8230;]<\/a><\/p>\n<\/div>","protected":false},"author":1,"featured_media":33669,"comment_status":"open","ping_status":"open","sticky":false,"template":"","format":"standard","meta":{"footnotes":""},"categories":[6,27],"tags":[],"class_list":["post-32153","post","type-post","status-publish","format-standard","has-post-thumbnail","hentry","category-analyza","category-media"],"_links":{"self":[{"href":"https:\/\/www.automakersnews.cz\/index.php\/wp-json\/wp\/v2\/posts\/32153","targetHints":{"allow":["GET"]}}],"collection":[{"href":"https:\/\/www.automakersnews.cz\/index.php\/wp-json\/wp\/v2\/posts"}],"about":[{"href":"https:\/\/www.automakersnews.cz\/index.php\/wp-json\/wp\/v2\/types\/post"}],"author":[{"embeddable":true,"href":"https:\/\/www.automakersnews.cz\/index.php\/wp-json\/wp\/v2\/users\/1"}],"replies":[{"embeddable":true,"href":"https:\/\/www.automakersnews.cz\/index.php\/wp-json\/wp\/v2\/comments?post=32153"}],"version-history":[{"count":0,"href":"https:\/\/www.automakersnews.cz\/index.php\/wp-json\/wp\/v2\/posts\/32153\/revisions"}],"wp:featuredmedia":[{"embeddable":true,"href":"https:\/\/www.automakersnews.cz\/index.php\/wp-json\/wp\/v2\/media\/33669"}],"wp:attachment":[{"href":"https:\/\/www.automakersnews.cz\/index.php\/wp-json\/wp\/v2\/media?parent=32153"}],"wp:term":[{"taxonomy":"category","embeddable":true,"href":"https:\/\/www.automakersnews.cz\/index.php\/wp-json\/wp\/v2\/categories?post=32153"},{"taxonomy":"post_tag","embeddable":true,"href":"https:\/\/www.automakersnews.cz\/index.php\/wp-json\/wp\/v2\/tags?post=32153"}],"curies":[{"name":"wp","href":"https:\/\/api.w.org\/{rel}","templated":true}]}}