{"id":322,"date":"2022-08-02T14:27:19","date_gmt":"2022-08-02T14:27:19","guid":{"rendered":"http:\/\/www.automakersnews.cz\/?p=322"},"modified":"2022-08-02T14:27:48","modified_gmt":"2022-08-02T14:27:48","slug":"elektromobil-shorel-pri-nabijeni-hasici-vuz-chladi","status":"publish","type":"post","link":"https:\/\/www.automakersnews.cz\/index.php\/2022\/08\/02\/elektromobil-shorel-pri-nabijeni-hasici-vuz-chladi\/","title":{"rendered":"V Plzni sho\u0159el elektromobil p\u0159i nab\u00edjen\u00ed"},"content":{"rendered":"<p><strong>Osobn\u00ed auto Peugeot 106 na elektrick\u00fd pohon sho\u0159elo r\u00e1no u Zru\u010de-Sence na Plze\u0148sku. Bylo zaparkovan\u00e9 nedaleko Drahot\u00ednsk\u00e9ho rybn\u00edka a p\u0159i p\u0159\u00edjezdu hasi\u010d\u016f u\u017e bylo cel\u00e9 v plamenech.<\/strong><!--more--><\/p>\n<p>\u201eNa m\u00edst\u011b jsme zjistili, \u017ee vozidlo bylo p\u0159ed po\u017e\u00e1rem v re\u017eimu nab\u00edjen\u00ed,\u201c uvedl mluv\u010d\u00ed krajsk\u00fdch hasi\u010d\u016f Petr Poncar.<\/p>\n<p>Hasi\u010di se nejd\u0159\u00edve domn\u00edvali, \u017ee star\u0161\u00ed model vozidla Peugeot 106 m\u00e1 spalovac\u00ed motor. A\u017e v pr\u016fb\u011bhu ha\u0161en\u00ed se uk\u00e1zalo, \u017ee jde o elektromobil.<\/p>\n<div id=\"space-b\" class=\"col-a\">\n<div class=\"art-full\">\n<div data-io-article-url=\"https:\/\/www.idnes.cz\/plzen\/zpravy\/pozar-hasici-elektromobil-nabijeni-zruc-senec-plameny.A220801_103559_plzen-zpravy_vb\" data-article=\"A220801_103559_plzen-zpravy_vb\">\n<div id=\"opener-foto\" class=\"opener-foto not4bbtext\">\n<div class=\"relative \"><img loading=\"lazy\" decoding=\"async\" class=\"block\" title=\"Po\u017e\u00e1r elektromobilu na Plze\u0148sku zam\u011bstnal hasi\u010de. Plameny v\u016fz zcela zni\u010dily.\" src=\"https:\/\/1gr.cz\/fotky\/idnes\/22\/081\/cl5\/VB95236c_3014345559027_573609047826521701_n.jpg\" alt=\"Po\u017e\u00e1r elektromobilu na Plze\u0148sku zam\u011bstnal hasi\u010de. Plameny v\u016fz zcela zni\u010dily.\" width=\"560\" height=\"407\" \/><\/div>\n<p class=\"opener-foto-info\">Po\u017e\u00e1r elektromobilu na Plze\u0148sku zam\u011bstnal hasi\u010de. Plameny v\u016fz zcela zni\u010dily.\u00a0<span class=\"autor\">| foto:\u00a0HZS Plze\u0148sk\u00e9ho kraje<\/span><\/p>\n<\/div>\n<div id=\"art-text\" class=\"text\">\n<div class=\"bbtext\">\n<p>\u201eNa m\u00edst\u011b jsme zjistili, \u017ee vozidlo bylo p\u0159ed po\u017e\u00e1rem v re\u017eimu nab\u00edjen\u00ed,\u201c uvedl mluv\u010d\u00ed krajsk\u00fdch hasi\u010d\u016f Petr Poncar.<\/p>\n<p data-debug-redistribute=\"001. \/ 76px \/ 426\">Hasi\u010di se nejd\u0159\u00edve domn\u00edvali, \u017ee star\u0161\u00ed model vozidla Peugeot 106 m\u00e1 spalovac\u00ed motor. A\u017e v pr\u016fb\u011bhu ha\u0161en\u00ed se uk\u00e1zalo, \u017ee jde o elektromobil.<\/p>\n<table class=\"complete\" data-debug-redistribute=\"005. \/ 152px \/ 115\">\n<tbody>\n<tr>\n<td>\n<div class=\"imagelist imagelist-flex imagelist-fotogal4 imagelist-16ku9\">\n<div class=\"cell cell-first\"><a href=\"https:\/\/www.idnes.cz\/plzen\/zpravy\/pozar-hasici-elektromobil-nabijeni-zruc-senec-plameny.A220801_103559_plzen-zpravy_vb\/foto\/VB95236b_5814344919011_514811897658614793_n.jpg\"><samp class=\"imagespace\"><img decoding=\"async\" src=\"https:\/\/1gr.cz\/fotky\/idnes\/22\/081\/vidw\/VB95236b_5814344919011_514811897658614793_n.jpg\" alt=\"Po\u017e\u00e1r elektromobilu na Plze\u0148sku zam\u011bstnal hasi\u010de. Plameny v\u016fz zcela zni\u010dily.\" \/><\/samp><\/a><\/div>\n<div class=\"cell\"><a href=\"https:\/\/www.idnes.cz\/plzen\/zpravy\/pozar-hasici-elektromobil-nabijeni-zruc-senec-plameny.A220801_103559_plzen-zpravy_vb\/foto\/VB95236b_364345279020_2192727211597299138_n.jpg\"><samp class=\"imagespace\"><img decoding=\"async\" src=\"https:\/\/1gr.cz\/fotky\/idnes\/22\/081\/vidw\/VB95236b_364345279020_2192727211597299138_n.jpg\" alt=\"Po\u017e\u00e1r elektromobilu na Plze\u0148sku zam\u011bstnal hasi\u010de. Plameny v\u016fz zcela zni\u010dily.\" \/><\/samp><\/a><\/div>\n<div class=\"cell\"><a href=\"https:\/\/www.idnes.cz\/plzen\/zpravy\/pozar-hasici-elektromobil-nabijeni-zruc-senec-plameny.A220801_103559_plzen-zpravy_vb\/foto\/VB95236b_84344639004_6472870715280316506_n.jpg\"><samp class=\"imagespace\"><img decoding=\"async\" src=\"https:\/\/1gr.cz\/fotky\/idnes\/22\/081\/vidw\/VB95236b_84344639004_6472870715280316506_n.jpg\" alt=\"Po\u017e\u00e1r elektromobilu na Plze\u0148sku zam\u011bstnal hasi\u010de. Plameny v\u016fz zcela zni\u010dily.\" \/><\/samp><\/a><\/div>\n<div class=\"cell\">\n<p><a href=\"https:\/\/www.idnes.cz\/plzen\/zpravy\/pozar-hasici-elektromobil-nabijeni-zruc-senec-plameny.A220801_103559_plzen-zpravy_vb\/foto\"><samp class=\"imagespace\"><img decoding=\"async\" src=\"https:\/\/1gr.cz\/fotky\/idnes\/22\/081\/vidw\/VB952369_24344438999_9195854614247512651_n.jpg\" alt=\"Po\u017e\u00e1r elektromobilu na Plze\u0148sku zam\u011bstnal hasi\u010de. Plameny v\u016fz zcela zni\u010dily.\" \/><\/samp><\/a><\/p>\n<div class=\"more-gallery\">\n<div class=\"cell\"><\/div>\n<\/div>\n<\/div>\n<\/div>\n<\/td>\n<\/tr>\n<\/tbody>\n<\/table>\n<p data-debug-redistribute=\"006. \/ 296px \/ -94\">\u201eA ne ledajak\u00fd. \u0160lo o model, kter\u00fd vyr\u00e1b\u011bl koncern PSA v 90. letech jako Peugeot 106 Electric,\u201c upozornil Poncar.<\/p>\n<p data-debug-redistribute=\"002. \/ 372px \/ 395\">\u201eNejd\u0159\u00edve jsme srazili plamenn\u00e9 ho\u0159en\u00ed, ale proto\u017ee v\u016fz st\u00e1le generoval nap\u011bt\u00ed a pota\u017emo i teplo, nalo\u017eili jsme jej na kontejner a odvezli na stanici v Plzni na Ko\u0161utce, kde byl kontejner zaplaven vodou,\u201c popsal mluv\u010d\u00ed.<\/p>\n<p data-debug-redistribute=\"003. \/ 474px \/ 247\">P\u0159\u00ed\u010dinou po\u017e\u00e1ru byla technick\u00e1 z\u00e1vada na elektroinstalaci. V\u00fd\u0161i \u0161kody hasi\u010di p\u0159edb\u011b\u017en\u011b vy\u010d\u00edslili na 95 tis\u00edc korun.<\/p>\n<p data-debug-redistribute=\"004. \/ 550px \/ 136\">Po\u017e\u00e1rem se zab\u00fdvali tak\u00e9 policist\u00e9, kte\u0159\u00ed zji\u0161\u0165ovali, zda ne\u0161lo o auto se spalovac\u00edm motorem podom\u00e1cku p\u0159ed\u011blan\u00e9 na elektropohon. To se nakonec nepotvrdilo.<\/p>\n<\/div>\n<\/div>\n<\/div>\n<\/div>\n<\/div>\n","protected":false},"excerpt":{"rendered":"<div class=\"mh-excerpt\"><p>Osobn\u00ed auto Peugeot 106 na elektrick\u00fd pohon sho\u0159elo r\u00e1no u Zru\u010de-Sence na Plze\u0148sku. Bylo zaparkovan\u00e9 nedaleko Drahot\u00ednsk\u00e9ho rybn\u00edka a p\u0159i p\u0159\u00edjezdu hasi\u010d\u016f u\u017e bylo cel\u00e9 <a class=\"mh-excerpt-more\" href=\"https:\/\/www.automakersnews.cz\/index.php\/2022\/08\/02\/elektromobil-shorel-pri-nabijeni-hasici-vuz-chladi\/\" title=\"V Plzni sho\u0159el elektromobil p\u0159i nab\u00edjen\u00ed\">[&#8230;]<\/a><\/p>\n<\/div>","protected":false},"author":1,"featured_media":323,"comment_status":"open","ping_status":"open","sticky":false,"template":"","format":"standard","meta":{"footnotes":""},"categories":[22,2],"tags":[],"class_list":["post-322","post","type-post","status-publish","format-standard","has-post-thumbnail","hentry","category-elektromobily","category-news"],"_links":{"self":[{"href":"https:\/\/www.automakersnews.cz\/index.php\/wp-json\/wp\/v2\/posts\/322","targetHints":{"allow":["GET"]}}],"collection":[{"href":"https:\/\/www.automakersnews.cz\/index.php\/wp-json\/wp\/v2\/posts"}],"about":[{"href":"https:\/\/www.automakersnews.cz\/index.php\/wp-json\/wp\/v2\/types\/post"}],"author":[{"embeddable":true,"href":"https:\/\/www.automakersnews.cz\/index.php\/wp-json\/wp\/v2\/users\/1"}],"replies":[{"embeddable":true,"href":"https:\/\/www.automakersnews.cz\/index.php\/wp-json\/wp\/v2\/comments?post=322"}],"version-history":[{"count":0,"href":"https:\/\/www.automakersnews.cz\/index.php\/wp-json\/wp\/v2\/posts\/322\/revisions"}],"wp:featuredmedia":[{"embeddable":true,"href":"https:\/\/www.automakersnews.cz\/index.php\/wp-json\/wp\/v2\/media\/323"}],"wp:attachment":[{"href":"https:\/\/www.automakersnews.cz\/index.php\/wp-json\/wp\/v2\/media?parent=322"}],"wp:term":[{"taxonomy":"category","embeddable":true,"href":"https:\/\/www.automakersnews.cz\/index.php\/wp-json\/wp\/v2\/categories?post=322"},{"taxonomy":"post_tag","embeddable":true,"href":"https:\/\/www.automakersnews.cz\/index.php\/wp-json\/wp\/v2\/tags?post=322"}],"curies":[{"name":"wp","href":"https:\/\/api.w.org\/{rel}","templated":true}]}}